{"id":118628,"date":"2020-08-14T13:24:32","date_gmt":"2020-08-14T10:24:32","guid":{"rendered":"https:\/\/www.enerjigazetesi.ist\/?p=118628"},"modified":"2020-08-14T13:24:32","modified_gmt":"2020-08-14T10:24:32","slug":"almanyadan-temiz-enerji-donusumune-130-milyon-euroluk-tesvik-paketi","status":"publish","type":"post","link":"https:\/\/www.enerjigazetesi.ist\/en\/almanyadan-temiz-enerji-donusumune-130-milyon-euroluk-tesvik-paketi\/","title":{"rendered":"(Turkish) Almanya&#8217;dan Temiz Enerji D\u00f6n\u00fc\u015f\u00fcm\u00fcne 130 Milyon Euroluk Te\u015fvik Paketi!"},"content":{"rendered":"<p class=\"qtranxs-available-languages-message qtranxs-available-languages-message-en\">Sorry, this entry is only available in <a href=\"https:\/\/www.enerjigazetesi.ist\/tr\/wp-json\/wp\/v2\/posts\/118628\" class=\"qtranxs-available-language-link qtranxs-available-language-link-tr\" title=\"Turkish\">Turkish<\/a>. For the sake of viewer convenience, the content is shown below in the alternative language. You may click the link to switch the active language.<\/p><p><\/p>\n<h1><strong>Almanya taraf\u0131ndan \u00fclke ekonomisini canland\u0131rmak ve temiz enerji d\u00f6n\u00fc\u015f\u00fcm\u00fcn\u00fc <img loading=\"lazy\" class=\"alignright wp-image-118630\" src=\"https:\/\/www.enerjigazetesi.ist\/wp-content\/uploads\/2020\/08\/almanya-dan-temiz-enerji-donusumune-130-milyon-euroluk-tesvik-paketi.jpg\" alt=\"\" width=\"320\" height=\"232\" srcset=\"https:\/\/www.enerjigazetesi.ist\/wp-content\/uploads\/2020\/08\/almanya-dan-temiz-enerji-donusumune-130-milyon-euroluk-tesvik-paketi.jpg 673w, https:\/\/www.enerjigazetesi.ist\/wp-content\/uploads\/2020\/08\/almanya-dan-temiz-enerji-donusumune-130-milyon-euroluk-tesvik-paketi-300x218.jpg 300w, https:\/\/www.enerjigazetesi.ist\/wp-content\/uploads\/2020\/08\/almanya-dan-temiz-enerji-donusumune-130-milyon-euroluk-tesvik-paketi-500x363.jpg 500w, https:\/\/www.enerjigazetesi.ist\/wp-content\/uploads\/2020\/08\/almanya-dan-temiz-enerji-donusumune-130-milyon-euroluk-tesvik-paketi-69x50.jpg 69w\" sizes=\"(max-width: 320px) 100vw, 320px\" \/>desteklemek amac\u0131yla 130 milyon euroluk te\u015fvik paketi haz\u0131rland\u0131. <\/strong><\/h1>\n<p><strong>Almanya\u2019n\u0131n te\u015fvik paketi<\/strong>, i\u00e7 talebi art\u0131rmak i\u00e7in\u00a0<strong>katma de\u011fer vergisini d\u00fc\u015f\u00fcrmek<\/strong>, hane halk\u0131 ve k\u00fc\u00e7\u00fck i\u015fletmelere y\u00f6nelik\u00a0<strong>elektrik fiyatlar\u0131n\u0131n d\u00fc\u015f\u00fcr\u00fclmesi<\/strong> ve <strong>toplu ta\u015f\u0131ma<\/strong> i\u00e7in <strong>ek finansman sa\u011flanmas\u0131<\/strong> gibi \u00e7e\u015fitli d\u00fczenlemeleri de i\u00e7eriyor.<\/p>\n<p>Ayr\u0131ca <strong>mobilite<\/strong> ve <strong>hidrojen teknolojileri<\/strong>nin geli\u015fimi ve bu alandaki yat\u0131r\u0131mlar i\u00e7in de <strong>50 milyar avro<\/strong> de\u011ferinde bir <strong>\u201cgelecek paketi\u201d<\/strong> meydana getirilecek. Bu \u00f6nlemlerin baz\u0131lar\u0131 do\u011frudan <strong>h\u00fck\u00fcmet<\/strong> taraf\u0131ndan yap\u0131l\u0131rken bir k\u0131sm\u0131na y\u00f6nelik ise <strong>parlamento<\/strong> taraf\u0131ndan haz\u0131rlanmas\u0131 gereken <strong>yasal d\u00fczenlemeler<\/strong>\u00a0de yer al\u0131yor. Di\u011fer yandan, <strong>Almanya<\/strong>\u2019da <strong>yenilenebilir enerji kaynaklar\u0131<\/strong>n\u0131n pay\u0131 y\u00fcksek olmas\u0131na ra\u011fmen, bu kaynaklar\u0131n portf\u00f6y i\u00e7indeki pay\u0131n\u0131n <strong>daha fazla da y\u00fckseltilmesi<\/strong> hedefleniyor.<\/p>","protected":false},"excerpt":{"rendered":"<p>Sorry, this entry is only available in Turkish. For the sake of viewer convenience, the content is shown below in the alternative language. You may click the link to switch the active language. Almanya taraf\u0131ndan \u00fclke ekonomisini canland\u0131rmak ve temiz enerji d\u00f6n\u00fc\u015f\u00fcm\u00fcn\u00fc desteklemek amac\u0131yla 130 milyon euroluk te\u015fvik paketi haz\u0131rland\u0131. Almanya\u2019n\u0131n te\u015fvik paketi, i\u00e7 talebi [&hellip;]<\/p>\n","protected":false},"author":1,"featured_media":118630,"comment_status":"open","ping_status":"open","sticky":false,"template":"","format":"standard","meta":[],"categories":[51,53,49],"tags":[929,77627,77623,343,77475,52259,53157,77625,77624,20721,77626,45078,54979,31931],"views":113,"_links":{"self":[{"href":"https:\/\/www.enerjigazetesi.ist\/en\/wp-json\/wp\/v2\/posts\/118628"}],"collection":[{"href":"https:\/\/www.enerjigazetesi.ist\/en\/wp-json\/wp\/v2\/posts"}],"about":[{"href":"https:\/\/www.enerjigazetesi.ist\/en\/wp-json\/wp\/v2\/types\/post"}],"author":[{"embeddable":true,"href":"https:\/\/www.enerjigazetesi.ist\/en\/wp-json\/wp\/v2\/users\/1"}],"replies":[{"embeddable":true,"href":"https:\/\/www.enerjigazetesi.ist\/en\/wp-json\/wp\/v2\/comments?post=118628"}],"version-history":[{"count":0,"href":"https:\/\/www.enerjigazetesi.ist\/en\/wp-json\/wp\/v2\/posts\/118628\/revisions"}],"wp:featuredmedia":[{"embeddable":true,"href":"https:\/\/www.enerjigazetesi.ist\/en\/wp-json\/wp\/v2\/media\/118630"}],"wp:attachment":[{"href":"https:\/\/www.enerjigazetesi.ist\/en\/wp-json\/wp\/v2\/media?parent=118628"}],"wp:term":[{"taxonomy":"category","embeddable":true,"href":"https:\/\/www.enerjigazetesi.ist\/en\/wp-json\/wp\/v2\/categories?post=118628"},{"taxonomy":"post_tag","embeddable":true,"href":"https:\/\/www.enerjigazetesi.ist\/en\/wp-json\/wp\/v2\/tags?post=118628"}],"curies":[{"name":"wp","href":"https:\/\/api.w.org\/{rel}","templated":true}]}}