{"id":118544,"date":"2020-08-12T15:40:20","date_gmt":"2020-08-12T12:40:20","guid":{"rendered":"https:\/\/www.enerjigazetesi.ist\/?p=118544"},"modified":"2020-08-12T15:43:38","modified_gmt":"2020-08-12T12:43:38","slug":"yenilenebilir-enerji-ve-verimliligi-destekleme-programi-nda-turkiye-1inci-ligi","status":"publish","type":"post","link":"https:\/\/www.enerjigazetesi.ist\/en\/yenilenebilir-enerji-ve-verimliligi-destekleme-programi-nda-turkiye-1inci-ligi\/","title":{"rendered":"(Turkish) Malatya \u0130n\u00f6n\u00fc \u00dcniversitesi&#8217;nden T\u00fcrkiye 1\u2019incili\u011fi!"},"content":{"rendered":"<p class=\"qtranxs-available-languages-message qtranxs-available-languages-message-en\">Sorry, this entry is only available in <a href=\"https:\/\/www.enerjigazetesi.ist\/tr\/wp-json\/wp\/v2\/posts\/118544\" class=\"qtranxs-available-language-link qtranxs-available-language-link-tr\" title=\"Turkish\">Turkish<\/a>. For the sake of viewer convenience, the content is shown below in the alternative language. You may click the link to switch the active language.<\/p><p><\/p>\n<h1><strong>Malatya \u0130n\u00f6n\u00fc \u00dcniversitesi, 2020 enerji verimlili\u011fi projelerinde, yenilenebilir enerji ve enerji verimlili\u011fi destekleme program\u0131na y\u00f6nelik s\u0131ralamada T\u00fcrkiye 1\u2019incisi oldu.<\/strong><\/h1>\n<p>\u0130n\u00f6n\u00fc \u00dcniversitesi Rekt\u00f6r\u00fc <strong>Prof. Dr. Ahmet K\u0131z\u0131lay<\/strong>, sosyal medya hesab\u0131ndan yapt\u0131\u011f\u0131 a\u00e7\u0131klamada, \u201cEnerji ve Tabi Kaynaklar Bakanl\u0131\u011f\u0131 taraf\u0131ndan yay\u0131mlanan <strong>Ulusal Enerji Verimlili\u011fi Eylem Plan\u0131<\/strong> <img loading=\"lazy\" class=\"alignright wp-image-118549\" src=\"https:\/\/www.enerjigazetesi.ist\/wp-content\/uploads\/2020\/08\/yenilenebilir-enerji-ve-verimliligi-destekleme-programi-nda-turkiye-1inci-ligi.jpg\" alt=\"\" width=\"320\" height=\"192\" srcset=\"https:\/\/www.enerjigazetesi.ist\/wp-content\/uploads\/2020\/08\/yenilenebilir-enerji-ve-verimliligi-destekleme-programi-nda-turkiye-1inci-ligi.jpg 1000w, https:\/\/www.enerjigazetesi.ist\/wp-content\/uploads\/2020\/08\/yenilenebilir-enerji-ve-verimliligi-destekleme-programi-nda-turkiye-1inci-ligi-300x180.jpg 300w, https:\/\/www.enerjigazetesi.ist\/wp-content\/uploads\/2020\/08\/yenilenebilir-enerji-ve-verimliligi-destekleme-programi-nda-turkiye-1inci-ligi-768x461.jpg 768w, https:\/\/www.enerjigazetesi.ist\/wp-content\/uploads\/2020\/08\/yenilenebilir-enerji-ve-verimliligi-destekleme-programi-nda-turkiye-1inci-ligi-500x300.jpg 500w, https:\/\/www.enerjigazetesi.ist\/wp-content\/uploads\/2020\/08\/yenilenebilir-enerji-ve-verimliligi-destekleme-programi-nda-turkiye-1inci-ligi-80x48.jpg 80w\" sizes=\"(max-width: 320px) 100vw, 320px\" \/>kapsam\u0131nda \u00fcniversitemizin <strong>Yap\u0131 \u0130\u015fleri ve Teknik Daire Ba\u015fkanl\u0131\u011f\u0131<\/strong> b\u00fcnyesinde <strong>enerji \u00fcretimi ve verimlili\u011fi birimi<\/strong> bu y\u0131l olu\u015fturulmu\u015ftur\u201d ifadelerini kulland\u0131.<\/p>\n<p>Ayr\u0131ca K\u0131z\u0131lay, \u00fcniversitenin<strong> enerji verimlili\u011fi<\/strong> ve<strong> su y\u00f6netimi \u00e7al\u0131\u015fmalar\u0131<\/strong> hakk\u0131nda <span style=\"text-decoration: underline;\">\u015fu bilgileri de payla\u015ft\u0131:<\/span> \u201c<strong>\u0130n\u00f6n\u00fc \u00dcniversitesi<\/strong> olarak <strong>2020 enerji verimlili\u011fi projeleri<\/strong>nde, <strong>yenilenebilir enerji<\/strong> ve <strong>enerji verimlili\u011fi destekleme program\u0131<\/strong> s\u0131ralamas\u0131nda T\u00fcrkiye <strong>1\u2019incisi<\/strong> olduk.<strong> Su t\u00fcketimi<\/strong>nin tamamen <strong>\u00f6z kaynaklar\u0131m\u0131zdan<\/strong> kar\u015f\u0131lanmas\u0131yla su faturalar\u0131nda y\u0131l\u0131k yakla\u015f\u0131k 4<strong> milyon lira tasarruf<\/strong> elde edilmi\u015ftir. Scada sayesinde <strong>su kuyular\u0131<\/strong> ve <strong>depolar\u0131nda<\/strong> bulunan <strong>motorlar\u0131n \u00e7al\u0131\u015fma s\u00fcreleri<\/strong>nde<strong> % 69<\/strong> oran\u0131nda tasarruf sa\u011flanm\u0131\u015ft\u0131r. Bu da <strong>elektrik t\u00fcketimi<\/strong>nin <strong>% 63<\/strong> oran\u0131nda ve y\u0131ll\u0131k yakla\u015f\u0131k <strong>800 bin TL civar\u0131nda<\/strong> tasarruf elde edilmesini sa\u011flam\u0131\u015ft\u0131r. <strong>Su \u00fcretimi<\/strong>nde yakla\u015f\u0131k <strong>% 67<\/strong> tasarruf yap\u0131lm\u0131\u015ft\u0131r. <strong>Temel seviye s\u0131f\u0131r at\u0131k belgesi<\/strong> al\u0131nd\u0131\u201d.<\/p>\n<p style=\"text-align: center;\"><img loading=\"lazy\" class=\"aligncenter wp-image-118547\" src=\"https:\/\/www.enerjigazetesi.ist\/wp-content\/uploads\/2020\/08\/yenilenebilir-enerji-ve-verimliligi-destekleme-programinda-turkiye-1inciligi.jpg\" alt=\"\" width=\"600\" height=\"840\" srcset=\"https:\/\/www.enerjigazetesi.ist\/wp-content\/uploads\/2020\/08\/yenilenebilir-enerji-ve-verimliligi-destekleme-programinda-turkiye-1inciligi.jpg 857w, https:\/\/www.enerjigazetesi.ist\/wp-content\/uploads\/2020\/08\/yenilenebilir-enerji-ve-verimliligi-destekleme-programinda-turkiye-1inciligi-214x300.jpg 214w, https:\/\/www.enerjigazetesi.ist\/wp-content\/uploads\/2020\/08\/yenilenebilir-enerji-ve-verimliligi-destekleme-programinda-turkiye-1inciligi-768x1075.jpg 768w, https:\/\/www.enerjigazetesi.ist\/wp-content\/uploads\/2020\/08\/yenilenebilir-enerji-ve-verimliligi-destekleme-programinda-turkiye-1inciligi-731x1024.jpg 731w, https:\/\/www.enerjigazetesi.ist\/wp-content\/uploads\/2020\/08\/yenilenebilir-enerji-ve-verimliligi-destekleme-programinda-turkiye-1inciligi-286x400.jpg 286w, https:\/\/www.enerjigazetesi.ist\/wp-content\/uploads\/2020\/08\/yenilenebilir-enerji-ve-verimliligi-destekleme-programinda-turkiye-1inciligi-36x50.jpg 36w\" sizes=\"(max-width: 600px) 100vw, 600px\" \/><\/p>\n<p><\/p>","protected":false},"excerpt":{"rendered":"<p>Sorry, this entry is only available in Turkish. For the sake of viewer convenience, the content is shown below in the alternative language. You may click the link to switch the active language. Malatya \u0130n\u00f6n\u00fc \u00dcniversitesi, 2020 enerji verimlili\u011fi projelerinde, yenilenebilir enerji ve enerji verimlili\u011fi destekleme program\u0131na y\u00f6nelik s\u0131ralamada T\u00fcrkiye 1\u2019incisi oldu. \u0130n\u00f6n\u00fc \u00dcniversitesi Rekt\u00f6r\u00fc [&hellip;]<\/p>\n","protected":false},"author":1,"featured_media":118549,"comment_status":"open","ping_status":"open","sticky":false,"template":"","format":"standard","meta":[],"categories":[51,53,52],"tags":[52259,49436,6850,33872,26559,614,77563,1635,10055,5843,51187,57125,77562,24245,793,77560,77561],"views":269,"_links":{"self":[{"href":"https:\/\/www.enerjigazetesi.ist\/en\/wp-json\/wp\/v2\/posts\/118544"}],"collection":[{"href":"https:\/\/www.enerjigazetesi.ist\/en\/wp-json\/wp\/v2\/posts"}],"about":[{"href":"https:\/\/www.enerjigazetesi.ist\/en\/wp-json\/wp\/v2\/types\/post"}],"author":[{"embeddable":true,"href":"https:\/\/www.enerjigazetesi.ist\/en\/wp-json\/wp\/v2\/users\/1"}],"replies":[{"embeddable":true,"href":"https:\/\/www.enerjigazetesi.ist\/en\/wp-json\/wp\/v2\/comments?post=118544"}],"version-history":[{"count":0,"href":"https:\/\/www.enerjigazetesi.ist\/en\/wp-json\/wp\/v2\/posts\/118544\/revisions"}],"wp:featuredmedia":[{"embeddable":true,"href":"https:\/\/www.enerjigazetesi.ist\/en\/wp-json\/wp\/v2\/media\/118549"}],"wp:attachment":[{"href":"https:\/\/www.enerjigazetesi.ist\/en\/wp-json\/wp\/v2\/media?parent=118544"}],"wp:term":[{"taxonomy":"category","embeddable":true,"href":"https:\/\/www.enerjigazetesi.ist\/en\/wp-json\/wp\/v2\/categories?post=118544"},{"taxonomy":"post_tag","embeddable":true,"href":"https:\/\/www.enerjigazetesi.ist\/en\/wp-json\/wp\/v2\/tags?post=118544"}],"curies":[{"name":"wp","href":"https:\/\/api.w.org\/{rel}","templated":true}]}}