{"id":11843,"date":"2013-06-13T10:27:23","date_gmt":"2013-06-13T07:27:23","guid":{"rendered":"https:\/\/www.enerjigazetesi.ist\/?p=11843"},"modified":"2013-06-13T10:27:23","modified_gmt":"2013-06-13T07:27:23","slug":"inonu-universitesi-turkiyenin-en-buyuk-gunes-tarlasini-kuruyor","status":"publish","type":"post","link":"https:\/\/www.enerjigazetesi.ist\/en\/inonu-universitesi-turkiyenin-en-buyuk-gunes-tarlasini-kuruyor\/","title":{"rendered":"(Turkish) \u0130n\u00f6n\u00fc \u00dcniversitesi T\u00fcrkiye\u2019nin en B\u00fcy\u00fck G\u00fcne\u015f Tarlas\u0131n\u0131 Kuruyor!"},"content":{"rendered":"<p class=\"qtranxs-available-languages-message qtranxs-available-languages-message-en\">Sorry, this entry is only available in <a href=\"https:\/\/www.enerjigazetesi.ist\/tr\/wp-json\/wp\/v2\/posts\/11843\" class=\"qtranxs-available-language-link qtranxs-available-language-link-tr\" title=\"Turkish\">Turkish<\/a>. For the sake of viewer convenience, the content is shown below in the alternative language. You may click the link to switch the active language.<\/p><p><strong>Malatya \u0130n\u00f6n\u00fc \u00dcniversitesi, g\u00fcne\u015f tarlas\u0131 kurarak Turgut \u00d6zal T\u0131p Merkezi\u2019nin elektrik ihtiyac\u0131n\u0131n y\u00fczde 30\u2019unu kar\u015f\u0131lamay\u0131 planl\u0131yor.<\/strong><\/p>\n<p><a href=\"https:\/\/www.enerjigazetesi.ist\/wp-content\/uploads\/2013\/02\/karsiyaka-gunes-enerji-tarlalari.png\"><img loading=\"lazy\" class=\"alignright size-medium wp-image-6205\" title=\"t\u00fcrkiye-nin-en-b\u00fcy\u00fck-gunes-enerji-tarlalari-in\u00f6n\u00fc-\u00fcniversitesi\" src=\"https:\/\/www.enerjigazetesi.ist\/wp-content\/uploads\/2013\/02\/karsiyaka-gunes-enerji-tarlalari-300x201.png\" alt=\"\" width=\"300\" height=\"201\" srcset=\"https:\/\/www.enerjigazetesi.ist\/wp-content\/uploads\/2013\/02\/karsiyaka-gunes-enerji-tarlalari-300x201.png 300w, https:\/\/www.enerjigazetesi.ist\/wp-content\/uploads\/2013\/02\/karsiyaka-gunes-enerji-tarlalari-74x50.png 74w, https:\/\/www.enerjigazetesi.ist\/wp-content\/uploads\/2013\/02\/karsiyaka-gunes-enerji-tarlalari.png 500w\" sizes=\"(max-width: 300px) 100vw, 300px\" \/><\/a>\u0130n\u00f6n\u00fc \u00dcniversitesi Rekt\u00f6r\u00fc Prof. Dr. Cemil \u00c7elik, kapal\u0131 bir sistemle in\u015fa edilen T\u0131p Fak\u00fcltesi Turgut \u00d6zal T\u0131p Merkezi\u2019nin havaland\u0131rma, klima, elektronik sistemlerinin ciddi miktarda enerji sarfetti\u011fini belirtti. \u0130htiyac\u0131n bir k\u0131sm\u0131n\u0131 yenilenebilir enerji kaynaklar\u0131yla sa\u011flayabilmek amac\u0131yla \u00e7al\u0131\u015fma ba\u015flatt\u0131klar\u0131n\u0131 anlatan Prof. Dr. \u00c7elik, bu \u00e7er\u00e7evede Enerji ve Tabi Kaynaklar\u0131 Bakanl\u0131\u011f\u0131\u2019ndan al\u0131nan izinle yerle\u015fkenin g\u00fcneyindeki 400 dekarl\u0131k alan \u00fczerinde g\u00fcne\u015f tarlas\u0131 olu\u015fturmay\u0131 planlad\u0131klar\u0131n\u0131 ifade etti.<\/p>\n<p>T\u00fcrkiye\u2019nin halihaz\u0131rda en b\u00fcy\u00fck g\u00fcne\u015f tarlas\u0131 olacak alanda 5 megawatl\u0131k enerji \u00fcretilece\u011finin alt\u0131n\u0131 \u00e7izen \u00c7elik, b\u00f6ylece Turgut \u00d6zal T\u0131p Merkezi\u2019nin enerji ihtiyac\u0131n\u0131n kar\u015f\u0131lanaca\u011f\u0131n\u0131 kaydetti. \u00c7elik, \u201c\u0130halemiz yap\u0131ld\u0131. Teknik ekipler ihaleyi de\u011ferlendiriyor. Onaylanmas\u0131n\u0131n ard\u0131ndan 6 ay i\u00e7inde g\u00fcne\u015f panelleri yerle\u015ftirilecek ve enerji \u00fcretilmeye ba\u015flayacak. Sistem maliyetini 6 y\u0131lda amorti edecek. 20 y\u0131la yak\u0131n s\u00fcre g\u00fcne\u015ften enerji \u00fcretilebilecek\u201d dedi.<\/p>\n<p>Kaynak: <a href=\"http:\/\/enerjienstitusu.com\/2013\/06\/13\/inonu-universitesi-turkiyenin-en-buyuk-gunes-tarlasini-kuruyor\/\" target=\"_blank\">Enerji Enstit\u00fcs\u00fc<\/a><\/p>","protected":false},"excerpt":{"rendered":"<p>Sorry, this entry is only available in Turkish. For the sake of viewer convenience, the content is shown below in the alternative language. You may click the link to switch the active language.Malatya \u0130n\u00f6n\u00fc \u00dcniversitesi, g\u00fcne\u015f tarlas\u0131 kurarak Turgut \u00d6zal T\u0131p Merkezi\u2019nin elektrik ihtiyac\u0131n\u0131n y\u00fczde 30\u2019unu kar\u015f\u0131lamay\u0131 planl\u0131yor. \u0130n\u00f6n\u00fc \u00dcniversitesi Rekt\u00f6r\u00fc Prof. Dr. Cemil \u00c7elik, [&hellip;]<\/p>\n","protected":false},"author":1,"featured_media":6205,"comment_status":"open","ping_status":"open","sticky":false,"template":"","format":"standard","meta":[],"categories":[53,49],"tags":[5913,1478,63,67,165,18,227,13,108,2275,5843,5912],"views":2188,"_links":{"self":[{"href":"https:\/\/www.enerjigazetesi.ist\/en\/wp-json\/wp\/v2\/posts\/11843"}],"collection":[{"href":"https:\/\/www.enerjigazetesi.ist\/en\/wp-json\/wp\/v2\/posts"}],"about":[{"href":"https:\/\/www.enerjigazetesi.ist\/en\/wp-json\/wp\/v2\/types\/post"}],"author":[{"embeddable":true,"href":"https:\/\/www.enerjigazetesi.ist\/en\/wp-json\/wp\/v2\/users\/1"}],"replies":[{"embeddable":true,"href":"https:\/\/www.enerjigazetesi.ist\/en\/wp-json\/wp\/v2\/comments?post=11843"}],"version-history":[{"count":2,"href":"https:\/\/www.enerjigazetesi.ist\/en\/wp-json\/wp\/v2\/posts\/11843\/revisions"}],"predecessor-version":[{"id":11845,"href":"https:\/\/www.enerjigazetesi.ist\/en\/wp-json\/wp\/v2\/posts\/11843\/revisions\/11845"}],"wp:featuredmedia":[{"embeddable":true,"href":"https:\/\/www.enerjigazetesi.ist\/en\/wp-json\/wp\/v2\/media\/6205"}],"wp:attachment":[{"href":"https:\/\/www.enerjigazetesi.ist\/en\/wp-json\/wp\/v2\/media?parent=11843"}],"wp:term":[{"taxonomy":"category","embeddable":true,"href":"https:\/\/www.enerjigazetesi.ist\/en\/wp-json\/wp\/v2\/categories?post=11843"},{"taxonomy":"post_tag","embeddable":true,"href":"https:\/\/www.enerjigazetesi.ist\/en\/wp-json\/wp\/v2\/tags?post=11843"}],"curies":[{"name":"wp","href":"https:\/\/api.w.org\/{rel}","templated":true}]}}