{"id":11841,"date":"2013-06-13T10:02:14","date_gmt":"2013-06-13T07:02:14","guid":{"rendered":"https:\/\/www.enerjigazetesi.ist\/?p=11841"},"modified":"2013-06-13T10:02:14","modified_gmt":"2013-06-13T07:02:14","slug":"iea-petrol-arzi-baski-altina-girebilir","status":"publish","type":"post","link":"https:\/\/www.enerjigazetesi.ist\/en\/iea-petrol-arzi-baski-altina-girebilir\/","title":{"rendered":"(Turkish) IEA: Petrol Arz\u0131 Bask\u0131 Alt\u0131na Girebilir"},"content":{"rendered":"<p class=\"qtranxs-available-languages-message qtranxs-available-languages-message-en\">Sorry, this entry is only available in <a href=\"https:\/\/www.enerjigazetesi.ist\/tr\/wp-json\/wp\/v2\/posts\/11841\" class=\"qtranxs-available-language-link qtranxs-available-language-link-tr\" title=\"Turkish\">Turkish<\/a>. For the sake of viewer convenience, the content is shown below in the alternative language. You may click the link to switch the active language.<\/p><p><strong>Uluslararas\u0131 Enerji Ajans\u0131 (IEA) taraf\u0131ndan bug\u00fcn a\u00e7\u0131klanan ayl\u0131k raporda gelecek aylarda rafineri kapasitelerinde g\u00f6r\u00fclebilecek h\u0131zl\u0131 bir art\u0131\u015f\u0131n petrol piyasalar\u0131nda arz-talep dengesini etkileyebilece\u011fi belirtildi.<\/strong><\/p>\n<p>Paris merkezli IEA, raporunda 2013\u2032\u00fcn ikinci ve \u00fc\u00e7\u00fcnc\u00fc \u00e7eyreklerinde rafinerilerde i\u015flenen petrol\u00fcn 2.2 milyon varil artarak g\u00fcnde 77 milyon varile y\u00fckselebilece\u011fi a\u00e7\u0131kland\u0131.<\/p>\n<p>Beklentinin ger\u00e7ekle\u015fmesi durumunda petrol \u00fcr\u00fcnlerine olan talep tahmininin a\u015f\u0131laca\u011f\u0131na dikkat \u00e7eken IEA, stoklar\u0131n artaca\u011f\u0131 ve rafineri sahiplerinin kar marjlar\u0131n\u0131n d\u00fc\u015febilece\u011fi uyar\u0131s\u0131nda bulundu.<\/p>\n<p>Rafineri kapasitelerindeki art\u0131\u015f\u0131n, d\u00fc\u015f\u00fck kapasite kullan\u0131m oranlar\u0131 ile dengelenebilece\u011finin savunuldu\u011fu raporda, aksi takdirde ham petrol arz\u0131n\u0131n piyasada denge yeniden sa\u011flanana kadar talep ile uyum g\u00f6stermekte zorlanabilece\u011fi belirtildi.<\/p>\n<p><a href=\"https:\/\/www.enerjigazetesi.ist\/wp-content\/uploads\/2013\/01\/petrol-arama-yeni-petrol-kanunu-tasarisi-505x280.jpg\"><img loading=\"lazy\" class=\"alignleft size-medium wp-image-5753\" title=\"iea-petrol-arz\u0131-bask\u0131-alt\u0131na-girebilir\" src=\"https:\/\/www.enerjigazetesi.ist\/wp-content\/uploads\/2013\/01\/petrol-arama-yeni-petrol-kanunu-tasarisi-505x280-300x166.jpg\" alt=\"\" width=\"300\" height=\"166\" srcset=\"https:\/\/www.enerjigazetesi.ist\/wp-content\/uploads\/2013\/01\/petrol-arama-yeni-petrol-kanunu-tasarisi-505x280-300x166.jpg 300w, https:\/\/www.enerjigazetesi.ist\/wp-content\/uploads\/2013\/01\/petrol-arama-yeni-petrol-kanunu-tasarisi-505x280-500x277.jpg 500w, https:\/\/www.enerjigazetesi.ist\/wp-content\/uploads\/2013\/01\/petrol-arama-yeni-petrol-kanunu-tasarisi-505x280-80x44.jpg 80w, https:\/\/www.enerjigazetesi.ist\/wp-content\/uploads\/2013\/01\/petrol-arama-yeni-petrol-kanunu-tasarisi-505x280.jpg 505w\" sizes=\"(max-width: 300px) 100vw, 300px\" \/><\/a>Bat\u0131 \u00fclkelerinin \u0130ran\u2019a uygulad\u0131\u011f\u0131 yapt\u0131r\u0131mlar nedeniyle \u0130ran\u2019\u0131n yapt\u0131\u011f\u0131 petrol ihracat\u0131 bask\u0131 alt\u0131nda. ABD Kongresi, ay ba\u015f\u0131nda Tahran\u2019\u0131n n\u00fckleer program\u0131na finansman kayna\u011f\u0131 bulmas\u0131n\u0131 zorla\u015ft\u0131rmak i\u00e7in yapt\u0131r\u0131mlar\u0131 g\u00fc\u00e7lendirmeyi planlad\u0131\u011f\u0131n\u0131 a\u00e7\u0131klam\u0131\u015ft\u0131.<\/p>\n<p>\u00c7in\u2019in ithalat tahmini revize edildi<br \/>\nIEA\u2019n\u0131n ayl\u0131k raporunda \u00c7in\u2019in yapaca\u011f\u0131 petrol ithalat\u0131na ili\u015fkin tahminler de a\u015fa\u011f\u0131 \u00e7ekildi.<\/p>\n<p>D\u00fcnyan\u0131n en b\u00fcy\u00fck ikinci ekonomisi olan \u00c7in\u2019in petrolde d\u0131\u015fa ba\u011f\u0131ml\u0131 olmas\u0131 nedeniyle bu y\u00f6ndeki bir de\u011fi\u015fim, d\u00fcnya petrol piyasalar\u0131n\u0131 yak\u0131ndan ilgilendirecektir. \u00c7in h\u00fck\u00fcmetinden Ocak ay\u0131nda yap\u0131lan a\u00e7\u0131klamada \u00fclkede kullan\u0131lan petrol\u00fcn yakla\u015f\u0131k y\u00fczde 56\u2032s\u0131n\u0131n ithal edildi\u011fi belirtilmi\u015fti.<\/p>\n<p>IEA taraf\u0131ndan yay\u0131nlanan son petrol piyasalar\u0131 raporunda \u00c7in\u2019in 2013\u2032te petrol ihtiyac\u0131n\u0131n \u00f6nceki beklentilere ek olarak y\u00fczde 3,8\u2032lik y\u00fckseli\u015fle 365 bin varil artaca\u011f\u0131 tahmin edildi.<\/p>\n<p>IMF\u2019nin Nisan ay\u0131nda \u00c7in\u2019in 2013 y\u0131l\u0131na ili\u015fkin ekonomik b\u00fcy\u00fcme tahminini y\u00fczde 8\u2032den y\u00fczde 7,75\u2032e d\u00fc\u015f\u00fcrd\u00fc\u011f\u00fcn\u00fc hat\u0131rlatan IEA\u2019n\u0131n raporunda, \u201c\u00c7in\u2019de a\u00e7\u0131klanan son veriler, \u00c7in\u2019in petrol talebinin de\u011fi\u015fti\u011fi y\u00f6n\u00fcndeki g\u00f6r\u00fc\u015f\u00fcm\u00fcz\u00fc destekliyor\u201d denildi.<\/p>\n<p>\u00c7in\u2019in May\u0131s ay\u0131nda yapt\u0131\u011f\u0131 ham petrol ithalat\u0131 bir y\u0131l \u00f6nceye g\u00f6re y\u00fczde 6 gibi kayda de\u011fer bir oranda geriledi. G\u00fcnde 5.66 milyon varile gerileyen ham petrol ithalat\u0131 yine de Nisan ay\u0131na g\u00f6re hafif \u015fekilde y\u00fckselmi\u015f oldu.<\/p>\n<p>IEA\u2019dan verilen bilgilere g\u00f6re \u00c7in, Nisan ay\u0131nda \u0130ran\u2019dan 370 bin varil petrol ithal etmi\u015fti. May\u0131s ay\u0131nda ise ithalat 715 bin ile yakla\u015f\u0131k iki kat\u0131na \u00e7\u0131kt\u0131.<\/p>\n<p>\u00c7in\u2019in en fazla petrol ithalat\u0131 yapt\u0131\u011f\u0131 \u00fclke Suudi Arabistan. Ard\u0131ndan ise Angola ve Rusya geliyor.<\/p>\n<p>Kaynak: <a href=\"http:\/\/enerjienstitusu.com\/2013\/06\/13\/iea-petrol-arzi-baski-altina-girebilir\/\" target=\"_blank\">Enerji Enstit\u00fcs\u00fc<\/a><\/p>","protected":false},"excerpt":{"rendered":"<p>Sorry, this entry is only available in Turkish. For the sake of viewer convenience, the content is shown below in the alternative language. You may click the link to switch the active language.Uluslararas\u0131 Enerji Ajans\u0131 (IEA) taraf\u0131ndan bug\u00fcn a\u00e7\u0131klanan ayl\u0131k raporda gelecek aylarda rafineri kapasitelerinde g\u00f6r\u00fclebilecek h\u0131zl\u0131 bir art\u0131\u015f\u0131n petrol piyasalar\u0131nda arz-talep dengesini etkileyebilece\u011fi belirtildi. [&hellip;]<\/p>\n","protected":false},"author":1,"featured_media":5753,"comment_status":"open","ping_status":"open","sticky":false,"template":"","format":"standard","meta":[],"categories":[53,44],"tags":[63,67,165,59,79],"views":551,"_links":{"self":[{"href":"https:\/\/www.enerjigazetesi.ist\/en\/wp-json\/wp\/v2\/posts\/11841"}],"collection":[{"href":"https:\/\/www.enerjigazetesi.ist\/en\/wp-json\/wp\/v2\/posts"}],"about":[{"href":"https:\/\/www.enerjigazetesi.ist\/en\/wp-json\/wp\/v2\/types\/post"}],"author":[{"embeddable":true,"href":"https:\/\/www.enerjigazetesi.ist\/en\/wp-json\/wp\/v2\/users\/1"}],"replies":[{"embeddable":true,"href":"https:\/\/www.enerjigazetesi.ist\/en\/wp-json\/wp\/v2\/comments?post=11841"}],"version-history":[{"count":1,"href":"https:\/\/www.enerjigazetesi.ist\/en\/wp-json\/wp\/v2\/posts\/11841\/revisions"}],"predecessor-version":[{"id":11842,"href":"https:\/\/www.enerjigazetesi.ist\/en\/wp-json\/wp\/v2\/posts\/11841\/revisions\/11842"}],"wp:featuredmedia":[{"embeddable":true,"href":"https:\/\/www.enerjigazetesi.ist\/en\/wp-json\/wp\/v2\/media\/5753"}],"wp:attachment":[{"href":"https:\/\/www.enerjigazetesi.ist\/en\/wp-json\/wp\/v2\/media?parent=11841"}],"wp:term":[{"taxonomy":"category","embeddable":true,"href":"https:\/\/www.enerjigazetesi.ist\/en\/wp-json\/wp\/v2\/categories?post=11841"},{"taxonomy":"post_tag","embeddable":true,"href":"https:\/\/www.enerjigazetesi.ist\/en\/wp-json\/wp\/v2\/tags?post=11841"}],"curies":[{"name":"wp","href":"https:\/\/api.w.org\/{rel}","templated":true}]}}