{"id":118247,"date":"2020-08-07T12:07:02","date_gmt":"2020-08-07T09:07:02","guid":{"rendered":"https:\/\/www.enerjigazetesi.ist\/?p=118247"},"modified":"2020-08-07T12:07:02","modified_gmt":"2020-08-07T09:07:02","slug":"nova-nordisk-tum-uretim-sureclerinde-yenilenebilir-enerjiyi-kullanacak","status":"publish","type":"post","link":"https:\/\/www.enerjigazetesi.ist\/en\/nova-nordisk-tum-uretim-sureclerinde-yenilenebilir-enerjiyi-kullanacak\/","title":{"rendered":"(Turkish) &#8217;Nova Nordisk&#8217; T\u00fcm \u00dcretim S\u00fcre\u00e7lerinde Yenilenebilir Enerjiyi Kullanacak"},"content":{"rendered":"<p class=\"qtranxs-available-languages-message qtranxs-available-languages-message-en\">Sorry, this entry is only available in <a href=\"https:\/\/www.enerjigazetesi.ist\/tr\/wp-json\/wp\/v2\/posts\/118247\" class=\"qtranxs-available-language-link qtranxs-available-language-link-tr\" title=\"Turkish\">Turkish<\/a>. For the sake of viewer convenience, the content is shown below in the alternative language. You may click the link to switch the active language.<\/p><p><\/p>\n<h1>Danimarka men\u015feili ila\u00e7 firmas\u0131 Nova Nordisk taraf\u0131ndan t\u00fcm \u00fcretim tesislerinde yaln\u0131zca yenilenebilir elektrik kullan\u0131laca\u011f\u0131 belirtilirken 2015&#8217;de <strong>\u0130klim Grubu RE100 Giri\u015fimi<\/strong>\u2019nde yerini alan Nova Nordisk, 2020&#8217;nin sonuna kadar t\u00fcm tesislerinde % <img loading=\"lazy\" class=\"alignright wp-image-118249\" src=\"https:\/\/www.enerjigazetesi.ist\/wp-content\/uploads\/2020\/08\/nova-nordisk-tum-uretim-sureclerinde-yenilenebilir-enerjiyi-kullanacak.jpg\" alt=\"\" width=\"320\" height=\"188\" srcset=\"https:\/\/www.enerjigazetesi.ist\/wp-content\/uploads\/2020\/08\/nova-nordisk-tum-uretim-sureclerinde-yenilenebilir-enerjiyi-kullanacak.jpg 730w, https:\/\/www.enerjigazetesi.ist\/wp-content\/uploads\/2020\/08\/nova-nordisk-tum-uretim-sureclerinde-yenilenebilir-enerjiyi-kullanacak-300x176.jpg 300w, https:\/\/www.enerjigazetesi.ist\/wp-content\/uploads\/2020\/08\/nova-nordisk-tum-uretim-sureclerinde-yenilenebilir-enerjiyi-kullanacak-500x293.jpg 500w, https:\/\/www.enerjigazetesi.ist\/wp-content\/uploads\/2020\/08\/nova-nordisk-tum-uretim-sureclerinde-yenilenebilir-enerjiyi-kullanacak-80x47.jpg 80w\" sizes=\"(max-width: 320px) 100vw, 320px\" \/>100 yenilenebilir enerji kullan\u0131m\u0131na ge\u00e7meyi hedeflemektedir.<\/h1>\n<p><strong><em>Business Green<\/em>\u2019in<\/strong> haberine g\u00f6re, <strong>2030&#8217;a<\/strong> kadar <strong>t\u00fcm operasyonlarda<\/strong> ve <strong>kulland\u0131\u011f\u0131 ara\u00e7 filolar\u0131<\/strong>nda <strong>s\u0131f\u0131r emisyon hedefi<\/strong>ne ula\u015fmay\u0131 hedefleyen firma<strong> EV100 giri\u015fimi<\/strong>ne kat\u0131lan <strong>en son \u015firket<\/strong> olarak yerini ald\u0131.<\/p>\n<p>2030\u2019a kadar <strong>t\u00fcm operasyonlar\u0131<\/strong>nda ve <em>ta\u015f\u0131mada<\/em> <strong>s\u0131f\u0131r emisyon hedefine ula\u015fmay\u0131<\/strong> taahh\u00fct ettiklerin dile getiren <strong>Novo Nordisk<\/strong> CEO\u2019su <strong>Lars Fruergaard J\u00f8rgensen<\/strong>, \u201cT\u00fcm i\u015flerimizde dairesel bir zihniyet uygulayarak, <strong>Novo Nordisk<\/strong>\u2019in <strong>s\u0131f\u0131r \u00e7evresel etkiye<\/strong> sahip bir \u015firket olmas\u0131 i\u00e7in \u00e7al\u0131\u015f\u0131yoruz.\u201d ifadelerini kulland\u0131.<\/p>","protected":false},"excerpt":{"rendered":"<p>Sorry, this entry is only available in Turkish. For the sake of viewer convenience, the content is shown below in the alternative language. You may click the link to switch the active language. Danimarka men\u015feili ila\u00e7 firmas\u0131 Nova Nordisk taraf\u0131ndan t\u00fcm \u00fcretim tesislerinde yaln\u0131zca yenilenebilir elektrik kullan\u0131laca\u011f\u0131 belirtilirken 2015&#8217;de \u0130klim Grubu RE100 Giri\u015fimi\u2019nde yerini alan [&hellip;]<\/p>\n","protected":false},"author":1,"featured_media":118249,"comment_status":"open","ping_status":"open","sticky":false,"template":"","format":"standard","meta":[],"categories":[51,53,49],"tags":[77309,52259,77308,53157,56936,77306,77310,77312,77307,77311,45115,57125,37032,54979],"views":242,"_links":{"self":[{"href":"https:\/\/www.enerjigazetesi.ist\/en\/wp-json\/wp\/v2\/posts\/118247"}],"collection":[{"href":"https:\/\/www.enerjigazetesi.ist\/en\/wp-json\/wp\/v2\/posts"}],"about":[{"href":"https:\/\/www.enerjigazetesi.ist\/en\/wp-json\/wp\/v2\/types\/post"}],"author":[{"embeddable":true,"href":"https:\/\/www.enerjigazetesi.ist\/en\/wp-json\/wp\/v2\/users\/1"}],"replies":[{"embeddable":true,"href":"https:\/\/www.enerjigazetesi.ist\/en\/wp-json\/wp\/v2\/comments?post=118247"}],"version-history":[{"count":0,"href":"https:\/\/www.enerjigazetesi.ist\/en\/wp-json\/wp\/v2\/posts\/118247\/revisions"}],"wp:featuredmedia":[{"embeddable":true,"href":"https:\/\/www.enerjigazetesi.ist\/en\/wp-json\/wp\/v2\/media\/118249"}],"wp:attachment":[{"href":"https:\/\/www.enerjigazetesi.ist\/en\/wp-json\/wp\/v2\/media?parent=118247"}],"wp:term":[{"taxonomy":"category","embeddable":true,"href":"https:\/\/www.enerjigazetesi.ist\/en\/wp-json\/wp\/v2\/categories?post=118247"},{"taxonomy":"post_tag","embeddable":true,"href":"https:\/\/www.enerjigazetesi.ist\/en\/wp-json\/wp\/v2\/tags?post=118247"}],"curies":[{"name":"wp","href":"https:\/\/api.w.org\/{rel}","templated":true}]}}