{"id":118219,"date":"2020-08-06T14:47:14","date_gmt":"2020-08-06T11:47:14","guid":{"rendered":"https:\/\/www.enerjigazetesi.ist\/?p=118219"},"modified":"2020-08-06T14:47:38","modified_gmt":"2020-08-06T11:47:38","slug":"somali-madencilere-yonelik-kidem-ve-ihbar-tazminat-basvurulari-aliniyor","status":"publish","type":"post","link":"https:\/\/www.enerjigazetesi.ist\/en\/somali-madencilere-yonelik-kidem-ve-ihbar-tazminat-basvurulari-aliniyor\/","title":{"rendered":"(Turkish) Somal\u0131 Madencilere Y\u00f6nelik K\u0131dem ve \u0130hbar Tazminat Ba\u015fvurular\u0131 Al\u0131n\u0131yor"},"content":{"rendered":"<p class=\"qtranxs-available-languages-message qtranxs-available-languages-message-en\">Sorry, this entry is only available in <a href=\"https:\/\/www.enerjigazetesi.ist\/tr\/wp-json\/wp\/v2\/posts\/118219\" class=\"qtranxs-available-language-link qtranxs-available-language-link-tr\" title=\"Turkish\">Turkish<\/a>. For the sake of viewer convenience, the content is shown below in the alternative language. You may click the link to switch the active language.<\/p><p><\/p>\n<h1>Enerji ve Tabii Kaynaklar Bakan\u0131 Fatih D\u00f6nmez, I\u015f\u0131klar, Geventepe ve Atabacas\u0131 k\u00f6m\u00fcr oca\u011f\u0131nda \u00e7al\u0131\u015fan i\u015f\u00e7ilerin k\u0131dem ve ihbar tazminat ba\u015fvurular\u0131n\u0131n ba\u015flad\u0131\u011f\u0131n\u0131 belirterek ba\u015fvurular\u0131n 28 Eyl\u00fcl 2020&#8217;ye\u00a0kadar TK\u0130\u2019ye ba\u011fl\u0131 Ege Linyitleri \u0130\u015fletmesi M\u00fcd\u00fcrl\u00fc\u011f\u00fcne yap\u0131labilece\u011fini dile<img loading=\"lazy\" class=\"alignright wp-image-118221\" src=\"https:\/\/www.enerjigazetesi.ist\/wp-content\/uploads\/2020\/08\/somali-madencilere-yonelik-kidem-ve-ihbar-tazminat-basvurulari-aliniyor.jpg\" alt=\"\" width=\"320\" height=\"189\" srcset=\"https:\/\/www.enerjigazetesi.ist\/wp-content\/uploads\/2020\/08\/somali-madencilere-yonelik-kidem-ve-ihbar-tazminat-basvurulari-aliniyor.jpg 825w, https:\/\/www.enerjigazetesi.ist\/wp-content\/uploads\/2020\/08\/somali-madencilere-yonelik-kidem-ve-ihbar-tazminat-basvurulari-aliniyor-300x177.jpg 300w, https:\/\/www.enerjigazetesi.ist\/wp-content\/uploads\/2020\/08\/somali-madencilere-yonelik-kidem-ve-ihbar-tazminat-basvurulari-aliniyor-768x454.jpg 768w, https:\/\/www.enerjigazetesi.ist\/wp-content\/uploads\/2020\/08\/somali-madencilere-yonelik-kidem-ve-ihbar-tazminat-basvurulari-aliniyor-500x296.jpg 500w, https:\/\/www.enerjigazetesi.ist\/wp-content\/uploads\/2020\/08\/somali-madencilere-yonelik-kidem-ve-ihbar-tazminat-basvurulari-aliniyor-80x47.jpg 80w\" sizes=\"(max-width: 320px) 100vw, 320px\" \/> getirdi.<\/h1>\n<p>Bakan D\u00f6nmez yapt\u0131\u011f\u0131 a\u00e7\u0131klamada, <strong>Eynez k\u00f6m\u00fcr oca\u011f\u0131<\/strong>nda \u00e7al\u0131\u015f\u0131rken <strong>I\u015f\u0131klar, Geventepe<\/strong> ve <strong>Atabacas\u0131 maden ocaklar\u0131na<\/strong> aktar\u0131lan madencilerin <strong>k\u0131dem ve ihbar tazminat\u0131<\/strong> almalar\u0131 i\u00e7in ilgili kanun teklifinin <strong>T\u00fcrkiye B\u00fcy\u00fck Millet Meclisi\u2019nde<\/strong> kabul edildi\u011fini ve <strong>28 Temmuz\u2019da<\/strong> Resmi Gazete\u2019de yay\u0131mland\u0131\u011f\u0131n\u0131 hat\u0131rlatt\u0131.<\/p>\n<p>D\u00f6nmez, s\u00f6z konusu <strong>k\u00f6m\u00fcr ocaklar\u0131nda<\/strong> \u00e7al\u0131\u015fan madencilerin\u00a0tazminatlar\u0131n\u0131n ba\u015fvuruyu takip eden<strong> 6 ay i\u00e7inde<\/strong> \u00f6denece\u011fini ifade etti.<\/p>\n<p>Ba\u015fvuruda bulunarak tazminat almaya hak kazanan madencilerin \u00f6demelerinin s\u00fcratle yap\u0131laca\u011f\u0131n\u0131 belirten D\u00f6nmez, &#8220;<strong>Eynez k\u00f6m\u00fcr oca\u011f\u0131<\/strong>nda \u00e7al\u0131\u015fan ba\u015fvuruda bulunup <strong>tazminat almaya hak<\/strong> kazanan <strong>2 bin 50 madenci<\/strong>mize de toplamda <strong>36,2 milyon liral\u0131k<\/strong> <em>k\u0131dem ve ihbar tazminatlar\u0131<\/em>n\u0131 \u00f6dedik.\u00a0Madencilerimize d\u00fcn oldu\u011fu gibi bug\u00fcn de <strong>destek olmaya<\/strong>, <strong>haklar\u0131n\u0131 korumaya<\/strong> devam ediyoruz. Bakanl\u0131k olarak <strong>madenlerdeki denetim faaliyetlerimizi<\/strong> aral\u0131ks\u0131z s\u00fcrd\u00fcr\u00fcyoruz. <strong>Kanun teklifinin haz\u0131rlanmas\u0131<\/strong>nda ve <strong>y\u00fcr\u00fcrl\u00fc\u011fe girmesi<\/strong>nde eme\u011fi ge\u00e7enlere te\u015fekk\u00fcrlerimi iletiyorum. Hay\u0131rl\u0131, u\u011furlu olsun.&#8221; ifadelerini kulland\u0131.<\/p>","protected":false},"excerpt":{"rendered":"<p>Sorry, this entry is only available in Turkish. For the sake of viewer convenience, the content is shown below in the alternative language. You may click the link to switch the active language. Enerji ve Tabii Kaynaklar Bakan\u0131 Fatih D\u00f6nmez, I\u015f\u0131klar, Geventepe ve Atabacas\u0131 k\u00f6m\u00fcr oca\u011f\u0131nda \u00e7al\u0131\u015fan i\u015f\u00e7ilerin k\u0131dem ve ihbar tazminat ba\u015fvurular\u0131n\u0131n ba\u015flad\u0131\u011f\u0131n\u0131 belirterek [&hellip;]<\/p>\n","protected":false},"author":1,"featured_media":118221,"comment_status":"open","ping_status":"open","sticky":false,"template":"","format":"standard","meta":[],"categories":[51,53,24649],"tags":[77284,77281,1972,1635,18820,27530,77283,77285,77282,77286,67393,1718],"views":114,"_links":{"self":[{"href":"https:\/\/www.enerjigazetesi.ist\/en\/wp-json\/wp\/v2\/posts\/118219"}],"collection":[{"href":"https:\/\/www.enerjigazetesi.ist\/en\/wp-json\/wp\/v2\/posts"}],"about":[{"href":"https:\/\/www.enerjigazetesi.ist\/en\/wp-json\/wp\/v2\/types\/post"}],"author":[{"embeddable":true,"href":"https:\/\/www.enerjigazetesi.ist\/en\/wp-json\/wp\/v2\/users\/1"}],"replies":[{"embeddable":true,"href":"https:\/\/www.enerjigazetesi.ist\/en\/wp-json\/wp\/v2\/comments?post=118219"}],"version-history":[{"count":0,"href":"https:\/\/www.enerjigazetesi.ist\/en\/wp-json\/wp\/v2\/posts\/118219\/revisions"}],"wp:featuredmedia":[{"embeddable":true,"href":"https:\/\/www.enerjigazetesi.ist\/en\/wp-json\/wp\/v2\/media\/118221"}],"wp:attachment":[{"href":"https:\/\/www.enerjigazetesi.ist\/en\/wp-json\/wp\/v2\/media?parent=118219"}],"wp:term":[{"taxonomy":"category","embeddable":true,"href":"https:\/\/www.enerjigazetesi.ist\/en\/wp-json\/wp\/v2\/categories?post=118219"},{"taxonomy":"post_tag","embeddable":true,"href":"https:\/\/www.enerjigazetesi.ist\/en\/wp-json\/wp\/v2\/tags?post=118219"}],"curies":[{"name":"wp","href":"https:\/\/api.w.org\/{rel}","templated":true}]}}