{"id":118065,"date":"2020-08-04T12:37:59","date_gmt":"2020-08-04T09:37:59","guid":{"rendered":"https:\/\/www.enerjigazetesi.ist\/?p=118065"},"modified":"2020-08-04T12:56:54","modified_gmt":"2020-08-04T09:56:54","slug":"yenilenebilir-enerjiye-yapilan-her-yatirim-ihracatta-rekabet-gucu-demek","status":"publish","type":"post","link":"https:\/\/www.enerjigazetesi.ist\/en\/yenilenebilir-enerjiye-yapilan-her-yatirim-ihracatta-rekabet-gucu-demek\/","title":{"rendered":"(Turkish) \u201cYenilenebilir Enerjiye Her Yat\u0131r\u0131m \u0130hracatta Rekabet G\u00fcc\u00fc Demek&#8221;"},"content":{"rendered":"<p class=\"qtranxs-available-languages-message qtranxs-available-languages-message-en\">Sorry, this entry is only available in <a href=\"https:\/\/www.enerjigazetesi.ist\/tr\/wp-json\/wp\/v2\/posts\/118065\" class=\"qtranxs-available-language-link qtranxs-available-language-link-tr\" title=\"Turkish\">Turkish<\/a>. For the sake of viewer convenience, the content is shown below in the alternative language. You may click the link to switch the active language.<\/p><p><\/p>\n<h1>G\u00dcYAD Ba\u015fkan\u0131 Cem \u00d6zk\u00f6k, &#8220;Enerji sekt\u00f6r\u00fc bir lokomotif olmas\u0131na kar\u015f\u0131n m\u00fccbir sebep kapsam\u0131na al\u0131nmad\u0131. 2020 sonunda biten bir YEKDEM uygulamas\u0131 var. Planlamalar\u0131 buna g\u00f6re yap\u0131lm\u0131\u015f olan t\u00fcm yenilenebilir projeleri zor durumda kald\u0131. Yat\u0131r\u0131mc\u0131y\u0131 bu noktada desteklemek \u00fclkemiz lehinedir&#8221; diyor.<\/h1>\n<p><strong>G\u00fcne\u015f Enerjisi Yat\u0131r\u0131mc\u0131lar\u0131 Derne\u011fi (G\u00dcYAD)<\/strong> Ba\u015fkan\u0131 <strong>Cem \u00d6zk\u00f6k<\/strong>, t\u00fcm d\u00fcnyada oldu\u011fu gibi T\u00fcrkiye&#8217;de de enerji alan\u0131nda bir<strong> \u2018d\u00f6n\u00fc\u015f\u00fcm&#8217;<\/strong> ya\u015fand\u0131\u011f\u0131n\u0131 s\u00f6yl\u00fcyor. Bu d\u00f6n\u00fc\u015f\u00fcm\u00fcn bir\u00e7ok nedeni var. <img loading=\"lazy\" class=\"alignright wp-image-118067\" src=\"https:\/\/www.enerjigazetesi.ist\/wp-content\/uploads\/2020\/08\/yenilenebilir-enerjiye-yapilan-her-yatirim-ihracatta-rekabet-gucu-demek.jpg\" alt=\"\" width=\"320\" height=\"180\" srcset=\"https:\/\/www.enerjigazetesi.ist\/wp-content\/uploads\/2020\/08\/yenilenebilir-enerjiye-yapilan-her-yatirim-ihracatta-rekabet-gucu-demek.jpg 770w, https:\/\/www.enerjigazetesi.ist\/wp-content\/uploads\/2020\/08\/yenilenebilir-enerjiye-yapilan-her-yatirim-ihracatta-rekabet-gucu-demek-300x169.jpg 300w, https:\/\/www.enerjigazetesi.ist\/wp-content\/uploads\/2020\/08\/yenilenebilir-enerjiye-yapilan-her-yatirim-ihracatta-rekabet-gucu-demek-768x432.jpg 768w, https:\/\/www.enerjigazetesi.ist\/wp-content\/uploads\/2020\/08\/yenilenebilir-enerjiye-yapilan-her-yatirim-ihracatta-rekabet-gucu-demek-500x281.jpg 500w, https:\/\/www.enerjigazetesi.ist\/wp-content\/uploads\/2020\/08\/yenilenebilir-enerjiye-yapilan-her-yatirim-ihracatta-rekabet-gucu-demek-80x45.jpg 80w\" sizes=\"(max-width: 320px) 100vw, 320px\" \/>T\u00fckenen kaynaklar, artan insan n\u00fcfusu, geli\u015fen teknoloji bunlar\u0131n ba\u015f\u0131nda geliyor.<\/p>\n<p>Cem \u00d6zk\u00f6k, \u201c<strong>5 sene<\/strong> i\u00e7erisinde <strong>yenilenebilir enerji kurulu g\u00fcc\u00fc<\/strong>m\u00fcz\u00fcn en az <strong>2 kat\u0131na \u00e7\u0131kmas\u0131n\u0131<\/strong> umuyoruz\u201d derken, \u00f6zellikle <strong>COVID-19<\/strong>&#8216;un neden oldu\u011fu m\u00fccbir sebep kaynakl\u0131 olas\u0131 zorluklar i\u00e7in <strong>gerekli \u00f6nlemlerin al\u0131nmas\u0131<\/strong> gerekti\u011fine dikkat \u00e7ekiyor.<\/p>\n<p><strong>\u00d6zk\u00f6k<\/strong> ile <strong>T\u00fcrkiye&#8217;nin yenilenebilir enerji politikalar\u0131<\/strong>n\u0131, a\u011fustosta devreye girecek olan <strong>Ye\u015fil Tarife uygulamas\u0131<\/strong>n\u0131, <strong>AB<\/strong>&#8216;nin <strong>Yeni Ye\u015fil D\u00fczeni<\/strong>&#8216;nin <strong>T\u00fcrkiye&#8217;yi<\/strong> nas\u0131l etkileyece\u011fini konu\u015ftuk. \u00d6zk\u00f6k&#8217;\u00fcn <span style=\"text-decoration: underline;\">yorumlar\u0131 \u015f\u00f6yle:<\/span><\/p>\n<h2>Yat\u0131r\u0131mc\u0131 &#8220;g\u00fcne\u015f&#8221;te hevesli<\/h2>\n<p>\u201cYenilenebilir enerji alan\u0131nda \u00fclkemizde \u00f6zellikle <strong>son 10 y\u0131l i\u00e7erisinde<\/strong> ciddi bir kamu iradesi g\u00f6sterildi ve <strong>her bir alanda ayr\u0131 hedefler<\/strong> konuldu. <strong>G\u00fcne\u015flenme oran\u0131<\/strong> \u00e7ok y\u00fcksek bir \u00fclkeyiz, fakat daha <strong>6,7 GW<\/strong> kurulu g\u00fc\u00e7te oldu\u011fumuzu g\u00f6r\u00fcyoruz. Her y\u0131l en az <strong>2 GW<\/strong> g\u00fcne\u015f kurulu g\u00fcc\u00fc yapma yetene\u011fine haiz bir \u00fclkeyiz. Yat\u0131r\u0131mc\u0131 da bu konuda \u00e7ok hevesli. <strong>T\u00fcrkiye&#8217;de g\u00fcne\u015f enerjisi<\/strong> alan\u0131nda do\u011frudan ve dolayl\u0131 toplam olmak \u00fczere <strong>100 bin ki\u015filik<\/strong> bir istihdam var. \u00d6n\u00fcm\u00fczdeki <strong>5 sene i\u00e7erisinde<\/strong> <em>yenilenebilir enerji kurulu g\u00fcc\u00fc<\/em>m\u00fcz\u00fcn en az <strong>2 kat\u0131na \u00e7\u0131kmas\u0131n\u0131<\/strong> umuyoruz, ancak \u00f6zellikle <strong>COVID-19<\/strong>&#8216;un neden oldu\u011fu m\u00fccbir sebep kaynakl\u0131 olas\u0131 zorluklar\u0131 <strong>g\u00f6z \u00f6n\u00fcne almal\u0131<\/strong> ve bunlar i\u00e7in <strong>gerekli \u00f6nlemleri<\/strong> almal\u0131y\u0131z. Bug\u00fcn <strong>yenilenebilir enerjiye<\/strong> yapaca\u011f\u0131m\u0131z her yat\u0131r\u0131m hem \u00e7evre sorumlulu\u011fu hem de sanayicilerimizin <strong>ihracatta rekabet avantaj\u0131<\/strong> kazanmalar\u0131 a\u00e7\u0131s\u0131ndan hemen yar\u0131n olumlu sonu\u00e7lar verecektir.\u201d<\/p>\n<h2>Enerji sekt\u00f6r\u00fc lokomotif olmas\u0131na ra\u011fmen, m\u00fccbir sebep i\u00e7ine al\u0131nmad\u0131<\/h2>\n<p>\u201cE\u011fer do\u011fru ad\u0131mlar\u0131 atmaya devam edersek, <strong>g\u00fcne\u015f enerjisi<\/strong> alan\u0131nda <strong>Almanya<\/strong>&#8216;y\u0131; <strong>r\u00fczgarda<\/strong> <strong>Bel\u00e7ika<\/strong>, <em><strong>Almanya<\/strong> veya <strong>Danimarka<\/strong>&#8216;y\u0131<\/em> ge\u00e7mememiz i\u00e7in hi\u00e7bir neden yok. Sekt\u00f6r\u00fcn b\u00fcy\u00fcmek ve bug\u00fcnlere gelmek i\u00e7in deste\u011fe ihtiyac\u0131 vard\u0131. Bu ihtiya\u00e7 bir s\u00fcre daha devam edecek. Ama <strong>biz m\u00fccbir sebebin gereklerini yerine getirmekte<\/strong> \u00e7ok kararl\u0131 olamad\u0131k. Enerji sekt\u00f6r\u00fc bir lokomotif olmas\u0131na kar\u015f\u0131n <strong>m\u00fccbir sebep kapsam\u0131na<\/strong> al\u0131nmad\u0131. <strong>2020 sonunda<\/strong> biten bir <strong>YEKDEM uygulamas\u0131<\/strong> var. Planlamalar\u0131 buna g\u00f6re yap\u0131lm\u0131\u015f olan <strong>t\u00fcm yenilenebilir projeleri<\/strong> zor durumda kald\u0131. Yat\u0131r\u0131mc\u0131y\u0131 bu noktada desteklemek \u00fclkemiz lehinedir. \u00dcstelik bunlar uzun vadeli destekler de de\u011fil; <strong>COVID-19<\/strong> sebebiyle <strong>6 &#8211; 8 ayl\u0131k<\/strong> bir uzatma verilseydi dahi bu \u00e7ok b\u00fcy\u00fck bir destek olurdu. Ayr\u0131ca kapasite ilanlar\u0131nda da daha h\u0131zl\u0131 hareket etmeliyiz. <strong>G\u00fcne\u015fte<\/strong> de <strong>r\u00fczgarda<\/strong> da <strong>100&#8217;er GW<\/strong> civar\u0131nda kapasitemiz oldu\u011funu s\u00f6yleyebiliriz. Ama <strong>g\u00fcne\u015f<\/strong>te hen\u00fcz <strong>6,7 GW<\/strong>, <strong>r\u00fczgar<\/strong>da da <strong>8 GW<\/strong>&#8216;\u0131n biraz \u00fczerindeyiz. Daha alacak \u00e7ok yolumuz var.\u201d<\/p>\n<h2>Ye\u015fil enerji kullanana destek mekanizmalar\u0131 geli\u015ftirilmeli<\/h2>\n<p><strong>OSB&#8217;lerde<\/strong> faaliyet g\u00f6steren fabrikalar\u0131n kendi <strong>enerjisini \u00fcretmesi<\/strong>ne y\u00f6nelik d\u00fczenlemenin sa\u011flayaca\u011f\u0131 avantajlar\u0131 \u015f\u00f6yle anlat\u0131yor Cem \u00d6zk\u00f6k: \u201c<strong>\u00dcretim<\/strong> ve <strong>t\u00fcketim<\/strong> ayn\u0131 yerde yap\u0131lacak. Buna<strong> da\u011f\u0131t\u0131k \u00fcretim<\/strong> de diyebiliriz ki tercih edilen bir sistem bu. \u00c7\u00fcnk\u00fc <strong>da\u011f\u0131t\u0131k \u00fcretim, iletim <\/strong>ve<strong> da\u011f\u0131t\u0131m<\/strong> ile <strong>ili\u015fkili maliyet, karma\u015f\u0131kl\u0131k, ba\u011f\u0131ml\u0131l\u0131k ve verimsizlikleri<\/strong> ortadan kald\u0131r\u0131r. Yani kendi enerjinizi kendiniz \u00fcretti\u011finiz takdirde <strong>\u015febeke kay\u0131plar\u0131<\/strong> olmayacak, <strong>yeni yat\u0131r\u0131mlar<\/strong> gibi<strong> maliyetler<\/strong> azalacakt\u0131r. Bir de \u00fcretici yani fabrikalar a\u00e7\u0131s\u0131ndan kazan\u00e7 var ki, o da <strong>4-5 sene<\/strong> i\u00e7inde kendini amorti eden bir yat\u0131r\u0131mla <strong>bedava elektrik kullanmak<\/strong>. Bu da, <strong>rekabet g\u00fcc\u00fcn\u00fc art\u0131r\u0131c\u0131<\/strong> bir etki yapacak. \u00dclkemizde son birka\u00e7 ayl\u0131k s\u00fcre i\u00e7erisinde <strong>elektrik \u00fcretimi<\/strong>mizin <strong>% 60<\/strong>&#8216;lar seviyesinde <strong>yenilenebilir enerji kaynaklar\u0131<\/strong>ndan sa\u011fland\u0131\u011f\u0131n\u0131 g\u00f6r\u00fcyoruz. Burada \u00f6nemli olan<strong> ye\u015fil enerji kullanmak<\/strong> isteyenlere <strong>vergi indirimi<\/strong> gibi <strong>destek mekanizmalar\u0131n\u0131n<\/strong> geli\u015ftirilmesi.\u201d<\/p>\n<h2 class=\"dtl-box gray\">Ye\u015fil enerji sadece konutlarda de\u011fil sanayide de zorunlu olacak<\/h2>\n<p>T\u00fcrkiye&#8217;de <strong>Ye\u015fil Tarife Uygulamas\u0131<\/strong> A\u011fustos&#8217;ta ba\u015fl\u0131yor. <strong>Cem \u00d6zk\u00f6k<\/strong>&#8216;\u00fcn bu uygulaman\u0131n \u00f6nemine dair yorumlar\u0131 \u015f\u00f6yle: \u201cEnerji alan\u0131ndaki &#8216;<strong>d\u00f6n\u00fc\u015f\u00fcm<\/strong>&#8216;\u00fcn sonucu olarak t\u00fcketiciler art\u0131k kulland\u0131klar\u0131 enerjinin hangi \u015fartlarla elde edildi\u011fini, <strong>\u00e7evreye<\/strong> bir etkisi olup olmad\u0131\u011f\u0131n\u0131 bilmek istiyorlar. Bu da karar verici mercileri bu y\u00f6nde kararlar almaya y\u00f6neltiyor. Avrupa genelinde <strong>sera gaz\u0131 emisyonlar\u0131<\/strong>n\u0131n \u00f6n\u00fcm\u00fczdeki <strong>30 y\u0131l i\u00e7erisinde s\u0131f\u0131rlanmas\u0131<\/strong> planlan\u0131yor. Bu \u00e7er\u00e7evede ortaya konulan &#8216;<strong>Green Deal<\/strong> &#8216;giri\u015fimi, \u00f6zellikle Avrupa&#8217;ya ihracat yapan ve yapmay\u0131 planlayan t\u00fcm sanayicilerimizi yak\u0131ndan ilgilendiren bir konu.<\/p>\n<p>\u00c7\u00fcnk\u00fc<strong> ihra\u00e7 edilen \u00fcr\u00fcn\u00fcn<\/strong> \u00fcretim s\u00fcre\u00e7lerinde herhangi bir a\u015famada kullan\u0131lan enerjinin <strong>&#8216;ye\u015fil enerji&#8217;<\/strong> olmas\u0131 yani <strong>sera gaz\u0131 emisyonu yaratmam\u0131\u015f<\/strong> olmas\u0131 \u015fart\u0131 aranacak. Bu durum \u00fclkemizde daha fazla <strong>ye\u015fil enerji \u00fcretimi<\/strong>ni ve yaln\u0131zca konutlarda de\u011fil daha a\u011f\u0131rl\u0131kl\u0131 olarak <strong>sanayide<\/strong> ve <strong>end\u00fcstride<\/strong> kullan\u0131m\u0131n\u0131 \u015fimdiden zorunlu k\u0131l\u0131yor. Dolay\u0131s\u0131yla biz Bakanl\u0131\u011f\u0131m\u0131z\u0131n bu y\u00f6nde att\u0131\u011f\u0131 ad\u0131m\u0131 olumlu buluyoruz. Burada \u00f6nemli olan nokta<strong> bu mekanizman\u0131n<\/strong> hem <strong>arz-talep<\/strong> hem de<strong> fayda-maliyet<\/strong> a\u00e7\u0131lar\u0131ndan <strong>ele al\u0131nmas\u0131<\/strong> ve <strong>yaln\u0131zca t\u00fcketiciler<\/strong> i\u00e7in de\u011fil <strong>yat\u0131r\u0131mc\u0131lar<\/strong> ve<strong> tedarik \u015firketleri<\/strong> i\u00e7in de <strong>&#8216;g\u00f6n\u00fcll\u00fcl\u00fck&#8217;<\/strong> esas\u0131na dayal\u0131 olmas\u0131 gereklili\u011fi.\u201d<\/p>","protected":false},"excerpt":{"rendered":"<p>Sorry, this entry is only available in Turkish. For the sake of viewer convenience, the content is shown below in the alternative language. You may click the link to switch the active language. G\u00dcYAD Ba\u015fkan\u0131 Cem \u00d6zk\u00f6k, &#8220;Enerji sekt\u00f6r\u00fc bir lokomotif olmas\u0131na kar\u015f\u0131n m\u00fccbir sebep kapsam\u0131na al\u0131nmad\u0131. 2020 sonunda biten bir YEKDEM uygulamas\u0131 var. Planlamalar\u0131 [&hellip;]<\/p>\n","protected":false},"author":1,"featured_media":118070,"comment_status":"open","ping_status":"open","sticky":false,"template":"","format":"standard","meta":[],"categories":[51,53,49],"tags":[75345,77132,44797,67254,70109,5070,52259,53157,44351,77129,77131,2533,10368,43952,54979,77133,60515,77134,10881,8020,77130,2907],"views":142,"_links":{"self":[{"href":"https:\/\/www.enerjigazetesi.ist\/en\/wp-json\/wp\/v2\/posts\/118065"}],"collection":[{"href":"https:\/\/www.enerjigazetesi.ist\/en\/wp-json\/wp\/v2\/posts"}],"about":[{"href":"https:\/\/www.enerjigazetesi.ist\/en\/wp-json\/wp\/v2\/types\/post"}],"author":[{"embeddable":true,"href":"https:\/\/www.enerjigazetesi.ist\/en\/wp-json\/wp\/v2\/users\/1"}],"replies":[{"embeddable":true,"href":"https:\/\/www.enerjigazetesi.ist\/en\/wp-json\/wp\/v2\/comments?post=118065"}],"version-history":[{"count":0,"href":"https:\/\/www.enerjigazetesi.ist\/en\/wp-json\/wp\/v2\/posts\/118065\/revisions"}],"wp:featuredmedia":[{"embeddable":true,"href":"https:\/\/www.enerjigazetesi.ist\/en\/wp-json\/wp\/v2\/media\/118070"}],"wp:attachment":[{"href":"https:\/\/www.enerjigazetesi.ist\/en\/wp-json\/wp\/v2\/media?parent=118065"}],"wp:term":[{"taxonomy":"category","embeddable":true,"href":"https:\/\/www.enerjigazetesi.ist\/en\/wp-json\/wp\/v2\/categories?post=118065"},{"taxonomy":"post_tag","embeddable":true,"href":"https:\/\/www.enerjigazetesi.ist\/en\/wp-json\/wp\/v2\/tags?post=118065"}],"curies":[{"name":"wp","href":"https:\/\/api.w.org\/{rel}","templated":true}]}}