{"id":118060,"date":"2020-08-04T11:43:02","date_gmt":"2020-08-04T08:43:02","guid":{"rendered":"https:\/\/www.enerjigazetesi.ist\/?p=118060"},"modified":"2020-08-04T11:46:28","modified_gmt":"2020-08-04T08:46:28","slug":"jeotermal-seralar-icin-mera-tahsis-amaci-degisikligi-islemi-zorlastirildi","status":"publish","type":"post","link":"https:\/\/www.enerjigazetesi.ist\/en\/jeotermal-seralar-icin-mera-tahsis-amaci-degisikligi-islemi-zorlastirildi\/","title":{"rendered":"(Turkish) Jeotermal Seralar \u0130\u00e7in Mera Tahsis Amac\u0131 De\u011fi\u015fikli\u011fi \u0130\u015flemi Zorla\u015ft\u0131r\u0131ld\u0131"},"content":{"rendered":"<p class=\"qtranxs-available-languages-message qtranxs-available-languages-message-en\">Sorry, this entry is only available in <a href=\"https:\/\/www.enerjigazetesi.ist\/tr\/wp-json\/wp\/v2\/posts\/118060\" class=\"qtranxs-available-language-link qtranxs-available-language-link-tr\" title=\"Turkish\">Turkish<\/a>. For the sake of viewer convenience, the content is shown below in the alternative language. You may click the link to switch the active language.<\/p><p><\/p>\n<h1>Tar\u0131m ve Orman Bakanl\u0131\u011f\u0131&#8217;nca yay\u0131nlanan Mera Y\u00f6netmeli\u011fi\u2019nde De\u011fi\u015fiklik yap\u0131lmas\u0131na Dair Y\u00f6netmelik kapsam\u0131nda <img loading=\"lazy\" class=\"alignright wp-image-118062\" src=\"https:\/\/www.enerjigazetesi.ist\/wp-content\/uploads\/2020\/08\/jeotermal-seralar-icin-mera-tahsis-amaci-degisikligi-islemi-zorlastirildi.jpg\" alt=\"\" width=\"320\" height=\"193\" srcset=\"https:\/\/www.enerjigazetesi.ist\/wp-content\/uploads\/2020\/08\/jeotermal-seralar-icin-mera-tahsis-amaci-degisikligi-islemi-zorlastirildi.jpg 759w, https:\/\/www.enerjigazetesi.ist\/wp-content\/uploads\/2020\/08\/jeotermal-seralar-icin-mera-tahsis-amaci-degisikligi-islemi-zorlastirildi-300x181.jpg 300w, https:\/\/www.enerjigazetesi.ist\/wp-content\/uploads\/2020\/08\/jeotermal-seralar-icin-mera-tahsis-amaci-degisikligi-islemi-zorlastirildi-500x302.jpg 500w, https:\/\/www.enerjigazetesi.ist\/wp-content\/uploads\/2020\/08\/jeotermal-seralar-icin-mera-tahsis-amaci-degisikligi-islemi-zorlastirildi-80x48.jpg 80w\" sizes=\"(max-width: 320px) 100vw, 320px\" \/>meralarda tahsis amac\u0131na y\u00f6nelik de\u011fi\u015fiklik i\u015flemleri zorla\u015ft\u0131r\u0131ld\u0131.<\/h1>\n<p>Bu <span style=\"text-decoration: underline;\">\u00e7er\u00e7evede;<\/span> <strong>mera, yaylak<\/strong> ve <strong>k\u0131\u015flaklarda kurulumu<\/strong> ger\u00e7ekle\u015ftirilecek\u00a0<strong>jeotermal kaynaklara dayal\u0131 teknolojili<\/strong>\u00a0seralarla <strong>bu seralara jeotermal kayna\u011f\u0131n ta\u015f\u0131nmas\u0131<\/strong> veya <strong>iletilmesi<\/strong> i\u00e7in ihtiya\u00e7 duyulan yerlerle <strong>ilgili tahsis amac\u0131 de\u011fi\u015fikli\u011fi<\/strong> ba\u015fvurusu yap\u0131labilmesine y\u00f6nelik s\u00f6z konusu alan\u0131n <strong>jeotermal kaynak ruhsat sahas\u0131<\/strong> i\u00e7inde olmas\u0131 gerekecek.<\/p>\n<p>De\u011fi\u015fiklik \u00f6ncesinde <strong>ruhsat sahas\u0131 d\u0131\u015f\u0131nda<\/strong> yer alan <strong>jeotermal kaynak kullan\u0131m\u0131<\/strong> ger\u00e7ekle\u015ftirecek <strong>seralara y\u00f6nelik meralarda<\/strong> tahsis amac\u0131 <strong>de\u011fi\u015fikli\u011fi talep<\/strong> edilmekteydi.<\/p>","protected":false},"excerpt":{"rendered":"<p>Sorry, this entry is only available in Turkish. For the sake of viewer convenience, the content is shown below in the alternative language. You may click the link to switch the active language. Tar\u0131m ve Orman Bakanl\u0131\u011f\u0131&#8217;nca yay\u0131nlanan Mera Y\u00f6netmeli\u011fi\u2019nde De\u011fi\u015fiklik yap\u0131lmas\u0131na Dair Y\u00f6netmelik kapsam\u0131nda meralarda tahsis amac\u0131na y\u00f6nelik de\u011fi\u015fiklik i\u015flemleri zorla\u015ft\u0131r\u0131ld\u0131. Bu \u00e7er\u00e7evede; mera, [&hellip;]<\/p>\n","protected":false},"author":1,"featured_media":118062,"comment_status":"open","ping_status":"open","sticky":false,"template":"","format":"standard","meta":[],"categories":[53,48],"tags":[52259,53925,46740,77127,77125,36184,77123,77124,77128,77126,45699],"views":162,"_links":{"self":[{"href":"https:\/\/www.enerjigazetesi.ist\/en\/wp-json\/wp\/v2\/posts\/118060"}],"collection":[{"href":"https:\/\/www.enerjigazetesi.ist\/en\/wp-json\/wp\/v2\/posts"}],"about":[{"href":"https:\/\/www.enerjigazetesi.ist\/en\/wp-json\/wp\/v2\/types\/post"}],"author":[{"embeddable":true,"href":"https:\/\/www.enerjigazetesi.ist\/en\/wp-json\/wp\/v2\/users\/1"}],"replies":[{"embeddable":true,"href":"https:\/\/www.enerjigazetesi.ist\/en\/wp-json\/wp\/v2\/comments?post=118060"}],"version-history":[{"count":0,"href":"https:\/\/www.enerjigazetesi.ist\/en\/wp-json\/wp\/v2\/posts\/118060\/revisions"}],"wp:featuredmedia":[{"embeddable":true,"href":"https:\/\/www.enerjigazetesi.ist\/en\/wp-json\/wp\/v2\/media\/118062"}],"wp:attachment":[{"href":"https:\/\/www.enerjigazetesi.ist\/en\/wp-json\/wp\/v2\/media?parent=118060"}],"wp:term":[{"taxonomy":"category","embeddable":true,"href":"https:\/\/www.enerjigazetesi.ist\/en\/wp-json\/wp\/v2\/categories?post=118060"},{"taxonomy":"post_tag","embeddable":true,"href":"https:\/\/www.enerjigazetesi.ist\/en\/wp-json\/wp\/v2\/tags?post=118060"}],"curies":[{"name":"wp","href":"https:\/\/api.w.org\/{rel}","templated":true}]}}