{"id":118031,"date":"2020-08-03T21:28:08","date_gmt":"2020-08-03T18:28:08","guid":{"rendered":"https:\/\/www.enerjigazetesi.ist\/?p=118031"},"modified":"2020-08-03T21:51:12","modified_gmt":"2020-08-03T18:51:12","slug":"vodafone-un-yuzde-100-yenilenebilir-enerjiyle-calisan-mobil-ag-hedefi","status":"publish","type":"post","link":"https:\/\/www.enerjigazetesi.ist\/en\/vodafone-un-yuzde-100-yenilenebilir-enerjiyle-calisan-mobil-ag-hedefi\/","title":{"rendered":"(Turkish) Vodafone&#8217;dan % 100 Yenilenebilir Enerjiyle \u00c7al\u0131\u015fan Mobil A\u011f Hedefi"},"content":{"rendered":"<p class=\"qtranxs-available-languages-message qtranxs-available-languages-message-en\">Sorry, this entry is only available in <a href=\"https:\/\/www.enerjigazetesi.ist\/tr\/wp-json\/wp\/v2\/posts\/118031\" class=\"qtranxs-available-language-link qtranxs-available-language-link-tr\" title=\"Turkish\">Turkish<\/a>. For the sake of viewer convenience, the content is shown below in the alternative language. You may click the link to switch the active language.<\/p><p><\/p>\n<h1>Mobil telekom\u00fcnikasyon firmas\u0131 Vodafone, Temmuz 2021\u2019e kadar t\u00fcm Avrupa mobil a\u011f\u0131n\u0131, % 100 yenilenebilir enerjiden alarak \u00e7al\u0131\u015facak \u015fekilde de\u011fi\u015ftirmeyi planlad\u0131\u011f\u0131n\u0131 a\u00e7\u0131klad\u0131. Bunun yan\u0131 s\u0131ra firma, gelecek 10 <img loading=\"lazy\" class=\"alignright wp-image-118033\" src=\"https:\/\/www.enerjigazetesi.ist\/wp-content\/uploads\/2020\/08\/vodafone-un-yuzde-100-yenilenebilir-enerjiyle-calisan-mobil-ag-hedefi.jpg\" alt=\"\" width=\"320\" height=\"213\" srcset=\"https:\/\/www.enerjigazetesi.ist\/wp-content\/uploads\/2020\/08\/vodafone-un-yuzde-100-yenilenebilir-enerjiyle-calisan-mobil-ag-hedefi.jpg 732w, https:\/\/www.enerjigazetesi.ist\/wp-content\/uploads\/2020\/08\/vodafone-un-yuzde-100-yenilenebilir-enerjiyle-calisan-mobil-ag-hedefi-300x200.jpg 300w, https:\/\/www.enerjigazetesi.ist\/wp-content\/uploads\/2020\/08\/vodafone-un-yuzde-100-yenilenebilir-enerjiyle-calisan-mobil-ag-hedefi-500x333.jpg 500w, https:\/\/www.enerjigazetesi.ist\/wp-content\/uploads\/2020\/08\/vodafone-un-yuzde-100-yenilenebilir-enerjiyle-calisan-mobil-ag-hedefi-75x50.jpg 75w, https:\/\/www.enerjigazetesi.ist\/wp-content\/uploads\/2020\/08\/vodafone-un-yuzde-100-yenilenebilir-enerjiyle-calisan-mobil-ag-hedefi-450x300.jpg 450w\" sizes=\"(max-width: 320px) 100vw, 320px\" \/>y\u0131l boyunca, i\u015fletme m\u00fc\u015fterilerinin iklim etkilerini azaltmalar\u0131na yard\u0131mc\u0131 olacak yeni hedefler de belirledi.<\/h1>\n<p>Firma son bir y\u0131lda, <strong>11 Avrupa<\/strong> \u00fclkesinde <strong>r\u00fczgar, g\u00fcne\u015f <\/strong>ve<strong> hidroelektrik<\/strong> kaynaklar\u0131ndan elde edilen elektrikle \u00e7al\u0131\u015facak<strong> <em>&#8220;Ye\u015fil Gigabit Net&#8221;<\/em> <\/strong>isimli bir operasyon s\u00fcrecine ba\u015flatacak olup\u00a0\u015fu anda <strong>Vodafone a\u011f\u0131n\u0131n<\/strong> yakla\u015f\u0131k \u00fc\u00e7te biri <strong>yenilenebilir enerji kaynaklar\u0131<\/strong> ile \u00e7al\u0131\u015f\u0131yor.<\/p>\n<p>Firma <strong>sabit<\/strong> ve <strong>mobil a\u011flar\u0131<\/strong> taraf\u0131ndan kullan\u0131lan enerjinin yakla\u015f\u0131k <strong>% 80<\/strong>\u2019ini, <strong>Yenilenebilir Enerji Sertifikalar\u0131<\/strong> kapsam\u0131nda, <strong>Enerji T\u00fcketimi Anla\u015fmalar\u0131 (PPA)<\/strong> ve <strong>ye\u015fil elektrik tarifeleri<\/strong> \u00fczerinden sa\u011flayacak ve\u00a0\u00e7o\u011funlu\u011fu <strong>g\u00fcne\u015f enerjisi<\/strong> olmak \u00fczere, kendi <strong>yenilenebilir enerji \u00fcretimi<\/strong>ne de yat\u0131r\u0131m ger\u00e7ekle\u015ftirecek.<\/p>\n<p><strong>Vodafone Grup<\/strong> CEO\u2019su <strong>Nick Read,<\/strong> \u201cToplum yeniden in\u015fa edilip,<strong> Covid-19 krizi<\/strong>nden kurtulduk\u00e7a, gelece\u011fimizi <strong>s\u00fcrd\u00fcr\u00fclebilir<\/strong> bir bi\u00e7imde<strong> yeniden \u015fekillendirme f\u0131rsat\u0131m\u0131z<\/strong> var.\u201d ifadelerini kulland\u0131.<\/p>","protected":false},"excerpt":{"rendered":"<p>Sorry, this entry is only available in Turkish. For the sake of viewer convenience, the content is shown below in the alternative language. You may click the link to switch the active language. Mobil telekom\u00fcnikasyon firmas\u0131 Vodafone, Temmuz 2021\u2019e kadar t\u00fcm Avrupa mobil a\u011f\u0131n\u0131, % 100 yenilenebilir enerjiden alarak \u00e7al\u0131\u015facak \u015fekilde de\u011fi\u015ftirmeyi planlad\u0131\u011f\u0131n\u0131 a\u00e7\u0131klad\u0131. Bunun [&hellip;]<\/p>\n","protected":false},"author":1,"featured_media":118033,"comment_status":"open","ping_status":"open","sticky":false,"template":"","format":"standard","meta":[],"categories":[51,53,49,47,50,157],"tags":[77094,70114,52259,77096,227,53157,70,77095,77093,77099,69,77098,6854,5951,77101,508,71395,3504,77097,77100],"views":121,"_links":{"self":[{"href":"https:\/\/www.enerjigazetesi.ist\/en\/wp-json\/wp\/v2\/posts\/118031"}],"collection":[{"href":"https:\/\/www.enerjigazetesi.ist\/en\/wp-json\/wp\/v2\/posts"}],"about":[{"href":"https:\/\/www.enerjigazetesi.ist\/en\/wp-json\/wp\/v2\/types\/post"}],"author":[{"embeddable":true,"href":"https:\/\/www.enerjigazetesi.ist\/en\/wp-json\/wp\/v2\/users\/1"}],"replies":[{"embeddable":true,"href":"https:\/\/www.enerjigazetesi.ist\/en\/wp-json\/wp\/v2\/comments?post=118031"}],"version-history":[{"count":0,"href":"https:\/\/www.enerjigazetesi.ist\/en\/wp-json\/wp\/v2\/posts\/118031\/revisions"}],"wp:featuredmedia":[{"embeddable":true,"href":"https:\/\/www.enerjigazetesi.ist\/en\/wp-json\/wp\/v2\/media\/118033"}],"wp:attachment":[{"href":"https:\/\/www.enerjigazetesi.ist\/en\/wp-json\/wp\/v2\/media?parent=118031"}],"wp:term":[{"taxonomy":"category","embeddable":true,"href":"https:\/\/www.enerjigazetesi.ist\/en\/wp-json\/wp\/v2\/categories?post=118031"},{"taxonomy":"post_tag","embeddable":true,"href":"https:\/\/www.enerjigazetesi.ist\/en\/wp-json\/wp\/v2\/tags?post=118031"}],"curies":[{"name":"wp","href":"https:\/\/api.w.org\/{rel}","templated":true}]}}