{"id":118014,"date":"2020-08-03T13:26:39","date_gmt":"2020-08-03T10:26:39","guid":{"rendered":"https:\/\/www.enerjigazetesi.ist\/?p=118014"},"modified":"2020-08-03T13:27:15","modified_gmt":"2020-08-03T10:27:15","slug":"sisecam-lamine-cam-viruslerle-araniza-mesafe-koyuyor","status":"publish","type":"post","link":"https:\/\/www.enerjigazetesi.ist\/en\/sisecam-lamine-cam-viruslerle-araniza-mesafe-koyuyor\/","title":{"rendered":"(Turkish) \u015ei\u015fecam &#8216;Lamine Cam&#8217; Vir\u00fcslerle Aran\u0131za Mesafe Koyuyor!"},"content":{"rendered":"<p class=\"qtranxs-available-languages-message qtranxs-available-languages-message-en\">Sorry, this entry is only available in <a href=\"https:\/\/www.enerjigazetesi.ist\/tr\/wp-json\/wp\/v2\/posts\/118014\" class=\"qtranxs-available-language-link qtranxs-available-language-link-tr\" title=\"Turkish\">Turkish<\/a>. For the sake of viewer convenience, the content is shown below in the alternative language. You may click the link to switch the active language.<\/p><p><\/p>\n<h1><strong>T\u00fcrkiye d\u00fczcam pazar\u0131n\u0131n lideri ve Avrupa\u2019n\u0131n en b\u00fcy\u00fck \u00fcreticisi \u015ei\u015fecam D\u00fczcam, emniyet ve g\u00fcvenlik cam\u0131 \u015ei\u015fecam Lamine Cam ile Covid-19 s\u00fcrecinde hem sosyal mesafenin korunmas\u0131na yard\u0131mc\u0131 oluyor hem de hijyen ko\u015fullar\u0131n\u0131n s\u00fcrd\u00fcr\u00fclmesine katk\u0131 sunarak vir\u00fcslerin yay\u0131lma riskinin azalt\u0131lmas\u0131na olanak sa\u011fl\u0131yor. G\u00fcnl\u00fck ya\u015fam\u0131n her alan\u0131nda kullan\u0131lan \u015ei\u015fecam Lamine Cam, Covid-19 s\u00fcrecinde de hastaneler, bankalar, ofisler, okullar ve bir\u00e7ok alanda ara b\u00f6lme cam\u0131 olarak tercih ediliyor. <\/strong><\/h1>\n<p>T\u00fcm d\u00fcnyay\u0131 etkisi alt\u0131na alan <strong>yeni tip Koronavir\u00fcs (COVID-19) salg\u0131n\u0131<\/strong>yla beraber hem sosyal <img loading=\"lazy\" class=\"alignright wp-image-118016\" src=\"https:\/\/www.enerjigazetesi.ist\/wp-content\/uploads\/2020\/08\/sisecam-lamine-cam-viruslerle-araniza-mesafe-koyuyor.jpg\" alt=\"\" width=\"320\" height=\"298\" srcset=\"https:\/\/www.enerjigazetesi.ist\/wp-content\/uploads\/2020\/08\/sisecam-lamine-cam-viruslerle-araniza-mesafe-koyuyor.jpg 524w, https:\/\/www.enerjigazetesi.ist\/wp-content\/uploads\/2020\/08\/sisecam-lamine-cam-viruslerle-araniza-mesafe-koyuyor-300x279.jpg 300w, https:\/\/www.enerjigazetesi.ist\/wp-content\/uploads\/2020\/08\/sisecam-lamine-cam-viruslerle-araniza-mesafe-koyuyor-430x400.jpg 430w, https:\/\/www.enerjigazetesi.ist\/wp-content\/uploads\/2020\/08\/sisecam-lamine-cam-viruslerle-araniza-mesafe-koyuyor-54x50.jpg 54w\" sizes=\"(max-width: 320px) 100vw, 320px\" \/>mesafe hem de hijyen ko\u015fullar\u0131 \u00f6n plana \u00e7\u0131kt\u0131. <strong>\u015ei\u015fecam D\u00fczcam<\/strong>\u2019\u0131n <em>emniyet ve g\u00fcvenlik cam\u0131<\/em> \u015ei\u015fecam Lamine Cam normalle\u015fme s\u00fcrecinde <strong>hem sosyal mesafenin<\/strong> hem de hijyen ko\u015fullar\u0131n\u0131n s\u00fcrd\u00fcr\u00fclmesine katk\u0131 sa\u011fl\u0131yor. <strong>Hastanelerde, bankalarda, ofislerde, okullarda<\/strong> ve bunun gibi bir\u00e7ok ortak ya\u015fam alan\u0131nda ara b\u00f6lme cam\u0131 olarak tercih edilen \u015ei\u015fecam Lamine Cam, sosyal mesafenin korunmas\u0131na yard\u0131mc\u0131 olurken bir yandan da <strong>vir\u00fcs\u00fcn yay\u0131lma riskinin azalt\u0131lmas\u0131<\/strong>na olanak sa\u011fl\u0131yor. Ayn\u0131 zamanda ya\u015fam alanlar\u0131n\u0131n <strong>daha fazla g\u00fcn \u0131\u015f\u0131\u011f\u0131 almas\u0131n\u0131 sa\u011flayarak<\/strong> hem <strong>psikolojik<\/strong> hem de <strong>fizyolojik<\/strong> anlamda <strong>daha sa\u011fl\u0131kl\u0131 bir ortamda<\/strong> kalma avantaj\u0131n\u0131 yarat\u0131yor.<\/p>\n<p><strong>Sosyal mesafenin korunmas\u0131<\/strong>n\u0131n hayat\u0131n yeni normali haline geldi\u011fi <strong>Covid-19 d\u00f6nemi<\/strong>nde, \u015ei\u015fecam Lamine Cam, <strong>\u015feffaf ve dayan\u0131kl\u0131 yap\u0131s\u0131<\/strong> ile <strong>do\u011fa dostu, daha \u015f\u0131k ve uzun s\u00fcreli<\/strong> bir \u00e7\u00f6z\u00fcm sunuyor. <strong>2<\/strong> veya daha fazla cam plakan\u0131n \u00f6zel ba\u011flay\u0131c\u0131 <strong>polivinil b\u00fctiral (PVB) tabakalar<\/strong> yard\u0131m\u0131yla, <strong>\u0131s\u0131 ve bas\u0131n\u00e7 alt\u0131nda birle\u015ftirilmesiyle<\/strong> \u00fcretilen <strong>\u015ei\u015fecam Lamine Cam kullan\u0131m<\/strong> amac\u0131na g\u00f6re bir\u00e7ok avantaj sunuyor.<\/p>\n<p>\u015ei\u015fecam Lamine Cam, <strong>k\u0131r\u0131lmas\u0131 halinde<\/strong> cam par\u00e7alar\u0131 <strong>PVB ara katmanlar\u0131<\/strong> taraf\u0131ndan yerinde tutularak, \u00e7arpma sonucu olu\u015fan <strong>kazalarda yaralanma riskini en aza<\/strong> indirgiyor. Bu \u00f6zelli\u011fiyle d\u0131\u015far\u0131dan gelebilecek <strong>darbelere kar\u015f\u0131 g\u00fcvenlik<\/strong> sa\u011fl\u0131yor. <strong>Ta\u015f <\/strong>ve<strong> sopa<\/strong> gibi ara\u00e7larla yap\u0131lan <strong>sald\u0131r\u0131<\/strong> ve <strong>h\u0131rs\u0131zl\u0131k giri\u015fimleri<\/strong>nde, <strong>i\u00e7eri giri\u015fleri \u00f6nleyip<\/strong>, <strong>geciktiriyor<\/strong>. Balkon ve merdiven korkuluklar\u0131nda <strong>kullan\u0131larak a\u015fa\u011f\u0131 d\u00fc\u015fme<\/strong> gibi olas\u0131 kazalar\u0131 \u00f6nl\u00fcyor. <strong>\u015ei\u015fecam D\u00fczcam<\/strong>\u2019\u0131n <strong>daha \u015feffaf bir g\u00f6r\u00fcnt\u00fcye<\/strong> sahip olan <strong>d\u00fc\u015f\u00fck demirli emniyet<\/strong> ve <strong>g\u00fcvenlik cam\u0131<\/strong> <em>\u015ei\u015fecam Ultra Clear Lamine Cam<\/em> ise arkas\u0131nda sergilenen objeleri <strong>daha canl\u0131<\/strong> ve <strong>ger\u00e7ek renklerinde<\/strong> g\u00f6stererek \u00f6zellikle <strong>vitrin<\/strong> gibi <strong>kullan\u0131m alanlar\u0131nda<\/strong> tercih ediliyor.<\/p>","protected":false},"excerpt":{"rendered":"<p>Sorry, this entry is only available in Turkish. For the sake of viewer convenience, the content is shown below in the alternative language. You may click the link to switch the active language. T\u00fcrkiye d\u00fczcam pazar\u0131n\u0131n lideri ve Avrupa\u2019n\u0131n en b\u00fcy\u00fck \u00fcreticisi \u015ei\u015fecam D\u00fczcam, emniyet ve g\u00fcvenlik cam\u0131 \u015ei\u015fecam Lamine Cam ile Covid-19 s\u00fcrecinde hem [&hellip;]<\/p>\n","protected":false},"author":1,"featured_media":118016,"comment_status":"open","ping_status":"open","sticky":false,"template":"","format":"standard","meta":[],"categories":[53],"tags":[6417,77060,71427,70109,70198,77066,77067,75546,77057,77065,77059,6206,33715,77056,77063,77062,77064,69787,77068,77058,77061,70127],"views":121,"_links":{"self":[{"href":"https:\/\/www.enerjigazetesi.ist\/en\/wp-json\/wp\/v2\/posts\/118014"}],"collection":[{"href":"https:\/\/www.enerjigazetesi.ist\/en\/wp-json\/wp\/v2\/posts"}],"about":[{"href":"https:\/\/www.enerjigazetesi.ist\/en\/wp-json\/wp\/v2\/types\/post"}],"author":[{"embeddable":true,"href":"https:\/\/www.enerjigazetesi.ist\/en\/wp-json\/wp\/v2\/users\/1"}],"replies":[{"embeddable":true,"href":"https:\/\/www.enerjigazetesi.ist\/en\/wp-json\/wp\/v2\/comments?post=118014"}],"version-history":[{"count":0,"href":"https:\/\/www.enerjigazetesi.ist\/en\/wp-json\/wp\/v2\/posts\/118014\/revisions"}],"wp:featuredmedia":[{"embeddable":true,"href":"https:\/\/www.enerjigazetesi.ist\/en\/wp-json\/wp\/v2\/media\/118016"}],"wp:attachment":[{"href":"https:\/\/www.enerjigazetesi.ist\/en\/wp-json\/wp\/v2\/media?parent=118014"}],"wp:term":[{"taxonomy":"category","embeddable":true,"href":"https:\/\/www.enerjigazetesi.ist\/en\/wp-json\/wp\/v2\/categories?post=118014"},{"taxonomy":"post_tag","embeddable":true,"href":"https:\/\/www.enerjigazetesi.ist\/en\/wp-json\/wp\/v2\/tags?post=118014"}],"curies":[{"name":"wp","href":"https:\/\/api.w.org\/{rel}","templated":true}]}}