{"id":117961,"date":"2020-08-02T23:19:53","date_gmt":"2020-08-02T20:19:53","guid":{"rendered":"https:\/\/www.enerjigazetesi.ist\/?p=117961"},"modified":"2020-08-02T23:19:53","modified_gmt":"2020-08-02T20:19:53","slug":"enerji-bakanligindan-enerji-verimliligi-etudlerine-yonelik-duyuru","status":"publish","type":"post","link":"https:\/\/www.enerjigazetesi.ist\/en\/enerji-bakanligindan-enerji-verimliligi-etudlerine-yonelik-duyuru\/","title":{"rendered":"(Turkish) Enerji Bakanl\u0131\u011f\u0131&#8217;ndan Enerji Verimlili\u011fi Et\u00fcdlerine Y\u00f6nelik Duyuru!"},"content":{"rendered":"<p class=\"qtranxs-available-languages-message qtranxs-available-languages-message-en\">Sorry, this entry is only available in <a href=\"https:\/\/www.enerjigazetesi.ist\/tr\/wp-json\/wp\/v2\/posts\/117961\" class=\"qtranxs-available-language-link qtranxs-available-language-link-tr\" title=\"Turkish\">Turkish<\/a>. For the sake of viewer convenience, the content is shown below in the alternative language. You may click the link to switch the active language.<\/p><p><\/p>\n<h1 class=\"md-end-block md-p\"><span class=\"md-plain\">Enerji ve Tabii Kaynaklar Bakanl\u0131\u011f\u0131 taraf\u0131ndan 2020&#8217;nin sonuna kadar s\u00fcre uzat\u0131m\u0131 verilen enerji verimlili\u011fi et\u00fcdleri ile ilgili bir duyuru yay\u0131mland\u0131.<\/span><\/h1>\n<p class=\"md-end-block md-p\"><span class=\"md-plain\">Yap\u0131lan a\u00e7\u0131klamada; <strong>2019&#8217;da yap\u0131lmas\u0131<\/strong> gereken et\u00fcdler i\u00e7in bir seferli\u011fine olmak \u00fczere <strong>2020 y\u0131l\u0131 sonuna kadar<\/strong> s\u00fcre uzat\u0131m\u0131 verildi\u011fi hat\u0131rlat\u0131l\u0131rken, bu s\u00fcre sonuna kadar y\u00fck\u00fcml\u00fcl\u00fcklerini yerine getirmeyenler i\u00e7in<strong> \u201cEnerji Verimlili\u011fi Denetim Y\u00f6netmeli\u011fi\u201d<\/strong> uyar\u0131nca <strong>yap\u0131lacak denetimlerde <img loading=\"lazy\" class=\"alignright wp-image-117963\" src=\"https:\/\/www.enerjigazetesi.ist\/wp-content\/uploads\/2020\/08\/enerji-bakanligindan-enerji-verimliligi-etudlerine-yonelik-duyuru.jpg\" alt=\"\" width=\"320\" height=\"183\" srcset=\"https:\/\/www.enerjigazetesi.ist\/wp-content\/uploads\/2020\/08\/enerji-bakanligindan-enerji-verimliligi-etudlerine-yonelik-duyuru.jpg 853w, https:\/\/www.enerjigazetesi.ist\/wp-content\/uploads\/2020\/08\/enerji-bakanligindan-enerji-verimliligi-etudlerine-yonelik-duyuru-300x172.jpg 300w, https:\/\/www.enerjigazetesi.ist\/wp-content\/uploads\/2020\/08\/enerji-bakanligindan-enerji-verimliligi-etudlerine-yonelik-duyuru-768x439.jpg 768w, https:\/\/www.enerjigazetesi.ist\/wp-content\/uploads\/2020\/08\/enerji-bakanligindan-enerji-verimliligi-etudlerine-yonelik-duyuru-500x286.jpg 500w, https:\/\/www.enerjigazetesi.ist\/wp-content\/uploads\/2020\/08\/enerji-bakanligindan-enerji-verimliligi-etudlerine-yonelik-duyuru-80x46.jpg 80w\" sizes=\"(max-width: 320px) 100vw, 320px\" \/>\u00f6ncelik verilece\u011fi<\/strong> bildirildi.<\/span><\/p>\n<p class=\"md-end-block md-p\"><span class=\"md-plain\">Bakanl\u0131\u011f\u0131n yapt\u0131\u011f\u0131 <span style=\"text-decoration: underline;\">a\u00e7\u0131klama \u015fu \u015fekildedir:<\/span><\/span><\/p>\n<p class=\"md-end-block md-p\"><span class=\"md-plain\">Bilindi\u011fi \u00fczere, <strong>27.10.2011<\/strong> tarih ve <strong>28097<\/strong> say\u0131l\u0131<strong> Resmi Gazete<\/strong>\u2019de yay\u0131mlanarak y\u00fcr\u00fcrl\u00fc\u011fe konulan <strong>Enerji Kaynaklar\u0131n\u0131n Ve Enerjinin Kullan\u0131m\u0131nda Verimlili\u011fin Art\u0131r\u0131lmas\u0131na Dair Y\u00f6netmelik<\/strong>\u2019in 1<strong>0\u2019uncu<\/strong> maddesi uyar\u0131nca <strong>enerji verimlili\u011fi et\u00fcd\u00fc yapt\u0131rmak<\/strong>la y\u00fck\u00fcml\u00fc olan <em>end\u00fcstriyel i\u015fletmeler, ticari ve hizmet binalar\u0131 ile kamu kesimine ait bina ve i\u015fletmeler;<\/em> yetkilendirilmi\u015f <strong>enerji verimlili\u011fi dan\u0131\u015fmanl\u0131k \u015firketleri<\/strong> ve\/veya<strong> et\u00fct-proje sertifikas\u0131na sahip<\/strong> uzman ki\u015filer marifetiyle haz\u0131rlatt\u0131klar\u0131 <strong>detayl\u0131 et\u00fct raporlar\u0131<\/strong>n\u0131n bir n\u00fcshas\u0131n\u0131 en ge\u00e7 et\u00fcd\u00fcn yap\u0131ld\u0131\u011f\u0131 y\u0131l\u0131 takip eden y\u0131l\u0131n <strong>Mart ay\u0131<\/strong> sonuna kadar <strong>Bakanl\u0131\u011f\u0131m\u0131za iletmesi<\/strong> beklenmektedir.<\/span><\/p>\n<p class=\"md-end-block md-p\"><span class=\"md-plain md-expand\">Ayr\u0131ca an\u0131lan <strong>Y\u00f6netmelik<\/strong>\u2019in ge\u00e7ici <strong>15\u2019inci maddesi<\/strong><span style=\"text-decoration: underline;\"> uyar\u0131nca;<\/span> 2019 y\u0131l\u0131 i\u00e7erisinde ger\u00e7ekle\u015ftirilmesi zorunlu olan et\u00fctler i\u00e7in bir defaya mahsus olmak \u00fczere en ge\u00e7 <strong>2020 y\u0131l\u0131 sonuna kadar<\/strong> s\u00fcre uzat\u0131m\u0131 tan\u0131nmas\u0131 nedeniyle <strong>detayl\u0131 et\u00fct raporlar\u0131<\/strong>n\u0131n Bakanl\u0131\u011f\u0131m\u0131za g\u00f6nderilmesi s\u00fcreci devam etmektedir. Y\u0131l sonuna kadar bu y\u00fck\u00fcml\u00fcl\u00fc\u011f\u00fcn\u00fc yerine getiremeyenlere <strong>06.07.2018<\/strong> tarih ve <strong>30470 say\u0131l\u0131<\/strong> Resmi Gazete \u2019de yay\u0131mlanarak y\u00fcr\u00fcrl\u00fc\u011fe konulan<strong> \u201cEnerji Verimlili\u011fi Denetim Y\u00f6netmeli\u011fi\u201d<\/strong> uyar\u0131nca yap\u0131lacak denetimlerde \u00f6ncelik verilecektir.<\/span><\/p>\n<p><\/p>","protected":false},"excerpt":{"rendered":"<p>Sorry, this entry is only available in Turkish. For the sake of viewer convenience, the content is shown below in the alternative language. You may click the link to switch the active language. Enerji ve Tabii Kaynaklar Bakanl\u0131\u011f\u0131 taraf\u0131ndan 2020&#8217;nin sonuna kadar s\u00fcre uzat\u0131m\u0131 verilen enerji verimlili\u011fi et\u00fcdleri ile ilgili bir duyuru yay\u0131mland\u0131. Yap\u0131lan a\u00e7\u0131klamada; [&hellip;]<\/p>\n","protected":false},"author":1,"featured_media":117963,"comment_status":"open","ping_status":"open","sticky":false,"template":"","format":"standard","meta":[],"categories":[51,53,52],"tags":[77000,697,66134,52259,40052,64514,76997,76998,58103,76999,77001],"views":90,"_links":{"self":[{"href":"https:\/\/www.enerjigazetesi.ist\/en\/wp-json\/wp\/v2\/posts\/117961"}],"collection":[{"href":"https:\/\/www.enerjigazetesi.ist\/en\/wp-json\/wp\/v2\/posts"}],"about":[{"href":"https:\/\/www.enerjigazetesi.ist\/en\/wp-json\/wp\/v2\/types\/post"}],"author":[{"embeddable":true,"href":"https:\/\/www.enerjigazetesi.ist\/en\/wp-json\/wp\/v2\/users\/1"}],"replies":[{"embeddable":true,"href":"https:\/\/www.enerjigazetesi.ist\/en\/wp-json\/wp\/v2\/comments?post=117961"}],"version-history":[{"count":0,"href":"https:\/\/www.enerjigazetesi.ist\/en\/wp-json\/wp\/v2\/posts\/117961\/revisions"}],"wp:featuredmedia":[{"embeddable":true,"href":"https:\/\/www.enerjigazetesi.ist\/en\/wp-json\/wp\/v2\/media\/117963"}],"wp:attachment":[{"href":"https:\/\/www.enerjigazetesi.ist\/en\/wp-json\/wp\/v2\/media?parent=117961"}],"wp:term":[{"taxonomy":"category","embeddable":true,"href":"https:\/\/www.enerjigazetesi.ist\/en\/wp-json\/wp\/v2\/categories?post=117961"},{"taxonomy":"post_tag","embeddable":true,"href":"https:\/\/www.enerjigazetesi.ist\/en\/wp-json\/wp\/v2\/tags?post=117961"}],"curies":[{"name":"wp","href":"https:\/\/api.w.org\/{rel}","templated":true}]}}