{"id":117832,"date":"2020-07-30T09:31:38","date_gmt":"2020-07-30T06:31:38","guid":{"rendered":"https:\/\/www.enerjigazetesi.ist\/?p=117832"},"modified":"2020-07-30T09:32:10","modified_gmt":"2020-07-30T06:32:10","slug":"aydem-ve-gediz-perakende-musterilerinin-losevle-buyuk-dayanismasi","status":"publish","type":"post","link":"https:\/\/www.enerjigazetesi.ist\/en\/aydem-ve-gediz-perakende-musterilerinin-losevle-buyuk-dayanismasi\/","title":{"rendered":"(Turkish) Aydem ve Gediz Perakende M\u00fc\u015fterilerinin L\u00d6SEV\u2019le B\u00fcy\u00fck Dayan\u0131\u015fmas\u0131!"},"content":{"rendered":"<p class=\"qtranxs-available-languages-message qtranxs-available-languages-message-en\">Sorry, this entry is only available in <a href=\"https:\/\/www.enerjigazetesi.ist\/tr\/wp-json\/wp\/v2\/posts\/117832\" class=\"qtranxs-available-language-link qtranxs-available-language-link-tr\" title=\"Turkish\">Turkish<\/a>. For the sake of viewer convenience, the content is shown below in the alternative language. You may click the link to switch the active language.<\/p><p><\/p>\n<h1><strong>Aydem ve Gediz Perakende m\u00fc\u015fterileri, M\u00fc\u015fteri \u0130li\u015fkileri Merkezlerinde (M\u0130M) bulunan L\u00d6SEV kumbaralar\u0131na yapt\u0131klar\u0131 ba\u011f\u0131\u015flarla L\u00d6SEV\u2019e kay\u0131tl\u0131 y\u00fczlerce hastay\u0131 ve ailesini hayata ba\u011flamaya devam ediyor.<\/strong><\/h1>\n<p><strong>L\u00f6semili \u00c7ocuklar Sa\u011fl\u0131k ve E\u011fitim Vakf\u0131 (L\u00d6SEV)<\/strong> ve <strong>Aydem\/Gediz Perakende<\/strong> aras\u0131nda <img loading=\"lazy\" class=\"alignright wp-image-117834\" src=\"https:\/\/www.enerjigazetesi.ist\/wp-content\/uploads\/2020\/07\/aydem-ve-gediz-perakende-musterilerinin-losevle-buyuk-dayanismasi.jpg\" alt=\"\" width=\"320\" height=\"213\" srcset=\"https:\/\/www.enerjigazetesi.ist\/wp-content\/uploads\/2020\/07\/aydem-ve-gediz-perakende-musterilerinin-losevle-buyuk-dayanismasi.jpg 732w, https:\/\/www.enerjigazetesi.ist\/wp-content\/uploads\/2020\/07\/aydem-ve-gediz-perakende-musterilerinin-losevle-buyuk-dayanismasi-300x200.jpg 300w, https:\/\/www.enerjigazetesi.ist\/wp-content\/uploads\/2020\/07\/aydem-ve-gediz-perakende-musterilerinin-losevle-buyuk-dayanismasi-500x333.jpg 500w, https:\/\/www.enerjigazetesi.ist\/wp-content\/uploads\/2020\/07\/aydem-ve-gediz-perakende-musterilerinin-losevle-buyuk-dayanismasi-75x50.jpg 75w, https:\/\/www.enerjigazetesi.ist\/wp-content\/uploads\/2020\/07\/aydem-ve-gediz-perakende-musterilerinin-losevle-buyuk-dayanismasi-450x300.jpg 450w\" sizes=\"(max-width: 320px) 100vw, 320px\" \/>2016 y\u0131l\u0131nda ger\u00e7ekle\u015ftirilen <strong>\u201cL\u00d6SEV Kumbara \u00c7al\u0131\u015fma Protokol\u00fc\u201d<\/strong> ile <strong>\u0130zmir, Manisa, Ayd\u0131n, Denizli <\/strong>ve<strong> Mu\u011fla<\/strong> illerindeki <strong>Aydem ve Gediz Perakende M\u00fc\u015fteri \u0130li\u015fkileri Merkezlerinde (M\u0130M)<\/strong> bulunan <strong>L\u00d6SEV kumbaralar\u0131<\/strong>na m\u00fc\u015fterilerin yapm\u0131\u015f oldu\u011fu ba\u011f\u0131\u015flar, <strong>L\u00d6SEV<\/strong> taraf\u0131ndan d\u00fczenli olarak toplan\u0131yor. <strong>Aydem ve Gediz Perakende<\/strong>, 100\u2019den fazla M\u0130M\u2019de bulunan L\u00d6SEV kumbaralar\u0131na m\u00fc\u015fterilerinin yapt\u0131\u011f\u0131 ba\u011f\u0131\u015flarla <strong>2016<\/strong> y\u0131l\u0131ndan beri <strong>L\u00d6SEV<\/strong>\u2019e kay\u0131tl\u0131 y\u00fczlerce ihtiya\u00e7 sahibi aileye,<strong> l\u00f6semili &#8211; onko \u00e7ocuk <\/strong>ve<strong> yeti\u015fkin hastalara<\/strong> katk\u0131 sa\u011fl\u0131yor.<\/p>\n<h2><strong>Aydem ve Gediz Perakende Genel M\u00fcd\u00fcr\u00fc \u00c7a\u011fda\u015f DEM\u0130RA\u011e kumbara projesine ili\u015fkin g\u00f6r\u00fc\u015flerini <span style=\"text-decoration: underline;\">\u015f\u00f6yle dile getirdi:<\/span><\/strong><\/h2>\n<p>\u201c<strong>L\u00f6semili ve kan hastas\u0131 \u00e7ocuklar\u0131n, sa\u011fl\u0131k <\/strong>ve<strong> e\u011fitim<\/strong> ba\u015fta olmak \u00fczere her t\u00fcrl\u00fc ihtiya\u00e7lar\u0131n\u0131n kar\u015f\u0131lanmas\u0131na yard\u0131mc\u0131 olan <strong>L\u00d6SEV<\/strong>\u2019e, m\u00fc\u015fterilerimizin kurumumuz arac\u0131l\u0131\u011f\u0131yla destek olmas\u0131 bizi onurland\u0131r\u0131yor. <strong>Desteklerini esirgemeyen t\u00fcm m\u00fc\u015fterilerimize<\/strong> te\u015fekk\u00fcrlerimi sunuyorum. \u00c7\u00fcnk\u00fc, <strong>Aydem<\/strong> olarak hayata de\u011fer kat\u0131yoruz. <strong>Dayan\u0131\u015fman\u0131n \u00f6nemini<\/strong> bir kez daha hat\u0131rlad\u0131\u011f\u0131m\u0131z bug\u00fcnlerde <strong>en ufak bir katk\u0131m\u0131z<\/strong> olduysa ne mutlu bize\u201d.<\/p>\n<h2><strong>L\u00d6SEV Genel Koordinat\u00f6r\u00fc H\u00fclya \u00dcNVER ise proje hakk\u0131nda \u015fu <span style=\"text-decoration: underline;\">g\u00f6r\u00fc\u015flere yer verdi: <\/span><\/strong><\/h2>\n<p>\u201c<strong>T\u00fcrkiye\u2019de<\/strong> her y\u0131l <strong>200.000\u2019den fazla ki\u015fi<\/strong> kansere yakalan\u0131yor ve her y\u0131l, y\u00fczbinlerce insan <strong>kanser sebebiyle<\/strong> hayat\u0131n\u0131 kaybediyor. L\u00d6SEV olarak bu gidi\u015fe dur demek, kanser &#8211; l\u00f6semideki <strong>tedavi ba\u015far\u0131s\u0131n\u0131 art\u0131rmak<\/strong> ve <strong>fark\u0131ndal\u0131k sa\u011flamak<\/strong> i\u00e7in \u00e7al\u0131\u015fmalar\u0131m\u0131za var g\u00fcc\u00fcm\u00fczle devam ediyoruz. Bu zorlu s\u00fcre\u00e7te en \u00f6nemli g\u00fcc\u00fcm\u00fcz, siz de\u011ferli kurumlar\u0131m\u0131z ile y\u00fcr\u00fctt\u00fc\u011f\u00fcm\u00fcz <strong>sosyal sorumluluk projeleri<\/strong>mizdir. <strong>2016\u2019dan bu yana<\/strong> y\u00fcr\u00fctt\u00fc\u011f\u00fcm\u00fcz kumbara projemiz i\u00e7in<strong> Aydem ve Gediz Perakende Y\u00f6netimi<\/strong>ne ve \u00e7ok de\u011ferli m\u00fc\u015fterilerine t\u00fcm hastalar\u0131m\u0131z ad\u0131na te\u015fekk\u00fcrlerimizi sunuyoruz\u201d<\/p>\n<p><strong>Demira\u011f<\/strong> ve <strong>\u00dcnver<\/strong> daha sonra <strong>\u201cHer Kurban L\u00f6semili \u00c7ocuklara Can\u201d<\/strong> slogan\u0131yla herkesi <strong>L\u00d6SEV<\/strong>\u2019in y\u00fcr\u00fctt\u00fc\u011f\u00fc <strong>Kurban Bayram\u0131 Ba\u011f\u0131\u015f Kampanyas\u0131<\/strong>na destek olmaya davet etti.<\/p>","protected":false},"excerpt":{"rendered":"<p>Sorry, this entry is only available in Turkish. For the sake of viewer convenience, the content is shown below in the alternative language. You may click the link to switch the active language. Aydem ve Gediz Perakende m\u00fc\u015fterileri, M\u00fc\u015fteri \u0130li\u015fkileri Merkezlerinde (M\u0130M) bulunan L\u00d6SEV kumbaralar\u0131na yapt\u0131klar\u0131 ba\u011f\u0131\u015flarla L\u00d6SEV\u2019e kay\u0131tl\u0131 y\u00fczlerce hastay\u0131 ve ailesini hayata ba\u011flamaya [&hellip;]<\/p>\n","protected":false},"author":1,"featured_media":117834,"comment_status":"open","ping_status":"open","sticky":false,"template":"","format":"standard","meta":[],"categories":[51,53],"tags":[76896,76890,76895,52674,52259,76897,76898,76894,38780,76893,76892,76891,15411],"views":149,"_links":{"self":[{"href":"https:\/\/www.enerjigazetesi.ist\/en\/wp-json\/wp\/v2\/posts\/117832"}],"collection":[{"href":"https:\/\/www.enerjigazetesi.ist\/en\/wp-json\/wp\/v2\/posts"}],"about":[{"href":"https:\/\/www.enerjigazetesi.ist\/en\/wp-json\/wp\/v2\/types\/post"}],"author":[{"embeddable":true,"href":"https:\/\/www.enerjigazetesi.ist\/en\/wp-json\/wp\/v2\/users\/1"}],"replies":[{"embeddable":true,"href":"https:\/\/www.enerjigazetesi.ist\/en\/wp-json\/wp\/v2\/comments?post=117832"}],"version-history":[{"count":0,"href":"https:\/\/www.enerjigazetesi.ist\/en\/wp-json\/wp\/v2\/posts\/117832\/revisions"}],"wp:featuredmedia":[{"embeddable":true,"href":"https:\/\/www.enerjigazetesi.ist\/en\/wp-json\/wp\/v2\/media\/117834"}],"wp:attachment":[{"href":"https:\/\/www.enerjigazetesi.ist\/en\/wp-json\/wp\/v2\/media?parent=117832"}],"wp:term":[{"taxonomy":"category","embeddable":true,"href":"https:\/\/www.enerjigazetesi.ist\/en\/wp-json\/wp\/v2\/categories?post=117832"},{"taxonomy":"post_tag","embeddable":true,"href":"https:\/\/www.enerjigazetesi.ist\/en\/wp-json\/wp\/v2\/tags?post=117832"}],"curies":[{"name":"wp","href":"https:\/\/api.w.org\/{rel}","templated":true}]}}