{"id":117811,"date":"2020-07-29T16:07:07","date_gmt":"2020-07-29T13:07:07","guid":{"rendered":"https:\/\/www.enerjigazetesi.ist\/?p=117811"},"modified":"2020-07-29T16:11:49","modified_gmt":"2020-07-29T13:11:49","slug":"apple-tedarik-zincirleri-ve-urunlerde-yuzde-100-karbon-notr-taahhudu-verdi","status":"publish","type":"post","link":"https:\/\/www.enerjigazetesi.ist\/en\/apple-tedarik-zincirleri-ve-urunlerde-yuzde-100-karbon-notr-taahhudu-verdi\/","title":{"rendered":"(Turkish) Apple, Tedarik Zincirleri ve \u00dcr\u00fcnler \u0130\u00e7in % 100 Karbon N\u00f6tr Taahh\u00fcd\u00fc Verdi"},"content":{"rendered":"<p class=\"qtranxs-available-languages-message qtranxs-available-languages-message-en\">Sorry, this entry is only available in <a href=\"https:\/\/www.enerjigazetesi.ist\/tr\/wp-json\/wp\/v2\/posts\/117811\" class=\"qtranxs-available-language-link qtranxs-available-language-link-tr\" title=\"Turkish\">Turkish<\/a>. For the sake of viewer convenience, the content is shown below in the alternative language. You may click the link to switch the active language.<\/p><p><\/p>\n<h1>T\u00fcm d\u00fcnyadaki kurumsal emisyonlar\u0131 bak\u0131m\u0131ndan \u015fimdiden karbon n\u00f6tr olan Apple, IPCC hedeflerinden 20 y\u0131l \u00f6nce karbon ayak izini tamamen s\u0131f\u0131ra indirmeyi planl\u0131yor.<\/h1>\n<div class=\"pagebody-copy\">Apple bug\u00fcn <strong>2030 y\u0131l\u0131na kadar<\/strong> t\u00fcm i\u015fleri, <strong>\u00fcretim tedarik zinciri<\/strong> ve <strong>\u00fcr\u00fcn ya\u015fam d\u00f6ng\u00fcs\u00fc<\/strong> genelinde <strong>karbon n\u00f6tr<\/strong> olmay\u0131 planlad\u0131\u011f\u0131n\u0131 duyurdu. T\u00fcm d\u00fcnyadaki kurumsal operasyonlar\u0131nda \u015fimdiden karbon n\u00f6tr olan \u015firketin bu yeni taahh\u00fcd\u00fc, <strong>2030 y\u0131l\u0131na<\/strong> gelindi\u011finde sat\u0131lan her bir Apple ayg\u0131t\u0131n\u0131n <strong>iklim \u00fczerinde s\u0131f\u0131r etkiye sahip<\/strong> olaca\u011f\u0131 anlam\u0131na geliyor.<\/div>\n<div><\/div>\n<div class=\"pagebody-copy\"><img loading=\"lazy\" class=\"alignright wp-image-117815\" src=\"https:\/\/www.enerjigazetesi.ist\/wp-content\/uploads\/2020\/07\/apple-tedarik-zincirleri-ve-urunlerde-yuzde-100-karbon-notr-taahhudu-verdi.jpg\" alt=\"\" width=\"320\" height=\"207\" srcset=\"https:\/\/www.enerjigazetesi.ist\/wp-content\/uploads\/2020\/07\/apple-tedarik-zincirleri-ve-urunlerde-yuzde-100-karbon-notr-taahhudu-verdi.jpg 756w, https:\/\/www.enerjigazetesi.ist\/wp-content\/uploads\/2020\/07\/apple-tedarik-zincirleri-ve-urunlerde-yuzde-100-karbon-notr-taahhudu-verdi-300x194.jpg 300w, https:\/\/www.enerjigazetesi.ist\/wp-content\/uploads\/2020\/07\/apple-tedarik-zincirleri-ve-urunlerde-yuzde-100-karbon-notr-taahhudu-verdi-500x323.jpg 500w, https:\/\/www.enerjigazetesi.ist\/wp-content\/uploads\/2020\/07\/apple-tedarik-zincirleri-ve-urunlerde-yuzde-100-karbon-notr-taahhudu-verdi-77x50.jpg 77w\" sizes=\"(max-width: 320px) 100vw, 320px\" \/>\u201c\u0130\u015fletmeler, payla\u015ft\u0131\u011f\u0131m\u0131z gezegenle ilgili ortak endi\u015felerimize dayanarak daha s\u00fcrd\u00fcr\u00fclebilir bir gelecek in\u015fa etmek i\u00e7in b\u00fcy\u00fck bir f\u0131rsata sahipler,\u201d a\u00e7\u0131klamas\u0131n\u0131 yapan Apple CEO\u2019su <strong>Tim Cook<\/strong> s\u00f6zlerini \u015f\u00f6yle s\u00fcrd\u00fcrd\u00fc: \u201c<strong>\u00c7evre yolculu\u011fu<\/strong>muza g\u00fc\u00e7 veren <strong>inovasyonlar<\/strong> yaln\u0131zca gezegenimiz i\u00e7in iyi olmakla kalm\u0131yor, ayn\u0131 zamanda \u00fcr\u00fcnlerimizi <strong>enerji t\u00fcketimi<\/strong> a\u00e7\u0131s\u0131ndan <strong>daha verimli hale getirmemizi<\/strong> sa\u011fl\u0131yor ve d\u00fcnya \u00e7ap\u0131nda<strong> yeni temiz enerji kaynaklar\u0131<\/strong> sunuyor. \u0130klim hareketi; yenilik\u00e7i potansiyel, istihdam yaratma ve s\u00fcrd\u00fcr\u00fclebilir ekonomik b\u00fcy\u00fcmenin damgas\u0131n\u0131 vuraca\u011f\u0131 yeni bir \u00e7a\u011f\u0131n temelini olu\u015fturabilir. <strong>Karbon n\u00f6tr olma taahh\u00fcd\u00fc<\/strong>m\u00fczle, \u00e7ok daha b\u00fcy\u00fck bir de\u011fi\u015fim yaratacak bir hareketin \u00f6nc\u00fcs\u00fc olmay\u0131 umuyoruz.\u201d<\/div>\n<div><\/div>\n<div class=\"pagebody-copy\">Sekt\u00f6rler <strong>iklim de\u011fi\u015fikli\u011fi<\/strong> \u00fczerindeki etkilerini azaltmaya \u00e7al\u0131\u015f\u0131rken, Apple di\u011fer \u015firketler i\u00e7in bir yol haritas\u0131 sunarak <strong>karbon n\u00f6tr olma<\/strong> yakla\u015f\u0131m\u0131yla ilgili detayl\u0131 bilgiler sa\u011fl\u0131yor. Apple, yay\u0131mlanan <strong>2020 \u00c7evresel \u0130lerleme Raporu<\/strong>\u2019nda <strong>2030\u2019a<\/strong> kadar emisyonlar\u0131<strong> % 75<\/strong> azaltmay\u0131, <strong>geni\u015f ayak izinin<\/strong> geri kalan <strong>% 25<\/strong>\u2019lik b\u00f6l\u00fcm\u00fc i\u00e7in de <strong>yenilik\u00e7i karbon giderme \u00e7\u00f6z\u00fcmleri<\/strong> geli\u015ftirmeyi planlad\u0131\u011f\u0131n\u0131 a\u00e7\u0131kl\u0131yor.<\/div>\n<div>\n<div><\/div>\n<div class=\"pagebody-copy\">Bu \u00e7al\u0131\u015fmalar\u0131 ve daha fazlas\u0131n\u0131 desteklemek i\u00e7in <strong>Apple<\/strong>, tedarik zincirinde ve \u00e7evresel tehlikelerden orant\u0131s\u0131z bir \u015fekilde etkilenen topluluklarda olumlu sonu\u00e7lar yaratan, az\u0131nl\u0131klar\u0131n sahip oldu\u011fu i\u015fletmelere yat\u0131r\u0131m yapmaya odaklanacak bir <strong>Etki H\u0131zland\u0131r\u0131c\u0131 giri\u015fimi<\/strong> kuruyor. Bu h\u0131zland\u0131r\u0131c\u0131; Apple\u2019\u0131n k\u0131sa s\u00fcre \u00f6nce duyurdu\u011fu, <strong>e\u011fitim, ekonomik e\u015fitlik ve adalet reformu<\/strong>yla ilgili \u00e7al\u0131\u015fmalara odaklanan <strong>100 milyon ABD dolar\u0131<\/strong> de\u011ferindeki <strong>Irk E\u015fitli\u011fi ve Adalet Giri\u015fimi\u2019<\/strong>nin bir par\u00e7as\u0131n\u0131 olu\u015fturuyor.<\/div>\n<div><\/div>\n<div class=\"pagebody-copy\">\u201c<strong>\u00c7evre yolculu\u011fu<\/strong>muzdan ve gelecek i\u00e7in belirledi\u011fimiz <strong>iddial\u0131 yol haritas\u0131<\/strong>ndan gurur duyuyoruz,\u201d diyen Apple\u2019\u0131n <strong>\u00c7evre, Politika ve Sosyal Giri\u015fimlerden<\/strong> Sorumlu Ba\u015fkan Yard\u0131mc\u0131s\u0131 <strong>Lisa Jackson<\/strong> a\u00e7\u0131klamalar\u0131n\u0131 \u015f\u00f6yle s\u00fcrd\u00fcr\u00fcyor: \u201c<strong>Sistemli \u0131rk\u00e7\u0131l\u0131k<\/strong> ve<strong> iklim de\u011fi\u015fikli\u011fi<\/strong> birbirinden ayr\u0131 sorunlar de\u011fildir ve <strong>farkl\u0131 \u00e7\u00f6z\u00fcmler<\/strong> gerektirmez. Yeni nesle kendi evi olarak benimseyebilece\u011fi bir gezegen b\u0131rakmak amac\u0131yla tamamen yeni sekt\u00f6rler kurdu\u011fumuz, daha <strong>\u00e7evre dostu<\/strong> ve daha <strong>adil bir ekonomi yarat\u0131lmas\u0131na<\/strong> yard\u0131mc\u0131 olmak i\u00e7in nesillere yay\u0131lan bir f\u0131rsata sahibiz.\u201d ifadelerini kulland\u0131.<\/div>\n<\/div>\n<div><\/div>\n<div>Kaynak: <a href=\"https:\/\/www.apple.com\/tr\/newsroom\/2020\/07\/apple-commits-to-be-100-percent-carbon-neutral-for-its-supply-chain-and-products-by-2030\/\" target=\"_blank\" rel=\"nofollow noopener\">Apple<\/a><\/div>\n<p><\/p>","protected":false},"excerpt":{"rendered":"<p>Sorry, this entry is only available in Turkish. For the sake of viewer convenience, the content is shown below in the alternative language. You may click the link to switch the active language. T\u00fcm d\u00fcnyadaki kurumsal emisyonlar\u0131 bak\u0131m\u0131ndan \u015fimdiden karbon n\u00f6tr olan Apple, IPCC hedeflerinden 20 y\u0131l \u00f6nce karbon ayak izini tamamen s\u0131f\u0131ra indirmeyi planl\u0131yor. [&hellip;]<\/p>\n","protected":false},"author":1,"featured_media":117816,"comment_status":"open","ping_status":"open","sticky":false,"template":"","format":"standard","meta":[],"categories":[51,53,52,49],"tags":[76866,2655,52259,26559,76868,76865,76867,76869,1247,40310,76873,76871,76872,57125,54979,21357,793,76870],"views":73,"_links":{"self":[{"href":"https:\/\/www.enerjigazetesi.ist\/en\/wp-json\/wp\/v2\/posts\/117811"}],"collection":[{"href":"https:\/\/www.enerjigazetesi.ist\/en\/wp-json\/wp\/v2\/posts"}],"about":[{"href":"https:\/\/www.enerjigazetesi.ist\/en\/wp-json\/wp\/v2\/types\/post"}],"author":[{"embeddable":true,"href":"https:\/\/www.enerjigazetesi.ist\/en\/wp-json\/wp\/v2\/users\/1"}],"replies":[{"embeddable":true,"href":"https:\/\/www.enerjigazetesi.ist\/en\/wp-json\/wp\/v2\/comments?post=117811"}],"version-history":[{"count":0,"href":"https:\/\/www.enerjigazetesi.ist\/en\/wp-json\/wp\/v2\/posts\/117811\/revisions"}],"wp:featuredmedia":[{"embeddable":true,"href":"https:\/\/www.enerjigazetesi.ist\/en\/wp-json\/wp\/v2\/media\/117816"}],"wp:attachment":[{"href":"https:\/\/www.enerjigazetesi.ist\/en\/wp-json\/wp\/v2\/media?parent=117811"}],"wp:term":[{"taxonomy":"category","embeddable":true,"href":"https:\/\/www.enerjigazetesi.ist\/en\/wp-json\/wp\/v2\/categories?post=117811"},{"taxonomy":"post_tag","embeddable":true,"href":"https:\/\/www.enerjigazetesi.ist\/en\/wp-json\/wp\/v2\/tags?post=117811"}],"curies":[{"name":"wp","href":"https:\/\/api.w.org\/{rel}","templated":true}]}}