{"id":11773,"date":"2013-06-11T10:11:28","date_gmt":"2013-06-11T07:11:28","guid":{"rendered":"https:\/\/www.enerjigazetesi.ist\/?p=11773"},"modified":"2013-06-11T10:11:30","modified_gmt":"2013-06-11T07:11:30","slug":"gunes-paneli-talebindeki-artis-hizi-japonyada-rekor-kiriyor","status":"publish","type":"post","link":"https:\/\/www.enerjigazetesi.ist\/en\/gunes-paneli-talebindeki-artis-hizi-japonyada-rekor-kiriyor\/","title":{"rendered":"(Turkish) G\u00fcne\u015f Paneli Talebindeki Art\u0131\u015f H\u0131z\u0131 Japonya&#8217;da Rekor K\u0131r\u0131yor"},"content":{"rendered":"<p class=\"qtranxs-available-languages-message qtranxs-available-languages-message-en\">Sorry, this entry is only available in <a href=\"https:\/\/www.enerjigazetesi.ist\/tr\/wp-json\/wp\/v2\/posts\/11773\" class=\"qtranxs-available-language-link qtranxs-available-language-link-tr\" title=\"Turkish\">Turkish<\/a>. For the sake of viewer convenience, the content is shown below in the alternative language. You may click the link to switch the active language.<\/p><p><strong>Fuku\u015fima felaketinden \u00f6nce elektrik talebini y\u00fczde 30 oran\u0131nda n\u00fckleer\u00a0 enerjiden sa\u011flayan ve bunu y\u00fczde 40&#8217;a \u00e7\u0131karmay\u0131 hedefleyen Japonya \u015fimdilerde\u00a0 ise g\u00fcne\u015f enerjisinde yat\u0131r\u0131m rekorlar\u0131na sahne oluyor.<\/strong><\/p>\n<p>Japon Fotovoltaik Enerji Birli\u011fi \u00fclkedeki g\u00fcne\u015f paneli sevkiyatlar\u0131n\u0131n 31\u00a0 Mart 2013&#8217;te biten Japon mali y\u0131l\u0131nda, bir \u00f6nceki y\u0131la g\u00f6re y\u00fczde 270&#8217;den fazla\u00a0 art\u0131\u015f g\u00f6sterdi\u011fini a\u00e7\u0131klad\u0131. Birlik taraf\u0131ndan a\u00e7\u0131klanan verilere g\u00f6re bir \u00f6nceki d\u00f6nemde 1,404 MW olan\u00a0 toplam sevkiyat bu d\u00f6nemde 3,809 MW&#8217;a y\u00fckseldi.<\/p>\n<p>Y\u00fckselen talepte \u015firketler ve kamu kurumlar\u0131 ba\u015f\u0131 \u00e7ekerken, bu kurulu\u015flar\u0131n\u00a0 panel talebi y\u00fczde 760&#8217;l\u0131k art\u0131\u015f ile bir \u00f6nceki mali y\u0131ldaki 141 MW&#8217;l\u0131k\u00a0 seviyeden 2012 d\u00f6neminde 1,213 MW&#8217;a y\u00fckselirken, yaln\u0131zca enerji \u015firketlerinin\u00a0 talebindeki art\u0131\u015f ise y\u00fczde 1,266 oldu. Bu \u015firketlerin 2011&#8217;deki panel talepleri\u00a0 53 MW iken, 2012&#8217;de ise 724 MW oldu. Konutlar i\u00e7in ise 1,869 MW&#8217;l\u0131k panel\u00a0 talebinde bulunulurken, bu gruptaki art\u015f oran\u0131 y\u00fczde 55 olarak ger\u00e7ekle\u015fti.<\/p>\n<p><strong>Yenilenebilir proje ba\u015fvurular\u0131n\u0131n y\u00fczde 94&#8217;\u00fc g\u00fcne\u015f enerjisi\u00a0 i\u00e7in<\/strong><\/p>\n<p>Bununla birlikte Japonya Ekonomi, Ticaret ve Sanayi Bakanl\u0131\u011f\u0131 ise 12,258 MW\u00a0 kurulu g\u00fc\u00e7 olu\u015fturacak g\u00fcne\u015f enerjisi projesine onay verdi\u011fini a\u00e7\u0131klad\u0131. Bu\u00a0 rakam Japonya&#8217;n\u0131n devrede olan toplam yenilenebilir enerji kurulu g\u00fcc\u00fcn\u00fcn\u00a0 neredeyse yar\u0131s\u0131na e\u015fit iken ayn\u0131 zamanda bu d\u00f6nemde yap\u0131lan yenilenebilir\u00a0 enerji proje ba\u015fvurular\u0131n\u0131n ise y\u00fczde 94&#8217;\u00fcn\u00fc olu\u015fturuyor.<\/p>\n<p><a href=\"https:\/\/www.enerjigazetesi.ist\/wp-content\/uploads\/2012\/07\/gunes-paneli2.jpg\"><img loading=\"lazy\" class=\"alignleft size-medium wp-image-736\" title=\"gunes-paneli\" src=\"https:\/\/www.enerjigazetesi.ist\/wp-content\/uploads\/2012\/07\/gunes-paneli2-300x188.jpg\" alt=\"\" width=\"300\" height=\"188\" srcset=\"https:\/\/www.enerjigazetesi.ist\/wp-content\/uploads\/2012\/07\/gunes-paneli2-300x188.jpg 300w, https:\/\/www.enerjigazetesi.ist\/wp-content\/uploads\/2012\/07\/gunes-paneli2-80x50.jpg 80w, https:\/\/www.enerjigazetesi.ist\/wp-content\/uploads\/2012\/07\/gunes-paneli2.jpg 400w\" sizes=\"(max-width: 300px) 100vw, 300px\" \/><\/a>Japon h\u00fck\u00fcmeti 2011&#8217;de g\u00fcne\u015f enerjisinden \u00fcretilecek elektrik i\u00e7in\u00a0 kilovat-saat ba\u015f\u0131na 42 yenlik al\u0131m fiyat\u0131 a\u00e7\u0131klam\u0131\u015f, bu rakam\u0131 d\u00fc\u015fen sistem\u00a0 maliyetlerini gerek\u00e7e g\u00f6stererek ge\u00e7ti\u011fimiz Nisan ay\u0131nda 37.8 yene (yakla\u015f\u0131k 37\u00a0 dolar-sent) d\u00fc\u015f\u00fcrm\u00fc\u015ft\u00fc.<\/p>\n<p>Bu destek \u00c7in&#8217;de 1 y\u00fcen (14 dolar-sent), Almanya&#8217;da ise 0.1082 avro (14\u00a0 dolar sent) olarak uygulan\u0131yor. T\u00fcrkiye&#8217;de ise g\u00fcne\u015f enerjisi yat\u0131r\u0131mlar\u0131na 10\u00a0 y\u0131l boyunca ge\u00e7erli olmak \u00fczere 13.3 dolar sentlik al\u0131m garantisi sa\u011flan\u0131rken,\u00a0 bu rakam yat\u0131r\u0131mlarda yerli \u00fcretim kullan\u0131ld\u0131\u011f\u0131 takdirde ise 20 dolar-sente\u00a0 kadar y\u00fckselebiliyor.<\/p>\n<p><strong>\u0130thalat artarken ihracat azal\u0131yor<\/strong><\/p>\n<p>Bununla birlikte bu d\u00f6nemde \u00fclkedeki panel sevkiyatlar\u0131n\u0131n y\u00fczde 40&#8217;\u0131n\u0131\u00a0 ithal \u00fcr\u00fcnler olu\u015ftururken bu oran\u0131n i\u00e7inde Japon firmalar taraf\u0131ndan Japonya\u00a0 d\u0131\u015f\u0131nda \u00fcretilmi\u015f paneller de bulunuyor. \u00dclkede 2012 mali y\u0131l\u0131nda Japon olmayan\u00a0 firmalar taraf\u0131ndan 869 MW&#8217;l\u0131k panel sevkiyat\u0131 ger\u00e7ekle\u015firken, bunun t\u00fcm\u00a0 sevkiyatlar i\u00e7indeki oran\u0131 y\u00fczde 22.8 oldu.<\/p>\n<p>Japonya&#8217;da ger\u00e7ekle\u015fen toplam g\u00fcne\u015f paneli sevkiyatlar\u0131ndaki ithal \u00fcr\u00fcn\u00a0 oran\u0131 2008&#8217;de y\u00fczde 0.1, 2009&#8217;da y\u00fczde 11.3, 2010&#8217;da y\u00fczde 15.8 ve 2012&#8217;de y\u00fczde\u00a0 21.5 olarak ger\u00e7ekle\u015fmi\u015fti.<\/p>\n<p>2012 mali d\u00f6neminde Japon firmalar taraf\u0131ndan ihra\u00e7 edilen panellerin kurulu\u00a0 g\u00fcc\u00fc ise bir \u00f6nceki d\u00f6nemdeki 1,281 MW seviyesinden 562 MW&#8217;a geriledi.<\/p>\n<p>Yaln\u0131zca Ocak-Mart ay\u0131ndaki d\u00f6nemde, bir \u00f6nceki y\u0131l\u0131n ayn\u0131 d\u00f6neminde 392 MW\u00a0 olarak ger\u00e7ekle\u015fen yurt i\u00e7in sevkiyatlar ise 1,734 MW&#8217;a y\u00fckseldi.<\/p>\n<p><strong>Japonya 2013&#8217;de en b\u00fcy\u00fck pazar olacak<\/strong><\/p>\n<p>Japonya&#8217;n\u0131n g\u00fcne\u015f enerjisinde halihaz\u0131rda 7,429 MW&#8217;l\u0131k kurulu g\u00fcc\u00fc\u00a0 bulunurken \u00fclkenin 2013&#8217;de elde edilecek gelir bak\u0131m\u0131ndan d\u00fcnyan\u0131n en b\u00fcy\u00fck\u00a0 g\u00fcne\u015f enerjisi pazar\u0131 olmas\u0131 \u00f6ng\u00f6r\u00fcl\u00fcyor. Ara\u015ft\u0131rma kurulu\u015fu IHS&#8217;ye g\u00f6re Japonya\u00a0 g\u00fcne\u015f enerjisi pazar\u0131 2013 mali d\u00f6neminde 20 milyar avroluk b\u00fcy\u00fckl\u00fc\u011fe\u00a0 ula\u015facak.<\/p>\n<p>Kaynak: <a href=\"http:\/\/www.yesilekonomi.com\/yenilenebilir-enerji\/gunes-paneli-talebindeki-artis-hizi-japonyada-rekor-kiriyor\" target=\"_blank\">Ye\u015fil Ekonomi<\/a><\/p>","protected":false},"excerpt":{"rendered":"<p>Sorry, this entry is only available in Turkish. For the sake of viewer convenience, the content is shown below in the alternative language. You may click the link to switch the active language.Fuku\u015fima felaketinden \u00f6nce elektrik talebini y\u00fczde 30 oran\u0131nda n\u00fckleer\u00a0 enerjiden sa\u011flayan ve bunu y\u00fczde 40&#8217;a \u00e7\u0131karmay\u0131 hedefleyen Japonya \u015fimdilerde\u00a0 ise g\u00fcne\u015f enerjisinde yat\u0131r\u0131m [&hellip;]<\/p>\n","protected":false},"author":1,"featured_media":736,"comment_status":"open","ping_status":"open","sticky":false,"template":"","format":"standard","meta":[],"categories":[53,49],"tags":[63,67,165,502,227,13,142,4561,1547],"views":1348,"_links":{"self":[{"href":"https:\/\/www.enerjigazetesi.ist\/en\/wp-json\/wp\/v2\/posts\/11773"}],"collection":[{"href":"https:\/\/www.enerjigazetesi.ist\/en\/wp-json\/wp\/v2\/posts"}],"about":[{"href":"https:\/\/www.enerjigazetesi.ist\/en\/wp-json\/wp\/v2\/types\/post"}],"author":[{"embeddable":true,"href":"https:\/\/www.enerjigazetesi.ist\/en\/wp-json\/wp\/v2\/users\/1"}],"replies":[{"embeddable":true,"href":"https:\/\/www.enerjigazetesi.ist\/en\/wp-json\/wp\/v2\/comments?post=11773"}],"version-history":[{"count":2,"href":"https:\/\/www.enerjigazetesi.ist\/en\/wp-json\/wp\/v2\/posts\/11773\/revisions"}],"predecessor-version":[{"id":11775,"href":"https:\/\/www.enerjigazetesi.ist\/en\/wp-json\/wp\/v2\/posts\/11773\/revisions\/11775"}],"wp:featuredmedia":[{"embeddable":true,"href":"https:\/\/www.enerjigazetesi.ist\/en\/wp-json\/wp\/v2\/media\/736"}],"wp:attachment":[{"href":"https:\/\/www.enerjigazetesi.ist\/en\/wp-json\/wp\/v2\/media?parent=11773"}],"wp:term":[{"taxonomy":"category","embeddable":true,"href":"https:\/\/www.enerjigazetesi.ist\/en\/wp-json\/wp\/v2\/categories?post=11773"},{"taxonomy":"post_tag","embeddable":true,"href":"https:\/\/www.enerjigazetesi.ist\/en\/wp-json\/wp\/v2\/tags?post=11773"}],"curies":[{"name":"wp","href":"https:\/\/api.w.org\/{rel}","templated":true}]}}