{"id":117729,"date":"2020-07-28T14:49:01","date_gmt":"2020-07-28T11:49:01","guid":{"rendered":"https:\/\/www.enerjigazetesi.ist\/?p=117729"},"modified":"2020-07-28T14:55:31","modified_gmt":"2020-07-28T11:55:31","slug":"istanbul-sozlesmesi-yasatir-sen-de-tek-tikla-imzala","status":"publish","type":"post","link":"https:\/\/www.enerjigazetesi.ist\/en\/istanbul-sozlesmesi-yasatir-sen-de-tek-tikla-imzala\/","title":{"rendered":"(Turkish) \u0130stanbul S\u00f6zle\u015fmesi Ya\u015fat\u0131r&#8230; Sen de Tek T\u0131kla \u0130mzala!"},"content":{"rendered":"<p class=\"qtranxs-available-languages-message qtranxs-available-languages-message-en\">Sorry, this entry is only available in <a href=\"https:\/\/www.enerjigazetesi.ist\/tr\/wp-json\/wp\/v2\/posts\/117729\" class=\"qtranxs-available-language-link qtranxs-available-language-link-tr\" title=\"Turkish\">Turkish<\/a>. For the sake of viewer convenience, the content is shown below in the alternative language. You may click the link to switch the active language.<\/p><p><\/p>\n<h1><strong>\u0130stanbul S\u00f6zle\u015fmesi ve 6284 say\u0131l\u0131 kanun, kad\u0131na y\u00f6nelik \u015fiddet ve aile i\u00e7i \u015fiddeti \u00f6nleyebilmek i\u00e7in kabul edildi.\u00a0<\/strong>Kad\u0131nlar\u0131 koruyan bu yasa zaten gerekti\u011fi gibi uygulanmazken, \u015fimdi bir de <strong>tamamen kald\u0131r\u0131lmas\u0131 g\u00fcndemde.<\/strong><\/h1>\n<p><em>\u0130stanbul S\u00f6zle\u015fmesi <span style=\"text-decoration: underline;\">tart\u0131\u015f\u0131l\u0131rken:<\/span><\/em><br \/>\n<em>Kad\u0131nlar <strong>hayat\u0131n\u0131 kaybediyor<\/strong><\/em><br \/>\n<em><strong>Eziyet edilerek<\/strong> \u00f6ld\u00fcr\u00fcl\u00fcyor<\/em><br \/>\n<em><strong>Kad\u0131n cinayetleri<\/strong>nin \u00fcst\u00fc \u00f6rt\u00fclmeye \u00e7al\u0131\u015f\u0131l\u0131yor<\/em><\/p>\n<h2><strong>Bu kampanyayla yasan\u0131n kald\u0131r\u0131lmas\u0131 tart\u0131\u015fmalar\u0131n\u0131n sona ermesini ve etkin bir \u015fekilde uygulanmas\u0131n\u0131 talep ediyoruz.<\/strong><\/h2>\n<p><strong><img loading=\"lazy\" class=\"aligncenter wp-image-117732\" src=\"https:\/\/www.enerjigazetesi.ist\/wp-content\/uploads\/2020\/07\/istanbul-sozlesmesi-yasatir-sen-de-tek-tikla-imzala.jpg\" alt=\"\" width=\"600\" height=\"355\" srcset=\"https:\/\/www.enerjigazetesi.ist\/wp-content\/uploads\/2020\/07\/istanbul-sozlesmesi-yasatir-sen-de-tek-tikla-imzala.jpg 761w, https:\/\/www.enerjigazetesi.ist\/wp-content\/uploads\/2020\/07\/istanbul-sozlesmesi-yasatir-sen-de-tek-tikla-imzala-300x177.jpg 300w, https:\/\/www.enerjigazetesi.ist\/wp-content\/uploads\/2020\/07\/istanbul-sozlesmesi-yasatir-sen-de-tek-tikla-imzala-500x296.jpg 500w, https:\/\/www.enerjigazetesi.ist\/wp-content\/uploads\/2020\/07\/istanbul-sozlesmesi-yasatir-sen-de-tek-tikla-imzala-80x47.jpg 80w\" sizes=\"(max-width: 600px) 100vw, 600px\" \/>\u0130stanbul S\u00f6zle\u015fmesi<\/strong> ve <em>6284 nolu<\/em> <strong>yasan\u0131n i\u00e7eri\u011finden haberdar de\u011filseniz, l\u00fctfen kampanya metnini okumaya devam edin.<\/strong> \u00c7\u00fcnk\u00fc yasayla <strong>kad\u0131nlara tan\u0131nan haklar<\/strong>, t\u00fcm <strong>kad\u0131nlar i\u00e7in ya\u015famsal \u00f6nem<\/strong> ta\u015f\u0131yor.<\/p>\n<p><strong>Kampanyay\u0131 imzalay\u0131p<\/strong> payla\u015farak, hem var olan <strong>haklar\u0131m\u0131z\u0131 talep<\/strong> edebilir hem de <strong>bu haklardan haberdar olmayan<\/strong> kad\u0131nlara <strong>bu kampanyan\u0131n ula\u015fmas\u0131n\u0131<\/strong> sa\u011flayabilirsiniz.<\/p>\n<h2>Var olan ama etkin \u015fekilde uygulanmayan 6284 nolu yasa kad\u0131nlara <span style=\"text-decoration: underline;\">a\u015fa\u011f\u0131daki haklar\u0131 tan\u0131yor:<\/span><\/h2>\n<p>&#8211; <strong>Kad\u0131n\u0131n ve \u00e7ocuklar\u0131n<\/strong>, bulundu\u011fu veya ba\u015fka bir ilde bulunan <strong>s\u0131\u011f\u0131nma evine yerle\u015ftirilmesi<\/strong>,<br \/>\n&#8211; Hayati tehlike olmas\u0131 halinde <strong>ge\u00e7ici koruma (yak\u0131n koruma) verilmesi<\/strong>,<br \/>\n\u015eiddet uygulayan\u0131n <strong>evden uzakla\u015ft\u0131r\u0131lmas\u0131<\/strong> ve <strong>\u015fiddete maruz kalan<\/strong> kad\u0131n\u0131n <strong>konut, okul, i\u015fyeri<\/strong> gibi adreslerinize yakla\u015fmas\u0131n\u0131n engellenmesi,<br \/>\n&#8211; \u015eiddet uygulayan\u0131n <strong>telefon, mail, sosyal medya<\/strong> gibi ileti\u015fim ara\u00e7lar\u0131yla rahats\u0131z etmesinin engellenmesi,<br \/>\n&#8211; <strong>\u015eiddete u\u011frayan kad\u0131n\u0131n<\/strong> adresinin <strong>herhangi bir kurumda g\u00f6r\u00fcnmemesi<\/strong> i\u00e7in gizlenmesi,<br \/>\n&#8211; \u0130\u015fyerinin de\u011fi\u015ftirilmesini,<br \/>\n&#8211; \u015eiddet uygulayan\u0131n <strong>silah\u0131n\u0131 polise teslim etmesi<\/strong>ni (Polis ve jandarma olarak g\u00f6rev yap\u0131yor dahi olsa),<br \/>\n&#8211; <strong>Ge\u00e7ici maddi yard\u0131m<\/strong> ba\u011flanmas\u0131,<br \/>\n&#8211; Kad\u0131n\u0131n oturdu\u011fu <strong>eve<\/strong> aile <strong>konut \u015ferhi konulmas\u0131<\/strong>,<br \/>\n&#8211; Ge\u00e7ici <strong>velayet<\/strong> ve <strong>tedbir<\/strong> nafakas\u0131,<br \/>\n&#8211; <strong>Kimlik<\/strong> ve ilgili <strong>di\u011fer bilgilerinizin<\/strong> de\u011fi\u015ftirilmesi talep edilebilir,<br \/>\n&#8211; Ayr\u0131ca<strong> kad\u0131n sigortal\u0131 de\u011filse<\/strong> ya da <strong>sigorta prim borcu<\/strong> olsa dahi <strong>koruma karar\u0131n\u0131n ge\u00e7erli oldu\u011fu s\u00fcre boyunca, sa\u011fl\u0131k hizmetlerinden sigorta kapsam\u0131nda yararlanabilir<\/strong> ve <strong>ila\u00e7lar\u0131n\u0131z\u0131 sigorta kapsam\u0131<\/strong>nda alabilir.<\/p>\n<p>Yukar\u0131da g\u00f6rd\u00fc\u011f\u00fcn\u00fcz gibi, asl\u0131nda <strong>erkek \u015fiddetine u\u011frayan<\/strong> kad\u0131nlar\u0131n haklar\u0131n\u0131 korumak i\u00e7in \u00e7ok etkili olabilecek bir yasam\u0131z var. Ancak <strong>maalesef uygulanmad\u0131\u011f\u0131<\/strong> i\u00e7in her y\u0131l <strong>\u00e7ok say\u0131da kad\u0131n<\/strong> katlediliyor.<\/p>\n<h2><strong>Bu yasan\u0131n uygulanmas\u0131 i\u00e7in sonuna kadar sesimizi \u00e7\u0131karmaya devam edece\u011fiz.<\/strong><\/h2>\n<p>L\u00fctfen siz de<strong> imzalay\u0131n<\/strong> ve <strong>payla\u015f\u0131n<\/strong>. Hem<strong> yasan\u0131n uygulanmas\u0131<\/strong>, hem de <strong>kad\u0131nlar\u0131n haklar\u0131ndan haberdar olmalar\u0131<\/strong> i\u00e7in.<\/p>\n<h2><strong>Peki \u0130stanbul S\u00f6zle\u015fmesi nedir?<\/strong><\/h2>\n<p>Resmi ad\u0131 \u201c<strong>Kad\u0131na Y\u00f6nelik \u015eiddet ve Ev \u0130\u00e7i \u015eiddetin \u00d6nlenmesi ve Bunlarla M\u00fccadeleye Dair Avrupa Konseyi S\u00f6zle\u015fmesi<\/strong>\u201d olan <strong>\u0130stanbul S\u00f6zle\u015fmesi<\/strong>, \u0130mzac\u0131 devletlere kad\u0131nlar\u0131 her t\u00fcrl\u00fc <em>\u015fiddete kar\u015f\u0131 korumak, ayr\u0131mc\u0131l\u0131\u011f\u0131n \u00f6n\u00fcne ge\u00e7mek ve kad\u0131nlar\u0131n g\u00fc\u00e7lendirilmesi<\/em> yoluyla <strong>e\u015fitli\u011fin sa\u011flanmas\u0131<\/strong> bak\u0131m\u0131ndan y\u00fck\u00fcml\u00fcl\u00fckler getiriyor. Bu s\u00f6zle\u015fmeyi ilk imzalayan \u00fclke<strong> T\u00fcrkiye<\/strong>.<\/p>\n<p><strong>T\u00fcrkiye\u2019de S\u00f6zle\u015fme kapsam\u0131nda<\/strong> kad\u0131n \u00f6rg\u00fctlerinin <strong>b\u00fcy\u00fck m\u00fccadeleleri sonucunda<\/strong> at\u0131lan somut ad\u0131mlardan biri <strong>2012 y\u0131l\u0131nda<\/strong> \u00e7\u0131kar\u0131lan <strong>6284 say\u0131l\u0131 Ailenin Korunmas\u0131 ve Kad\u0131na Kar\u015f\u0131 \u015eiddetin \u00d6nlenmesine Dair Kanun<\/strong>\u2019dur.<\/p>\n<h2 style=\"text-align: center;\"><span style=\"color: #993300;\"><a style=\"color: #993300;\" href=\"https:\/\/click.e.change.org\/f\/a\/wEPZki7L-6njr61kkfEQ7g~~\/AANj1QA~\/RgRhAnHFP4TUAWh0dHBzOi8vd3d3LmNoYW5nZS5vcmcvcC9rYWTEsW5sYXLEsS1rb3J1eWFuLWlzdGFuYnVsLXPDtnpsZcWfbWVzaS11eWd1bGFuc8Sxbi1pc3RhbmJ1bHPDtnpsZcWfbWVzaXlhxZ9hdMSxci1pc3RhbmJ1bHNvemxlbWVzaXlhc2F0aXItcGluYXJndWx0ZWtpbi10Ym1tcmVzbWktYWRhbGV0LWJha2FubGlrL3NpZ24tbm93P2NzX3RrPUFqYUF2QWxaM01uTVBFVGhJMThBQVhpY3l5dk55UUVBQkY4QnZFcE8yRFRLUnVwbTk0alJiQ2hpRFlBJTNEJnB0PUFWQmxkR2wwYVc5dUFHSEVMUUVBQUFBQVh4JTI1MkZzdWpseHZUWmlNR05tTW1FeE9RJTI1M0QlMjUzRCZzb3VyY2VfbG9jYXRpb249YWFfc2lnbl9hc2smdXRtX2NhbXBhaWduPWVlMTcwZTZmOWMxMTQ0Y2Q5NDA5Yjc0NzVhNjA1NTMyJnV0bV9jb250ZW50PWluaXRpYWxfdjBfMV8wJnV0bV9tZWRpdW09ZW1haWwmdXRtX3NvdXJjZT1hYV9zaWduX2FzayZ1dG1fdGVybT1jc1cDc3BjQgoAHcbsH19umvDaUh9zYXJwLmFsdGluZWxAZW5lcmppZ2F6ZXRlc2kuaXN0WAQAAAAC\"><strong>Sende Tek T\u0131kla Change.Org&#8217;a \u0130mza Ver &gt;&gt;&gt;<\/strong><\/a><\/span><\/h2>\n<p><\/p>","protected":false},"excerpt":{"rendered":"<p>Sorry, this entry is only available in Turkish. For the sake of viewer convenience, the content is shown below in the alternative language. You may click the link to switch the active language. \u0130stanbul S\u00f6zle\u015fmesi ve 6284 say\u0131l\u0131 kanun, kad\u0131na y\u00f6nelik \u015fiddet ve aile i\u00e7i \u015fiddeti \u00f6nleyebilmek i\u00e7in kabul edildi.\u00a0Kad\u0131nlar\u0131 koruyan bu yasa zaten gerekti\u011fi [&hellip;]<\/p>\n","protected":false},"author":1,"featured_media":117732,"comment_status":"open","ping_status":"open","sticky":false,"template":"","format":"standard","meta":[],"categories":[51,53],"tags":[76771,76757,76761,76767,60791,76770,52259,76753,76759,76769,76755,76763,76764,76760,76756,76758,76772,76766,76762,76754,76768,76765],"views":283,"_links":{"self":[{"href":"https:\/\/www.enerjigazetesi.ist\/en\/wp-json\/wp\/v2\/posts\/117729"}],"collection":[{"href":"https:\/\/www.enerjigazetesi.ist\/en\/wp-json\/wp\/v2\/posts"}],"about":[{"href":"https:\/\/www.enerjigazetesi.ist\/en\/wp-json\/wp\/v2\/types\/post"}],"author":[{"embeddable":true,"href":"https:\/\/www.enerjigazetesi.ist\/en\/wp-json\/wp\/v2\/users\/1"}],"replies":[{"embeddable":true,"href":"https:\/\/www.enerjigazetesi.ist\/en\/wp-json\/wp\/v2\/comments?post=117729"}],"version-history":[{"count":0,"href":"https:\/\/www.enerjigazetesi.ist\/en\/wp-json\/wp\/v2\/posts\/117729\/revisions"}],"wp:featuredmedia":[{"embeddable":true,"href":"https:\/\/www.enerjigazetesi.ist\/en\/wp-json\/wp\/v2\/media\/117732"}],"wp:attachment":[{"href":"https:\/\/www.enerjigazetesi.ist\/en\/wp-json\/wp\/v2\/media?parent=117729"}],"wp:term":[{"taxonomy":"category","embeddable":true,"href":"https:\/\/www.enerjigazetesi.ist\/en\/wp-json\/wp\/v2\/categories?post=117729"},{"taxonomy":"post_tag","embeddable":true,"href":"https:\/\/www.enerjigazetesi.ist\/en\/wp-json\/wp\/v2\/tags?post=117729"}],"curies":[{"name":"wp","href":"https:\/\/api.w.org\/{rel}","templated":true}]}}