{"id":117724,"date":"2020-07-28T14:30:51","date_gmt":"2020-07-28T11:30:51","guid":{"rendered":"https:\/\/www.enerjigazetesi.ist\/?p=117724"},"modified":"2020-07-28T14:32:52","modified_gmt":"2020-07-28T11:32:52","slug":"elektrik-tuketimi-dustu-ancak-faturalar-yukseldi","status":"publish","type":"post","link":"https:\/\/www.enerjigazetesi.ist\/en\/elektrik-tuketimi-dustu-ancak-faturalar-yukseldi\/","title":{"rendered":"(Turkish) Elektrik T\u00fcketimi D\u00fc\u015ft\u00fc Ancak Faturalar Y\u00fckseldi"},"content":{"rendered":"<p class=\"qtranxs-available-languages-message qtranxs-available-languages-message-en\">Sorry, this entry is only available in <a href=\"https:\/\/www.enerjigazetesi.ist\/tr\/wp-json\/wp\/v2\/posts\/117724\" class=\"qtranxs-available-language-link qtranxs-available-language-link-tr\" title=\"Turkish\">Turkish<\/a>. For the sake of viewer convenience, the content is shown below in the alternative language. You may click the link to switch the active language.<\/p><p><\/p>\n<h1><strong>2019 ve 2020 y\u0131l\u0131n\u0131n May\u0131s, Haziran aylar\u0131ndaki elektrik kullan\u0131m verilerini incelenirken Temmuz ay\u0131 i\u00e7in de tahmini datalar\u0131 \u00e7\u0131kar\u0131ld\u0131. Buna g\u00f6re 2020 y\u0131l\u0131nda ge\u00e7ti\u011fimiz y\u0131l\u0131n May\u0131s ve Haziran aylar\u0131na g\u00f6re elektrik t\u00fcketiminin azald\u0131\u011f\u0131 g\u00f6r\u00fcl\u00fcrken \u00f6denen faturalar\u0131n y\u00fckselmesi <img loading=\"lazy\" class=\"alignright wp-image-117726\" src=\"https:\/\/www.enerjigazetesi.ist\/wp-content\/uploads\/2020\/07\/elektrik-tuketimi-dustu-ancak-faturalar-yukseldi-1.jpg\" alt=\"\" width=\"320\" height=\"213\" srcset=\"https:\/\/www.enerjigazetesi.ist\/wp-content\/uploads\/2020\/07\/elektrik-tuketimi-dustu-ancak-faturalar-yukseldi-1.jpg 732w, https:\/\/www.enerjigazetesi.ist\/wp-content\/uploads\/2020\/07\/elektrik-tuketimi-dustu-ancak-faturalar-yukseldi-1-300x200.jpg 300w, https:\/\/www.enerjigazetesi.ist\/wp-content\/uploads\/2020\/07\/elektrik-tuketimi-dustu-ancak-faturalar-yukseldi-1-500x333.jpg 500w, https:\/\/www.enerjigazetesi.ist\/wp-content\/uploads\/2020\/07\/elektrik-tuketimi-dustu-ancak-faturalar-yukseldi-1-75x50.jpg 75w, https:\/\/www.enerjigazetesi.ist\/wp-content\/uploads\/2020\/07\/elektrik-tuketimi-dustu-ancak-faturalar-yukseldi-1-450x300.jpg 450w\" sizes=\"(max-width: 320px) 100vw, 320px\" \/>dikkat \u00e7ekiyor.<\/strong><\/h1>\n<p>Ge\u00e7ti\u011fimiz aylarda <strong>Koronavir\u00fcs<\/strong> nedeniyle <strong>i\u015fyerleri kapanmak<\/strong> zorunda kal\u0131rken insanlar evlerinde daha \u00e7ok vakit ge\u00e7irdi. \u0130\u015fyerlerinin <strong>elektrik t\u00fcketimi azal\u0131rken<\/strong> hanelerinki artt\u0131. <strong>Elektrik tarifeleri<\/strong> kar\u015f\u0131la\u015ft\u0131rma ve tedarik\u00e7i de\u011fi\u015ftirme internet sitesi <strong>encazip.com<\/strong> 2019 ve 2020 y\u0131l\u0131n\u0131n <strong>May\u0131s, Haziran aylar\u0131ndaki elektrik kullan\u0131m verileri<\/strong>ni inceledi, <strong>Temmuz ay\u0131<\/strong> i\u00e7in de tahmini datalar\u0131 \u00e7\u0131kard\u0131. Ge\u00e7en senenin <strong>May\u0131s ve Haziran<\/strong> aylar\u0131na g\u00f6re elektrik t\u00fcketiminin azald\u0131\u011f\u0131 g\u00f6r\u00fcl\u00fcrken <strong>\u00f6denen faturalar\u0131n y\u00fckselmesi<\/strong> dikkat \u00e7ekiyor.<\/p>\n<table>\n<tbody>\n<tr>\n<td><\/td>\n<td><strong>Elektrik t\u00fcketimi (mWh)<\/strong><\/td>\n<td><strong>De\u011fi\u015fim % (2019\u2019un ayn\u0131 ay\u0131)<\/strong><\/td>\n<\/tr>\n<tr>\n<td><strong>May\u0131s 2019<\/strong><\/td>\n<td>23,1 Milyon<\/td>\n<td><\/td>\n<\/tr>\n<tr>\n<td><strong>Haziran 2019<\/strong><\/td>\n<td>22,7 Milyon<\/td>\n<td><\/td>\n<\/tr>\n<tr>\n<td><strong>Temmuz 2019<\/strong><\/td>\n<td>26,5 Milyon<\/td>\n<td><\/td>\n<\/tr>\n<tr>\n<td><strong>May\u0131s 2020<\/strong><\/td>\n<td>19,4 Milyon<\/td>\n<td>-0,16<\/td>\n<\/tr>\n<tr>\n<td><strong>Haziran 2020<\/strong><\/td>\n<td>22 Milyon<\/td>\n<td>-0,03<\/td>\n<\/tr>\n<tr>\n<td><strong>Temmuz 2020<\/strong><\/td>\n<td>27 Milyon<\/td>\n<td>0,02<\/td>\n<\/tr>\n<\/tbody>\n<\/table>\n<h2><strong>TABLO-1: May\u0131s \u2013 Temmuz iki y\u0131l\u0131n elektrik t\u00fcketimi kar\u015f\u0131la\u015ft\u0131rmas\u0131<\/strong><\/h2>\n<p><em>*Temmuz 2020 i\u00e7in tahmini t\u00fcketim verisi kullan\u0131lm\u0131\u015ft\u0131r.<\/em><\/p>\n<table>\n<tbody>\n<tr>\n<td><\/td>\n<td><strong>Mesken<\/strong><\/td>\n<td><strong>Sanayi<\/strong><\/td>\n<td><strong>Ticarethane<\/strong><\/td>\n<\/tr>\n<tr>\n<td><strong>May.19<\/strong><\/td>\n<td>4 Milyar TL<\/td>\n<td>5,5 Milyar TL<\/td>\n<td>3,7 Milyar TL<\/td>\n<\/tr>\n<tr>\n<td><strong>Haz.19<\/strong><\/td>\n<td>3,96 Milyar TL<\/td>\n<td>5,3 Milyar TL<\/td>\n<td>3,6 Milyar TL<\/td>\n<\/tr>\n<tr>\n<td><strong>Tem.19<\/strong><\/td>\n<td>5,32 Milyar TL<\/td>\n<td>7,1 Milyar TL<\/td>\n<td>4,9 Milyar TL<\/td>\n<\/tr>\n<tr>\n<td><strong>May.20<\/strong><\/td>\n<td>4.5 Milyar TL<\/td>\n<td>6,1 Milyar TL<\/td>\n<td>4,1 Milyar TL<\/td>\n<\/tr>\n<tr>\n<td><strong>Haz.20<\/strong><\/td>\n<td>5,1 Milyar TL<\/td>\n<td>6,9 Milyar TL<\/td>\n<td>4,6 Milyar TL<\/td>\n<\/tr>\n<tr>\n<td><strong>Tem.20<\/strong><\/td>\n<td>6,3 Milyar TL<\/td>\n<td>8,5 Milyar TL<\/td>\n<td>5,6 Milyar TL<\/td>\n<\/tr>\n<\/tbody>\n<\/table>\n<p>T\u00fcm d\u00fcnya gibi \u00fclkemizde de ya\u015fanan <strong>pandemi dolay\u0131s\u0131yla<\/strong> bir\u00e7ok i\u015fletme \u00e7al\u0131\u015fmalar\u0131na ara verdi. <strong>Haziran ay\u0131nda<\/strong> kademeli olarak <strong>normalle\u015fme s\u00fcrecine<\/strong> ge\u00e7ilmesiyle elektrik t\u00fcketimi de ge\u00e7ti\u011fimiz y\u0131l\u0131n seviyelere yakla\u015ft\u0131. <strong>May\u0131s 2020<\/strong>\u2019deki kullan\u0131m miktar\u0131 bir \u00f6nceki y\u0131l\u0131n ayn\u0131 ay\u0131na g\u00f6re y\u00fczde 16 azal\u0131rken, <strong>Haziran 2020\u2019de<\/strong> yava\u015f yava\u015f yeni normalle birlikte <strong>elektrik t\u00fcketimi<\/strong> bir \u00f6nceki y\u0131la g\u00f6re y\u00fczde 3 daha d\u00fc\u015f\u00fck seyretti. Temmuz sonu itibariyle de ge\u00e7en seneye g\u00f6re <strong>% 2<\/strong> art\u0131\u015f beklediklerini belirten <strong>encazip.com<\/strong> kurucusu <strong>\u00c7a\u011fada K\u0131r\u0131m<\/strong>, \u201cT\u00fcm d\u00fcnyay\u0131 derinden etkileyen Covid-19 s\u00fcrecinden dolay\u0131 <strong>elektrik t\u00fcketimi d\u00fc\u015f\u00fc\u015f<\/strong> g\u00f6sterse de ge\u00e7ti\u011fimiz y\u0131l ile k\u0131yaslad\u0131\u011f\u0131m\u0131zda kesilen fatura tutarlar\u0131nda ayn\u0131 sonucu g\u00f6remiyoruz\u201d dedi. Buradan yola \u00e7\u0131karak y\u00fckselen <strong>elektrik fiyatlar\u0131na vurgu<\/strong> yapan K\u0131r\u0131m, \u201c<strong>Y\u00fcksek faturalara kar\u015f\u0131<\/strong> en iyi tedbir <strong>t\u00fcm abonelerin elektrik tedarik\u00e7ilerini de\u011fi\u015ftirerek<\/strong> en cazip <strong>elektrik tarifesini se\u00e7meli<\/strong> ve b\u00f6ylece daha ucuz fiyatlarla ile t\u00fcketim yoluna gitmeleridir\u201d dedi.<\/p>\n<p><em><strong>*Ulusal Elektrik tarifesi da\u011f\u0131t\u0131m sistemi<\/strong> kullan\u0131c\u0131lar\u0131, tek terimli, <strong>al\u00e7ak gerilim birim fiyatlar\u0131<\/strong>na g\u00f6re hesaplanm\u0131\u015ft\u0131r. <strong>Temmuz \u201920<\/strong> t\u00fcketimleri tahminidir.<\/em><\/p>","protected":false},"excerpt":{"rendered":"<p>Sorry, this entry is only available in Turkish. For the sake of viewer convenience, the content is shown below in the alternative language. You may click the link to switch the active language. 2019 ve 2020 y\u0131l\u0131n\u0131n May\u0131s, Haziran aylar\u0131ndaki elektrik kullan\u0131m verilerini incelenirken Temmuz ay\u0131 i\u00e7in de tahmini datalar\u0131 \u00e7\u0131kar\u0131ld\u0131. Buna g\u00f6re 2020 y\u0131l\u0131nda [&hellip;]<\/p>\n","protected":false},"author":1,"featured_media":117727,"comment_status":"open","ping_status":"open","sticky":false,"template":"","format":"standard","meta":[],"categories":[51,53],"tags":[6935,53114,3804,43859,43449,65403,43081,130,52259,76750,76751,76752],"views":97,"_links":{"self":[{"href":"https:\/\/www.enerjigazetesi.ist\/en\/wp-json\/wp\/v2\/posts\/117724"}],"collection":[{"href":"https:\/\/www.enerjigazetesi.ist\/en\/wp-json\/wp\/v2\/posts"}],"about":[{"href":"https:\/\/www.enerjigazetesi.ist\/en\/wp-json\/wp\/v2\/types\/post"}],"author":[{"embeddable":true,"href":"https:\/\/www.enerjigazetesi.ist\/en\/wp-json\/wp\/v2\/users\/1"}],"replies":[{"embeddable":true,"href":"https:\/\/www.enerjigazetesi.ist\/en\/wp-json\/wp\/v2\/comments?post=117724"}],"version-history":[{"count":0,"href":"https:\/\/www.enerjigazetesi.ist\/en\/wp-json\/wp\/v2\/posts\/117724\/revisions"}],"wp:featuredmedia":[{"embeddable":true,"href":"https:\/\/www.enerjigazetesi.ist\/en\/wp-json\/wp\/v2\/media\/117727"}],"wp:attachment":[{"href":"https:\/\/www.enerjigazetesi.ist\/en\/wp-json\/wp\/v2\/media?parent=117724"}],"wp:term":[{"taxonomy":"category","embeddable":true,"href":"https:\/\/www.enerjigazetesi.ist\/en\/wp-json\/wp\/v2\/categories?post=117724"},{"taxonomy":"post_tag","embeddable":true,"href":"https:\/\/www.enerjigazetesi.ist\/en\/wp-json\/wp\/v2\/tags?post=117724"}],"curies":[{"name":"wp","href":"https:\/\/api.w.org\/{rel}","templated":true}]}}