{"id":11762,"date":"2013-06-11T09:31:06","date_gmt":"2013-06-11T06:31:06","guid":{"rendered":"https:\/\/www.enerjigazetesi.ist\/?p=11762"},"modified":"2013-06-11T09:31:06","modified_gmt":"2013-06-11T06:31:06","slug":"iklim-degisikligi-eylem-plani-hazirlandi","status":"publish","type":"post","link":"https:\/\/www.enerjigazetesi.ist\/en\/iklim-degisikligi-eylem-plani-hazirlandi\/","title":{"rendered":"(Turkish) \u0130klim De\u011fi\u015fikli\u011fi Eylem Plan\u0131 Haz\u0131rland\u0131&#8230;"},"content":{"rendered":"<p class=\"qtranxs-available-languages-message qtranxs-available-languages-message-en\">Sorry, this entry is only available in <a href=\"https:\/\/www.enerjigazetesi.ist\/tr\/wp-json\/wp\/v2\/posts\/11762\" class=\"qtranxs-available-language-link qtranxs-available-language-link-tr\" title=\"Turkish\">Turkish<\/a>. For the sake of viewer convenience, the content is shown below in the alternative language. You may click the link to switch the active language.<\/p><p><strong>\u00c7evre ve \u015eehircilik Bakanl\u0131\u011f\u0131 iklim de\u011fi\u015fikli\u011fi i\u00e7in 2023 hedeflerini belirledi. Buna g\u00f6re enerji verimlili\u011fi uygulamalar\u0131 i\u00e7in verilen te\u015fvik miktar\u0131 2015 y\u0131l\u0131na kadar y\u00fczde 100 art\u0131r\u0131lacak, iklim de\u011f<a href=\"https:\/\/www.enerjigazetesi.ist\/wp-content\/uploads\/2012\/06\/iklim-degisikligi-turkiye.jpg\"><img loading=\"lazy\" class=\"alignright size-full wp-image-561\" title=\"iklim-degisikligi-turkiye\" src=\"https:\/\/www.enerjigazetesi.ist\/wp-content\/uploads\/2012\/06\/iklim-degisikligi-turkiye.jpg\" alt=\"\" width=\"275\" height=\"183\" srcset=\"https:\/\/www.enerjigazetesi.ist\/wp-content\/uploads\/2012\/06\/iklim-degisikligi-turkiye.jpg 275w, https:\/\/www.enerjigazetesi.ist\/wp-content\/uploads\/2012\/06\/iklim-degisikligi-turkiye-75x50.jpg 75w\" sizes=\"(max-width: 275px) 100vw, 275px\" \/><\/a>i\u015fikli\u011fiyle m\u00fccadelede i\u00e7in bilim kamplar\u0131 kurularak \u00f6\u011frencilere e\u011fitim verilecek.<\/strong><\/p>\n<p>Bakanl\u0131k 2023 hedefleri i\u00e7in &#8220;\u0130klim De\u011fi\u015fikli\u011fi Eylem Plan\u0131&#8221; haz\u0131rlad\u0131. Buna g\u00f6re; demiryolu ve denizyollar\u0131n\u0131n y\u00fck ve yolcu ta\u015f\u0131mac\u0131l\u0131\u011f\u0131ndaki pay\u0131 art\u0131r\u0131lacak. Havayollar\u0131nda sera gaz\u0131 emisyonlar\u0131n\u0131n s\u0131n\u0131rland\u0131r\u0131lmas\u0131na y\u00f6nelik d\u00fczenleme yap\u0131lacak.<br \/>\nVah\u015fi at\u0131k depolama sahalar\u0131n\u0131n tamam\u0131 ise kapat\u0131lacak, kamu binalar\u0131na da enerji y\u00f6neticileri atanacak.<\/p>\n<p>\u00d6\u011frencilerin iklim de\u011fi\u015fikli\u011fi konusunda bilgi sahibi olabilmesi i\u00e7in de bilim kamplar\u0131 kurulacak, 120&#8217;si 7. S\u0131n\u0131f \u00f6\u011frencisi ve 60&#8217;\u0131 \u00fcniversite \u00f6\u011frencisi olmak \u00fczere toplam 180 \u00f6\u011frenciye iklim de\u011fi\u015fikli\u011finin etkileri anlat\u0131lacak.<\/p>\n<p>Kaynak: <a href=\"https:\/\/www.enerjigazetesi.ist\" target=\"_blank\">Enerji Gazetesi<\/a><\/p>","protected":false},"excerpt":{"rendered":"<p>Sorry, this entry is only available in Turkish. For the sake of viewer convenience, the content is shown below in the alternative language. You may click the link to switch the active language.\u00c7evre ve \u015eehircilik Bakanl\u0131\u011f\u0131 iklim de\u011fi\u015fikli\u011fi i\u00e7in 2023 hedeflerini belirledi. Buna g\u00f6re enerji verimlili\u011fi uygulamalar\u0131 i\u00e7in verilen te\u015fvik miktar\u0131 2015 y\u0131l\u0131na kadar y\u00fczde [&hellip;]<\/p>\n","protected":false},"author":1,"featured_media":561,"comment_status":"open","ping_status":"open","sticky":false,"template":"","format":"standard","meta":[],"categories":[53,52],"tags":[63,67,103,12,486,5861,1999,5863,2533,1296,5862],"views":777,"_links":{"self":[{"href":"https:\/\/www.enerjigazetesi.ist\/en\/wp-json\/wp\/v2\/posts\/11762"}],"collection":[{"href":"https:\/\/www.enerjigazetesi.ist\/en\/wp-json\/wp\/v2\/posts"}],"about":[{"href":"https:\/\/www.enerjigazetesi.ist\/en\/wp-json\/wp\/v2\/types\/post"}],"author":[{"embeddable":true,"href":"https:\/\/www.enerjigazetesi.ist\/en\/wp-json\/wp\/v2\/users\/1"}],"replies":[{"embeddable":true,"href":"https:\/\/www.enerjigazetesi.ist\/en\/wp-json\/wp\/v2\/comments?post=11762"}],"version-history":[{"count":2,"href":"https:\/\/www.enerjigazetesi.ist\/en\/wp-json\/wp\/v2\/posts\/11762\/revisions"}],"predecessor-version":[{"id":11764,"href":"https:\/\/www.enerjigazetesi.ist\/en\/wp-json\/wp\/v2\/posts\/11762\/revisions\/11764"}],"wp:featuredmedia":[{"embeddable":true,"href":"https:\/\/www.enerjigazetesi.ist\/en\/wp-json\/wp\/v2\/media\/561"}],"wp:attachment":[{"href":"https:\/\/www.enerjigazetesi.ist\/en\/wp-json\/wp\/v2\/media?parent=11762"}],"wp:term":[{"taxonomy":"category","embeddable":true,"href":"https:\/\/www.enerjigazetesi.ist\/en\/wp-json\/wp\/v2\/categories?post=11762"},{"taxonomy":"post_tag","embeddable":true,"href":"https:\/\/www.enerjigazetesi.ist\/en\/wp-json\/wp\/v2\/tags?post=11762"}],"curies":[{"name":"wp","href":"https:\/\/api.w.org\/{rel}","templated":true}]}}