{"id":117599,"date":"2020-07-25T15:46:56","date_gmt":"2020-07-25T12:46:56","guid":{"rendered":"https:\/\/www.enerjigazetesi.ist\/?p=117599"},"modified":"2020-07-25T16:06:17","modified_gmt":"2020-07-25T13:06:17","slug":"kosgeb-in-dijitallesme-destek-cagrisinda-odak-nokta-akilli-enerji-yonetimi","status":"publish","type":"post","link":"https:\/\/www.enerjigazetesi.ist\/en\/kosgeb-in-dijitallesme-destek-cagrisinda-odak-nokta-akilli-enerji-yonetimi\/","title":{"rendered":"(Turkish) KOSGEB&#8217;in Dijitalle\u015fme Destek \u00c7a\u011fr\u0131s\u0131nda Odak Nokta &#8216;Ak\u0131ll\u0131 Enerji Y\u00f6netimi'"},"content":{"rendered":"<p class=\"qtranxs-available-languages-message qtranxs-available-languages-message-en\">Sorry, this entry is only available in <a href=\"https:\/\/www.enerjigazetesi.ist\/tr\/wp-json\/wp\/v2\/posts\/117599\" class=\"qtranxs-available-language-link qtranxs-available-language-link-tr\" title=\"Turkish\">Turkish<\/a>. For the sake of viewer convenience, the content is shown below in the alternative language. You may click the link to switch the active language.<\/p><p><\/p>\n<h1>\u0130malat sekt\u00f6r\u00fcndeki KOB\u0130\u2019lere dijitalle\u015fmeye y\u00f6nelik KOB\u0130- GEL destek \u00e7a\u011fr\u0131s\u0131 22 Temmuz 2020&#8217;de a\u00e7\u0131ld\u0131. Projeye y\u00f6nelik son ba\u015fvuru tarihi 17 Eyl\u00fcl 2020 olup destek \u00e7a\u011fr\u0131s\u0131 kapsam\u0131nda belirlenen\u00a0<span style=\"text-decoration: underline;\">hedef sekt\u00f6rler ise;<\/span><\/h1>\n<p>&#8211; Bilgisayarlar\u0131n, elektronik ve optik \u00fcr\u00fcnlerin imalat\u0131<\/p>\n<p>&#8211; Ba\u015fka yerde s\u0131n\u0131fland\u0131r\u0131lmam\u0131\u015f makine ve ekipman imalat\u0131<\/p>\n<p>&#8211; Hava ve uzay ara\u00e7lar\u0131yla ilgili makine imalat\u0131<\/p>\n<h1><span style=\"text-decoration: underline;\"><img loading=\"lazy\" class=\"alignright wp-image-117603\" src=\"https:\/\/www.enerjigazetesi.ist\/wp-content\/uploads\/2020\/07\/kosgeb-in-dijitallesme-destek-cagrisinda-odak-nokta-akilli-enerji-yonetimi.jpg\" alt=\"\" width=\"320\" height=\"328\" srcset=\"https:\/\/www.enerjigazetesi.ist\/wp-content\/uploads\/2020\/07\/kosgeb-in-dijitallesme-destek-cagrisinda-odak-nokta-akilli-enerji-yonetimi.jpg 532w, https:\/\/www.enerjigazetesi.ist\/wp-content\/uploads\/2020\/07\/kosgeb-in-dijitallesme-destek-cagrisinda-odak-nokta-akilli-enerji-yonetimi-292x300.jpg 292w, https:\/\/www.enerjigazetesi.ist\/wp-content\/uploads\/2020\/07\/kosgeb-in-dijitallesme-destek-cagrisinda-odak-nokta-akilli-enerji-yonetimi-390x400.jpg 390w, https:\/\/www.enerjigazetesi.ist\/wp-content\/uploads\/2020\/07\/kosgeb-in-dijitallesme-destek-cagrisinda-odak-nokta-akilli-enerji-yonetimi-49x50.jpg 49w\" sizes=\"(max-width: 320px) 100vw, 320px\" \/><\/span><\/h1>\n<p>&#8211; Makine ve ekipmanlar\u0131n kurulumu ve onar\u0131m\u0131<\/p>\n<p>&#8211; Telekom\u00fcnikasyon<\/p>\n<p>&#8211; Bilgisayar programlama, dan\u0131\u015fmanl\u0131k ve ilgili faaliyetler<\/p>\n<p>&#8211; Veri i\u015fleme, bar\u0131nd\u0131rma ve ilgili faaliyetler; web portallar\u0131&#8217;d\u0131r.<\/p>\n<p><strong>\u00c7a\u011fr\u0131 kapsam\u0131nda<\/strong> bu sekt\u00f6rlerde<strong> \u00fcr\u00fcn\/yaz\u0131l\u0131m geli\u015ftirmekte<\/strong> olan firmalar\u0131n \u00fcr\u00fcnlerinde <strong>KOB\u0130\u2019lerin<\/strong> ihtiya\u00e7lar\u0131na g\u00f6re <strong>geli\u015ftirme, uyarlama, mod\u00fcl ekleme, fonksiyonel optimizasyon<\/strong> gibi \u00e7al\u0131\u015fmalar yaparak, <strong>KOB\u0130\u2019lerin digitalle\u015fme gereksinimlerine<\/strong> sunmalar\u0131 hedefleniyor.<\/p>\n<h2>Sunulacak projelerin <span style=\"text-decoration: underline;\">destek tutar\u0131;<\/span><\/h2>\n<p><em>Geri \u00f6demesiz : <strong>300.000 TL<\/strong><\/em><br \/>\n<em>700.000 TL Geri \u00f6demeli : <strong>1.000.000 TL<\/strong>&#8216; dir.<\/em><\/p>\n<h2>Desteklenecek <span style=\"text-decoration: underline;\">maliyetler;<\/span><\/h2>\n<p><em>&#8211; Makina\/ekipman<\/em><\/p>\n<p><em>&#8211; Yaz\u0131l\u0131m<\/em><\/p>\n<p><em>&#8211; Personel<\/em><\/p>\n<p><em>&#8211; Hizmet al\u0131m\u0131 (Dan\u0131\u015fmanl\u0131k, E\u011fitim, Belgelendirme, Proje Haz\u0131rlanmas\u0131) d\u0131r.<\/em><\/p>\n<p><strong>KOS-GEB Ar-GE \u0130novasyon Deste\u011fi<\/strong> Kapsam\u0131nda <strong>Ak\u0131ll\u0131 Enerji Y\u00f6netimi ve Enerji Verimlili\u011fi Yaz\u0131l\u0131m\u0131&#8217;<\/strong>n\u0131 ger\u00e7ekle\u015ftirmekte olan <strong>\u0130DEHA Enerji<\/strong> Kurucu Genel M\u00fcd\u00fcr\u00fc <em>Elk. Y. M\u00fch.<\/em><strong> \u0130lknur YILMAZ<\/strong>, proje \u00e7a\u011fr\u0131s\u0131na y\u00f6nelik\u00a0<span style=\"text-decoration: underline;\">yapt\u0131\u011f\u0131 a\u00e7\u0131klamada;<\/span><\/p>\n<p>&#8220;<strong>Destek \u00e7a\u011fr\u0131s\u0131<\/strong> ile imalat sekt\u00f6r\u00fcnde <strong>B\u00fcy\u00fck veri, nesnelerin interneti, end\u00fcstriyel robotlar, ak\u0131ll\u0131 sens\u00f6rler ,yapay zeka, Siber G\u00fcvenlik, Ak\u0131ll\u0131 ve esnek otomasyon sistemleri, Sanal ger\u00e7eklik<\/strong> gibi dijital teknolojilerin her birinin kullan\u0131m\u0131 ile <strong>KOB\u0130\u2019lerin<\/strong> i\u015fletme faaliyet ak\u0131\u015f\u0131ndaki <strong>planlama, y\u00f6netim karar destek, stok kontrol, tedarik, lojistik s\u00fcre\u00e7lerindeki iyile\u015ftirmeye<\/strong> y\u00f6nelik beklenen <span style=\"text-decoration: underline;\">sonu\u00e7lara ilaveten<\/span>; i\u015fletmelerde<strong> ger\u00e7ek zamanl\u0131, do\u011fru ve s\u00fcrekli verilere dayal\u0131 ak\u0131ll\u0131 ve esnek enerji y\u00f6netimi, analiz ve raporlama sistemleri<\/strong> ile <strong>5627 say\u0131l\u0131 Enerji Verimlili\u011fi Kanunu, Elektrik Piyasas\u0131 M\u00fc\u015fteri Hizmetleri ve Da\u011f\u0131t\u0131m Y\u00f6netmeli\u011fi<\/strong> gere\u011fince t\u00fcketicilerin Y\u00f6netmelikleri gere\u011fince <strong>hak ve y\u00fck\u00fcml\u00fcl\u00fck sahibi<\/strong> olduklar\u0131 kaliteli ve <strong>verimli enerji, i\u015fletme bak\u0131m<\/strong> ile elektrik sistemi <strong>kesinti\/ar\u0131za \u00f6nleyici politikalar\u0131<\/strong>n\u0131 hayata ge\u00e7irmeleri olana\u011f\u0131 olu\u015fmu\u015ftur. <strong>Co-vit<\/strong> ve sonras\u0131nda <strong>global<\/strong> d\u00fczeyde <strong>ekonomik durgunluk<\/strong> nedeni ile <strong>KOB\u0130\u2019lerin imalat ve Pazar paylar\u0131n<\/strong>\u0131n azalmas\u0131 sonucu olu\u015fan <strong>ekonomik dar bo\u011faz, i\u015fletmelerin maliyetleri<\/strong>nde \u00f6nemli bir paya sahip <strong>elektrik enerjisi maliyetlerinin<\/strong> i\u015fletmeler \u00fczerindeki y\u00fck\u00fcn\u00fcn artmas\u0131na neden olmu\u015ftur. <strong>\u0130\u015fletmelerin enerji maliyetlerinin olu\u015fmas\u0131nda<\/strong> temel belirleyiciler, <strong>imalat s\u00fcre\u00e7lerinin y\u00f6netimi ve planlamas\u0131ndaki<\/strong> performanst\u0131r. <strong>Enerji ve imalat s\u00fcre\u00e7leri<\/strong> aras\u0131ndaki bu etkile\u015fimden dolay\u0131, i<strong>\u015fletmelerin maliyetlerinin azalt\u0131lmas\u0131<\/strong>nda <strong>imalat s\u00fcre\u00e7lerindeki dijitalle\u015fme<\/strong> tek ba\u015f\u0131na yeterli olmay\u0131p, <strong>sa\u011flanacak destek<\/strong> ile <strong>enerji kullan\u0131m\u0131nda<\/strong> da <strong>dijitalle\u015fmenin<\/strong> yolunun a\u00e7\u0131larak tam bir <strong>dijital entegrasyonun sa\u011flanmas\u0131<\/strong>, KOB\u0130\u2019lere <strong>istikrarl\u0131 ve b\u00fct\u00fcnsel bir maliyet<\/strong> iyile\u015ftirme ortam\u0131 sunacakt\u0131r.<\/p>\n<h2>Ideha Enerji&#8217;nin &#8221; V\u0130ZYONER PROJE, KAYNA\u011eINI YARATAN PROJED\u0130R&#8221; Yakla\u015f\u0131m\u0131 <span style=\"text-decoration: underline;\">Do\u011frultusunda;<\/span><\/h2>\n<p><strong>KOSGEB<\/strong> taraf\u0131ndan <strong>KOB\u0130\u2019lere<\/strong> sa\u011flanacak deste\u011fin <strong>b\u00f6lgemizde<\/strong> ve <strong>\u00fclkemizde<\/strong> en y\u00fcksek ekonomik fayday\u0131 sa\u011flayacak <strong>s\u00fcrd\u00fcr\u00fclebilir \u00e7\u00f6z\u00fcmleri<\/strong> i\u00e7eren projelere d\u00f6n\u00fc\u015febilmesi; projelerin konular\u0131na uygun <strong>uzmanl\u0131k alan\u0131na<\/strong> sahip <strong>\u00e7\u00f6z\u00fcm ortaklar\u0131<\/strong> ile birlikte <strong>haz\u0131rlanmas\u0131<\/strong> ile m\u00fcmk\u00fcn olabilecektir.<\/p>\n<p>B\u00f6ylece <strong>proje sahipleri<\/strong> ,ihtiya\u00e7 duyduklar\u0131 projelerin <strong>enerji y\u00f6netim sistemleri<\/strong>ni de kapsayacak \u015fekilde ger\u00e7ekle\u015fmesi i\u00e7in <strong>destek f\u0131rsat\u0131ndan<\/strong> yararlanabilecek d\u00fczeye ula\u015farak, maliyetlerindeki \u00f6nemli bile\u015fenlerden biri olan <strong>enerji t\u00fcketimini<\/strong> imalattaki <strong>di\u011fer s\u00fcre\u00e7ler ile entegre<\/strong> olarak <strong>y\u00f6netebilecek<\/strong> <em>g\u00fc\u00e7l\u00fc ve ak\u0131ll\u0131<\/em> bir <strong>dijital alt yap\u0131y\u0131<\/strong> hayata ge\u00e7irmi\u015f olacaklard\u0131r.<\/p>\n<p><span style=\"color: #993300;\"><strong>Detayl\u0131 Bilgi \u0130\u00e7in&#8211;&gt;\u00a0<\/strong><\/span>Elk. Y. M\u00fch. \u0130lknur YILMAZ \/ <a href=\"mailto:info@idehaenergy.com\" target=\"_blank\" rel=\"nofollow noopener\">info@idehaenergy.com<\/a><\/p>\n<p><strong><span style=\"color: #993300;\">Proje Destekleri ve \u00c7al\u0131\u015fmalar\u0131na Y\u00f6nelik Her T\u00fcrl\u00fc Bilgi ve Destek Hizmeti Almak \u0130\u00e7in \u0130leti\u015fim Formunu Doldurun, Biz Sizi Arayal\u0131m!<\/span><\/strong><\/p>\n<div role=\"form\" class=\"wpcf7\" id=\"wpcf7-f112046-o1\" lang=\"tr-TR\" dir=\"ltr\">\n<div class=\"screen-reader-response\"><p role=\"status\" aria-live=\"polite\" aria-atomic=\"true\"><\/p> <ul><\/ul><\/div>\n<form action=\"\/en\/wp-json\/wp\/v2\/posts\/117599#wpcf7-f112046-o1\" method=\"post\" class=\"wpcf7-form init\" novalidate=\"novalidate\" data-status=\"init\">\n<div style=\"display: none;\">\n<input type=\"hidden\" name=\"_wpcf7\" value=\"112046\" \/>\n<input type=\"hidden\" name=\"_wpcf7_version\" value=\"5.5.6.1\" \/>\n<input type=\"hidden\" name=\"_wpcf7_locale\" value=\"tr_TR\" \/>\n<input type=\"hidden\" name=\"_wpcf7_unit_tag\" value=\"wpcf7-f112046-o1\" \/>\n<input type=\"hidden\" name=\"_wpcf7_container_post\" value=\"0\" \/>\n<input type=\"hidden\" name=\"_wpcf7_posted_data_hash\" value=\"\" \/>\n<\/div>\n<p><label> Ad\u0131n\u0131z (gerekli)<br \/>\n    <span class=\"wpcf7-form-control-wrap your-name\"><input type=\"text\" name=\"your-name\" value=\"\" size=\"40\" class=\"wpcf7-form-control wpcf7-text wpcf7-validates-as-required\" aria-required=\"true\" aria-invalid=\"false\" \/><\/span> <\/label><\/p>\n<p><label> E-posta adresiniz (gerekli)<br \/>\n    <span class=\"wpcf7-form-control-wrap your-email\"><input type=\"email\" name=\"your-email\" value=\"\" size=\"40\" class=\"wpcf7-form-control wpcf7-text wpcf7-email wpcf7-validates-as-required wpcf7-validates-as-email\" aria-required=\"true\" aria-invalid=\"false\" \/><\/span> <\/label><\/p>\n<p><label> Konu<br \/>\n    <span class=\"wpcf7-form-control-wrap your-subject\"><input type=\"text\" name=\"your-subject\" value=\"\" size=\"40\" class=\"wpcf7-form-control wpcf7-text\" aria-invalid=\"false\" \/><\/span> <\/label><\/p>\n<p><label> \u0130letiniz<br \/>\n    <span class=\"wpcf7-form-control-wrap your-message\"><textarea name=\"your-message\" cols=\"40\" rows=\"10\" class=\"wpcf7-form-control wpcf7-textarea\" aria-invalid=\"false\"><\/textarea><\/span> <\/label><\/p>\n<p><input type=\"submit\" value=\"G\u00f6nder\" class=\"wpcf7-form-control has-spinner wpcf7-submit\" \/><\/p>\n<p style=\"display: none !important;\" class=\"akismet-fields-container\" data-prefix=\"_wpcf7_ak_\"><label>&#916;<textarea name=\"_wpcf7_ak_hp_textarea\" cols=\"45\" rows=\"8\" maxlength=\"100\"><\/textarea><\/label><input type=\"hidden\" id=\"ak_js_1\" name=\"_wpcf7_ak_js\" value=\"137\"\/><script>document.getElementById( \"ak_js_1\" ).setAttribute( \"value\", ( new Date() ).getTime() );<\/script><\/p><div class=\"wpcf7-response-output\" aria-hidden=\"true\"><\/div><\/form><\/div>\n<p><em style=\"color: #000000;\"><strong>Etkin M\u00fc\u015fteri Memnuniyeti Politikalar\u0131<\/strong> Kapsam\u0131nda Taraf\u0131n\u0131za <strong>24 Saat \u0130\u00e7erisinde<\/strong> Geri D\u00f6n\u00fc\u015f Yap\u0131lmaktad\u0131r.<\/em><\/p>","protected":false},"excerpt":{"rendered":"<p>Sorry, this entry is only available in Turkish. For the sake of viewer convenience, the content is shown below in the alternative language. You may click the link to switch the active language. \u0130malat sekt\u00f6r\u00fcndeki KOB\u0130\u2019lere dijitalle\u015fmeye y\u00f6nelik KOB\u0130- GEL destek \u00e7a\u011fr\u0131s\u0131 22 Temmuz 2020&#8217;de a\u00e7\u0131ld\u0131. Projeye y\u00f6nelik son ba\u015fvuru tarihi 17 Eyl\u00fcl 2020 olup [&hellip;]<\/p>\n","protected":false},"author":1,"featured_media":117608,"comment_status":"open","ping_status":"open","sticky":false,"template":"","format":"standard","meta":[],"categories":[51,53,52,157],"tags":[38829,76588,76582,76583,76596,76580,76589,76587,67796,76592,76594,76581,76593,60403,72068,76577,1264,60026,76578,76579,76590,76586,39268,13331,76595,76591,38567,16303,76585,8265,65918,30764,76584],"views":146,"_links":{"self":[{"href":"https:\/\/www.enerjigazetesi.ist\/en\/wp-json\/wp\/v2\/posts\/117599"}],"collection":[{"href":"https:\/\/www.enerjigazetesi.ist\/en\/wp-json\/wp\/v2\/posts"}],"about":[{"href":"https:\/\/www.enerjigazetesi.ist\/en\/wp-json\/wp\/v2\/types\/post"}],"author":[{"embeddable":true,"href":"https:\/\/www.enerjigazetesi.ist\/en\/wp-json\/wp\/v2\/users\/1"}],"replies":[{"embeddable":true,"href":"https:\/\/www.enerjigazetesi.ist\/en\/wp-json\/wp\/v2\/comments?post=117599"}],"version-history":[{"count":0,"href":"https:\/\/www.enerjigazetesi.ist\/en\/wp-json\/wp\/v2\/posts\/117599\/revisions"}],"wp:featuredmedia":[{"embeddable":true,"href":"https:\/\/www.enerjigazetesi.ist\/en\/wp-json\/wp\/v2\/media\/117608"}],"wp:attachment":[{"href":"https:\/\/www.enerjigazetesi.ist\/en\/wp-json\/wp\/v2\/media?parent=117599"}],"wp:term":[{"taxonomy":"category","embeddable":true,"href":"https:\/\/www.enerjigazetesi.ist\/en\/wp-json\/wp\/v2\/categories?post=117599"},{"taxonomy":"post_tag","embeddable":true,"href":"https:\/\/www.enerjigazetesi.ist\/en\/wp-json\/wp\/v2\/tags?post=117599"}],"curies":[{"name":"wp","href":"https:\/\/api.w.org\/{rel}","templated":true}]}}