{"id":117529,"date":"2020-07-25T10:14:56","date_gmt":"2020-07-25T07:14:56","guid":{"rendered":"https:\/\/www.enerjigazetesi.ist\/?p=117529"},"modified":"2020-07-25T10:33:58","modified_gmt":"2020-07-25T07:33:58","slug":"23-bin-orman-koylusu-enerjisi-ni-gunesten-alarak-elektrik-fatura-odemeyecek","status":"publish","type":"post","link":"https:\/\/www.enerjigazetesi.ist\/en\/23-bin-orman-koylusu-enerjisi-ni-gunesten-alarak-elektrik-fatura-odemeyecek\/","title":{"rendered":"(Turkish) 23 Bin &#8216;Orman K\u00f6yl\u00fcs\u00fc&#8217; Enerjisini G\u00fcne\u015ften Alarak Fatura \u00d6demeyecek!"},"content":{"rendered":"<p class=\"qtranxs-available-languages-message qtranxs-available-languages-message-en\">Sorry, this entry is only available in <a href=\"https:\/\/www.enerjigazetesi.ist\/tr\/wp-json\/wp\/v2\/posts\/117529\" class=\"qtranxs-available-language-link qtranxs-available-language-link-tr\" title=\"Turkish\">Turkish<\/a>. For the sake of viewer convenience, the content is shown below in the alternative language. You may click the link to switch the active language.<\/p><p><\/p>\n<h1>Enerji tasarrufu bilinciyle \u00e7evrenin korunmas\u0131na y\u00f6nelik \u00f6nemli ad\u0131mlara imza atan Orman Genel M\u00fcd\u00fcrl\u00fc\u011f\u00fc ve Birle\u015fmi\u015f Milletler Kalk\u0131nma Program\u0131 (UNDP) i\u015f birli\u011fiyle hayata ge\u00e7irilen Orman K\u00f6yleri&#8217;nde G\u00fcne\u015f Enerjisinden Elektrik \u00dcretimi projesiyle g\u00fcn\u00fcm\u00fczde 154 hane elektrik faturas\u0131 art\u0131k \u00f6demiyor.<\/h1>\n<p><strong>18<\/strong> ilde <strong>22<\/strong> k\u00f6y <strong>225<\/strong> hanenin \u00e7at\u0131s\u0131na daha<strong> % 100 hibe<\/strong> ile <strong>g\u00fcne\u015f enerjisi sistemleri (GES) <img loading=\"lazy\" class=\"alignright wp-image-117532\" src=\"https:\/\/www.enerjigazetesi.ist\/wp-content\/uploads\/2020\/07\/23-bin-orman-koylusu-nun-elektrik-faturasini-ortadan-kaldiracak-proje.jpg\" alt=\"\" width=\"320\" height=\"191\" srcset=\"https:\/\/www.enerjigazetesi.ist\/wp-content\/uploads\/2020\/07\/23-bin-orman-koylusu-nun-elektrik-faturasini-ortadan-kaldiracak-proje.jpg 733w, https:\/\/www.enerjigazetesi.ist\/wp-content\/uploads\/2020\/07\/23-bin-orman-koylusu-nun-elektrik-faturasini-ortadan-kaldiracak-proje-300x179.jpg 300w, https:\/\/www.enerjigazetesi.ist\/wp-content\/uploads\/2020\/07\/23-bin-orman-koylusu-nun-elektrik-faturasini-ortadan-kaldiracak-proje-500x298.jpg 500w, https:\/\/www.enerjigazetesi.ist\/wp-content\/uploads\/2020\/07\/23-bin-orman-koylusu-nun-elektrik-faturasini-ortadan-kaldiracak-proje-80x48.jpg 80w\" sizes=\"(max-width: 320px) 100vw, 320px\" \/>kurulumlar\u0131n\u0131 <\/strong>s\u00fcrd\u00fcren\u00a0<strong>Orman Genel M\u00fcd\u00fcrl\u00fc\u011f\u00fc<\/strong>, 2020&#8217;nin sonuna kadar <strong>630<\/strong> haneyi daha <strong>elektrik faturas\u0131 \u00f6demekten<\/strong> kurtaracak olan bu proje tamamland\u0131\u011f\u0131nda ise <strong>T\u00fcrkiye<\/strong> \u00e7ap\u0131nda <strong>22,941 orman k\u00f6y\u00fc kendi elektri\u011fini <\/strong>kendi \u00fcretecek.<\/p>\n<p><em>Orman Genel M\u00fcd\u00fcr\u00fc<\/em> <strong>Bekir Karacabey<\/strong>, \u201cProje kapsam\u0131nda bug\u00fcne kadar <strong>154<\/strong> hanenin <strong>elektrik ihtiyac\u0131n\u0131 g\u00fcne\u015f enerjisinden kar\u015f\u0131lanmas\u0131<\/strong>na y\u00f6nelik kurulumlar\u0131 tamamlayarak \u00fcretime ge\u00e7ildi. <strong>Temmuz&#8217;da<\/strong> ise \u00fclkemizin farkl\u0131 b\u00f6lgelerinde <strong>18<\/strong> il, <strong>22<\/strong> k\u00f6yde <strong>225<\/strong> hanenin daha \u00e7at\u0131s\u0131na <strong>%100 hibe<\/strong> destekli <strong>GES kurulumu<\/strong> yapaca\u011f\u0131z. Proje ile\u00a0<strong>orman k\u00f6yl\u00fcm\u00fcz<\/strong> enerjisini <strong>g\u00fcne\u015ften<\/strong>, g\u00fcc\u00fcn\u00fc ise <strong>ormandan<\/strong> al\u0131yor\u201d ifadelerini kulland\u0131. Ayr\u0131ca Karacabey, <strong>A\u011fustos 2020&#8217;de<\/strong>\u00a0tamamlanmas\u0131 <strong>planlanan proje<\/strong>yle tamamland\u0131\u011f\u0131nda <strong>22,941<\/strong> orman k\u00f6y\u00fcnde <strong>30 Megawatt&#8217;\u0131n (MW)<\/strong> \u00fczerinde <strong>g\u00fcce eri\u015filece\u011fini de<\/strong> dile getirdi.<\/p>","protected":false},"excerpt":{"rendered":"<p>Sorry, this entry is only available in Turkish. For the sake of viewer convenience, the content is shown below in the alternative language. You may click the link to switch the active language. Enerji tasarrufu bilinciyle \u00e7evrenin korunmas\u0131na y\u00f6nelik \u00f6nemli ad\u0131mlara imza atan Orman Genel M\u00fcd\u00fcrl\u00fc\u011f\u00fc ve Birle\u015fmi\u015f Milletler Kalk\u0131nma Program\u0131 (UNDP) i\u015f birli\u011fiyle hayata [&hellip;]<\/p>\n","protected":false},"author":1,"featured_media":117532,"comment_status":"open","ping_status":"open","sticky":false,"template":"","format":"standard","meta":[],"categories":[51,53,49],"tags":[76548,76549,55424,76542,76543,37412,38025,52259,49436,21886,53157,76546,12474,76545,36300,54947,76541,76550,76547],"views":179,"_links":{"self":[{"href":"https:\/\/www.enerjigazetesi.ist\/en\/wp-json\/wp\/v2\/posts\/117529"}],"collection":[{"href":"https:\/\/www.enerjigazetesi.ist\/en\/wp-json\/wp\/v2\/posts"}],"about":[{"href":"https:\/\/www.enerjigazetesi.ist\/en\/wp-json\/wp\/v2\/types\/post"}],"author":[{"embeddable":true,"href":"https:\/\/www.enerjigazetesi.ist\/en\/wp-json\/wp\/v2\/users\/1"}],"replies":[{"embeddable":true,"href":"https:\/\/www.enerjigazetesi.ist\/en\/wp-json\/wp\/v2\/comments?post=117529"}],"version-history":[{"count":0,"href":"https:\/\/www.enerjigazetesi.ist\/en\/wp-json\/wp\/v2\/posts\/117529\/revisions"}],"wp:featuredmedia":[{"embeddable":true,"href":"https:\/\/www.enerjigazetesi.ist\/en\/wp-json\/wp\/v2\/media\/117532"}],"wp:attachment":[{"href":"https:\/\/www.enerjigazetesi.ist\/en\/wp-json\/wp\/v2\/media?parent=117529"}],"wp:term":[{"taxonomy":"category","embeddable":true,"href":"https:\/\/www.enerjigazetesi.ist\/en\/wp-json\/wp\/v2\/categories?post=117529"},{"taxonomy":"post_tag","embeddable":true,"href":"https:\/\/www.enerjigazetesi.ist\/en\/wp-json\/wp\/v2\/tags?post=117529"}],"curies":[{"name":"wp","href":"https:\/\/api.w.org\/{rel}","templated":true}]}}