{"id":117523,"date":"2020-07-25T09:55:49","date_gmt":"2020-07-25T06:55:49","guid":{"rendered":"https:\/\/www.enerjigazetesi.ist\/?p=117523"},"modified":"2020-07-25T09:56:03","modified_gmt":"2020-07-25T06:56:03","slug":"yesil-tarife-1-agustos-2020-itibariyle-basliyor","status":"publish","type":"post","link":"https:\/\/www.enerjigazetesi.ist\/en\/yesil-tarife-1-agustos-2020-itibariyle-basliyor\/","title":{"rendered":"(Turkish) &#8217;Ye\u015fil Tarife&#8217; 1 A\u011fustos 2020 \u0130tibariyle Ba\u015fl\u0131yor!"},"content":{"rendered":"<p class=\"qtranxs-available-languages-message qtranxs-available-languages-message-en\">Sorry, this entry is only available in <a href=\"https:\/\/www.enerjigazetesi.ist\/tr\/wp-json\/wp\/v2\/posts\/117523\" class=\"qtranxs-available-language-link qtranxs-available-language-link-tr\" title=\"Turkish\">Turkish<\/a>. For the sake of viewer convenience, the content is shown below in the alternative language. You may click the link to switch the active language.<\/p><p><\/p>\n<h1><strong>Enerji Piyasas\u0131 D\u00fczenleme Kurumu (EPDK) taraf\u0131ndan Da\u011f\u0131t\u0131m Lisans\u0131 Sahibi T\u00fczel Ki\u015filer ve G\u00f6revli Tedarik \u015eirketlerinin Tarife Uygulamalar\u0131na \u0130li\u015fkin Usul ve Esaslarda De\u011fi\u015fiklik Yap\u0131lmas\u0131 Hakk\u0131ndaki \u0130lgili Karar\u0131, Resmi Gazete&#8217;nin 24 Temmuz 2020&#8217;deki say\u0131s\u0131nda yay\u0131mland\u0131.<\/strong><\/h1>\n<p><strong><img loading=\"lazy\" class=\"alignright wp-image-117527\" src=\"https:\/\/www.enerjigazetesi.ist\/wp-content\/uploads\/2020\/07\/yesil-tarife-1-agustos-2020-itibariyle-basliyor-1.jpg\" alt=\"\" width=\"340\" height=\"191\" srcset=\"https:\/\/www.enerjigazetesi.ist\/wp-content\/uploads\/2020\/07\/yesil-tarife-1-agustos-2020-itibariyle-basliyor-1.jpg 780w, https:\/\/www.enerjigazetesi.ist\/wp-content\/uploads\/2020\/07\/yesil-tarife-1-agustos-2020-itibariyle-basliyor-1-300x169.jpg 300w, https:\/\/www.enerjigazetesi.ist\/wp-content\/uploads\/2020\/07\/yesil-tarife-1-agustos-2020-itibariyle-basliyor-1-768x432.jpg 768w, https:\/\/www.enerjigazetesi.ist\/wp-content\/uploads\/2020\/07\/yesil-tarife-1-agustos-2020-itibariyle-basliyor-1-500x281.jpg 500w, https:\/\/www.enerjigazetesi.ist\/wp-content\/uploads\/2020\/07\/yesil-tarife-1-agustos-2020-itibariyle-basliyor-1-80x45.jpg 80w\" sizes=\"(max-width: 340px) 100vw, 340px\" \/>EPDK<\/strong>\u2019n\u0131n <strong>1 A\u011fustos 2020<\/strong> itibar\u0131yla ba\u015flayaca\u011f\u0131n\u0131 a\u00e7\u0131klad\u0131\u011f\u0131 <strong>Ye\u015fil Tarife uygulamas\u0131<\/strong>nda<em> fiyatlar abone grubuna<\/em> g\u00f6re <strong>kilovatsaat<\/strong> ba\u015f\u0131na <strong>79,25<\/strong> ile <strong>91,46 kuru\u015f<\/strong> aras\u0131nda de\u011fi\u015fiklik g\u00f6sterecek.<\/p>\n<p>Karar g\u00f6re, <strong>t\u00fcketiciler ye\u015fil tarifeye ge\u00e7me talebi<\/strong>ni yaz\u0131l\u0131 olarak <strong>g\u00f6revli tedarik \u015firketi<\/strong>ne yapabilecek. <strong>Tarife de\u011fi\u015fikli\u011fi<\/strong>, talep tarihinin i\u00e7inde bulundu\u011fu d\u00f6nem sonundaki <strong>endeks tespitleri<\/strong>yle \u00e7\u0131kar\u0131lacak faturay\u0131 takip eden <strong>ilk fatura d\u00f6neminde<\/strong> yerine getirilecek.<strong> Ye\u015fil tarifeye ge\u00e7me talebi<\/strong> bir takvim y\u0131l\u0131nda en fazla <strong>2 kez<\/strong>\u00a0yap\u0131lacak.<\/p>\n<h2><strong>\u00a0A\u011fustos 2020 Tarihinden \u0130tibaren Ge\u00e7erli Faaliyet Bazl\u0131 ve Nihai <span style=\"text-decoration: underline;\">Ye\u015fil Tarife Tablosu:<\/span><\/strong><\/h2>\n<p style=\"text-align: center;\"><img loading=\"lazy\" class=\"aligncenter wp-image-117525\" src=\"https:\/\/www.enerjigazetesi.ist\/wp-content\/uploads\/2020\/07\/yesil-tarife-1-agustos-2020-itibariyle-basliyor.jpg\" alt=\"\" width=\"650\" height=\"426\" srcset=\"https:\/\/www.enerjigazetesi.ist\/wp-content\/uploads\/2020\/07\/yesil-tarife-1-agustos-2020-itibariyle-basliyor.jpg 745w, https:\/\/www.enerjigazetesi.ist\/wp-content\/uploads\/2020\/07\/yesil-tarife-1-agustos-2020-itibariyle-basliyor-300x197.jpg 300w, https:\/\/www.enerjigazetesi.ist\/wp-content\/uploads\/2020\/07\/yesil-tarife-1-agustos-2020-itibariyle-basliyor-500x328.jpg 500w, https:\/\/www.enerjigazetesi.ist\/wp-content\/uploads\/2020\/07\/yesil-tarife-1-agustos-2020-itibariyle-basliyor-76x50.jpg 76w\" sizes=\"(max-width: 650px) 100vw, 650px\" \/><\/p>\n<p><strong>\u0130letim sistemi<\/strong> kullan\u0131c\u0131lar\u0131n\u0131n <strong>vergi, fon ve pay hari\u00e7<\/strong> kilovatsaat ba\u015f\u0131na <strong>ye\u015fil enerji bedeli<\/strong> <em>69,97 kuru\u015f<\/em> olarak belirlendi.<\/p>\n<p>Tabloda yer alan <strong>ye\u015fil tarife ve da\u011f\u0131t\u0131m bedeli<\/strong>nin <strong>kilovatsaat fiyat\u0131, al\u00e7ak gerilim, orta gerilim, tek terimli, \u00e7ift terimli olmas\u0131na, sanayi, ticarethane, mesken, tar\u0131msal sulama ve ayd\u0131nlatmada kullan\u0131lmas\u0131<\/strong>na g\u00f6re en d\u00fc\u015f\u00fck<strong> 79,25<\/strong> ile en y\u00fcksek <strong>91,46<\/strong> kuru\u015f aras\u0131nda farkl\u0131l\u0131k g\u00f6sterece\u011fi belirtildi.<\/p>\n<p><strong>Ye\u015fil Tarife Karar\u0131na <a href=\"https:\/\/www.resmigazete.gov.tr\/eskiler\/2020\/07\/20200724-24.pdf\" target=\"_blank\" rel=\"nofollow noopener\">Ula\u015fmak \u0130\u00e7in TIKLAYIN&gt;&gt;&gt;<\/a><\/strong><\/p>","protected":false},"excerpt":{"rendered":"<p>Sorry, this entry is only available in Turkish. For the sake of viewer convenience, the content is shown below in the alternative language. You may click the link to switch the active language. Enerji Piyasas\u0131 D\u00fczenleme Kurumu (EPDK) taraf\u0131ndan Da\u011f\u0131t\u0131m Lisans\u0131 Sahibi T\u00fczel Ki\u015filer ve G\u00f6revli Tedarik \u015eirketlerinin Tarife Uygulamalar\u0131na \u0130li\u015fkin Usul ve Esaslarda De\u011fi\u015fiklik [&hellip;]<\/p>\n","protected":false},"author":1,"featured_media":117527,"comment_status":"open","ping_status":"open","sticky":false,"template":"","format":"standard","meta":[],"categories":[51,53,49],"tags":[75345,53114,1046,52259,750,1388,76538,76540,76539,76537],"views":260,"_links":{"self":[{"href":"https:\/\/www.enerjigazetesi.ist\/en\/wp-json\/wp\/v2\/posts\/117523"}],"collection":[{"href":"https:\/\/www.enerjigazetesi.ist\/en\/wp-json\/wp\/v2\/posts"}],"about":[{"href":"https:\/\/www.enerjigazetesi.ist\/en\/wp-json\/wp\/v2\/types\/post"}],"author":[{"embeddable":true,"href":"https:\/\/www.enerjigazetesi.ist\/en\/wp-json\/wp\/v2\/users\/1"}],"replies":[{"embeddable":true,"href":"https:\/\/www.enerjigazetesi.ist\/en\/wp-json\/wp\/v2\/comments?post=117523"}],"version-history":[{"count":0,"href":"https:\/\/www.enerjigazetesi.ist\/en\/wp-json\/wp\/v2\/posts\/117523\/revisions"}],"wp:featuredmedia":[{"embeddable":true,"href":"https:\/\/www.enerjigazetesi.ist\/en\/wp-json\/wp\/v2\/media\/117527"}],"wp:attachment":[{"href":"https:\/\/www.enerjigazetesi.ist\/en\/wp-json\/wp\/v2\/media?parent=117523"}],"wp:term":[{"taxonomy":"category","embeddable":true,"href":"https:\/\/www.enerjigazetesi.ist\/en\/wp-json\/wp\/v2\/categories?post=117523"},{"taxonomy":"post_tag","embeddable":true,"href":"https:\/\/www.enerjigazetesi.ist\/en\/wp-json\/wp\/v2\/tags?post=117523"}],"curies":[{"name":"wp","href":"https:\/\/api.w.org\/{rel}","templated":true}]}}