{"id":117453,"date":"2020-07-23T21:03:38","date_gmt":"2020-07-23T18:03:38","guid":{"rendered":"https:\/\/www.enerjigazetesi.ist\/?p=117453"},"modified":"2020-07-23T21:09:17","modified_gmt":"2020-07-23T18:09:17","slug":"e-on-cekya-daki-innogy-sirketi-ndeki-varliklarini-satti","status":"publish","type":"post","link":"https:\/\/www.enerjigazetesi.ist\/en\/e-on-cekya-daki-innogy-sirketi-ndeki-varliklarini-satti\/","title":{"rendered":"(Turkish) &#8217;E.ON&#8217; \u00c7o\u011funluk Hissesine Sahip Oldu\u011fu Innogy&#8217;nin \u00c7ekya Varl\u0131klar\u0131n\u0131 Satt\u0131"},"content":{"rendered":"<p class=\"qtranxs-available-languages-message qtranxs-available-languages-message-en\">Sorry, this entry is only available in <a href=\"https:\/\/www.enerjigazetesi.ist\/tr\/wp-json\/wp\/v2\/posts\/117453\" class=\"qtranxs-available-language-link qtranxs-available-language-link-tr\" title=\"Turkish\">Turkish<\/a>. For the sake of viewer convenience, the content is shown below in the alternative language. You may click the link to switch the active language.<\/p><p><\/p>\n<h1>E.ON \u00e7o\u011funluk hisselerine sahip oldu\u011fu Innogy\u2019nin \u00c7ekya\u2019da yer alan t\u00fcm elektrik ve <img loading=\"lazy\" class=\"alignright wp-image-117455\" src=\"https:\/\/www.enerjigazetesi.ist\/wp-content\/uploads\/2020\/07\/e-on-cekya-daki-innogy-sirketi-ndeki-varliklarini-satti.jpg\" alt=\"\" width=\"320\" height=\"188\" srcset=\"https:\/\/www.enerjigazetesi.ist\/wp-content\/uploads\/2020\/07\/e-on-cekya-daki-innogy-sirketi-ndeki-varliklarini-satti.jpg 678w, https:\/\/www.enerjigazetesi.ist\/wp-content\/uploads\/2020\/07\/e-on-cekya-daki-innogy-sirketi-ndeki-varliklarini-satti-300x177.jpg 300w, https:\/\/www.enerjigazetesi.ist\/wp-content\/uploads\/2020\/07\/e-on-cekya-daki-innogy-sirketi-ndeki-varliklarini-satti-500x294.jpg 500w, https:\/\/www.enerjigazetesi.ist\/wp-content\/uploads\/2020\/07\/e-on-cekya-daki-innogy-sirketi-ndeki-varliklarini-satti-80x47.jpg 80w\" sizes=\"(max-width: 320px) 100vw, 320px\" \/>gaz perakende ticareti varl\u0131klar\u0131n\u0131n Macar MVM\u2019ye sat\u0131\u015f\u0131n\u0131 ger\u00e7ekle\u015ftirdi.<\/h1>\n<p>E.ON, <strong><em>yenilenebilir enerji, enerji da\u011f\u0131t\u0131m\u0131 ve perakende sat\u0131\u015f\u0131<\/em><\/strong> alanlar\u0131ndaki faaliyetleri s\u00fcrd\u00fcren\u00a0<strong>Innogy<\/strong>&#8216;nin <strong>\u00c7ek Cumhuriyeti<\/strong>&#8216;ndeki t\u00fcm <strong>elektrik ve gaz perakende ticareti<\/strong> varl\u0131klar\u0131n\u0131 <strong>Macar<\/strong>\u00a0<strong>MVM Group<\/strong>\u2019a satmaya y\u00f6nelik\u00a0<strong>anla\u015fma imzalad\u0131\u011f\u0131n\u0131 <\/strong>belirtti.<\/p>\n<p>Yap\u0131lan a\u00e7\u0131klamada <strong>anla\u015fman\u0131n detaylar\u0131 hakk\u0131nda<\/strong> bilgi payla\u015f\u0131m\u0131 yap\u0131lmazken anla\u015fman\u0131n <strong>E.ON<\/strong>\u2019un <strong>antitr\u00f6st yasalar\u0131<\/strong> \u00e7er\u00e7evesinde <strong>Innogy<\/strong>\u2019nin bir b\u00f6l\u00fcm\u00fcn\u00fc elden \u00e7\u0131karma ad\u0131mlar\u0131n\u0131n sonuncusu oldu\u011fu ve bu <strong>devir i\u015flemi<\/strong>nin <strong>AB onay\u0131ndan<\/strong> sonra <strong>bu y\u0131l\u0131n sonuna<\/strong> kadar tamamlanaca\u011f\u0131 ifade ediliyor.<\/p>","protected":false},"excerpt":{"rendered":"<p>Sorry, this entry is only available in Turkish. For the sake of viewer convenience, the content is shown below in the alternative language. You may click the link to switch the active language. E.ON \u00e7o\u011funluk hisselerine sahip oldu\u011fu Innogy\u2019nin \u00c7ekya\u2019da yer alan t\u00fcm elektrik ve gaz perakende ticareti varl\u0131klar\u0131n\u0131n Macar MVM\u2019ye sat\u0131\u015f\u0131n\u0131 ger\u00e7ekle\u015ftirdi. E.ON, yenilenebilir [&hellip;]<\/p>\n","protected":false},"author":1,"featured_media":117455,"comment_status":"open","ping_status":"open","sticky":false,"template":"","format":"standard","meta":[],"categories":[46,51,53],"tags":[76476,54036,53114,76477,76478,76474,52259,33623,76473,76479,76475,76472,54979,105],"views":100,"_links":{"self":[{"href":"https:\/\/www.enerjigazetesi.ist\/en\/wp-json\/wp\/v2\/posts\/117453"}],"collection":[{"href":"https:\/\/www.enerjigazetesi.ist\/en\/wp-json\/wp\/v2\/posts"}],"about":[{"href":"https:\/\/www.enerjigazetesi.ist\/en\/wp-json\/wp\/v2\/types\/post"}],"author":[{"embeddable":true,"href":"https:\/\/www.enerjigazetesi.ist\/en\/wp-json\/wp\/v2\/users\/1"}],"replies":[{"embeddable":true,"href":"https:\/\/www.enerjigazetesi.ist\/en\/wp-json\/wp\/v2\/comments?post=117453"}],"version-history":[{"count":0,"href":"https:\/\/www.enerjigazetesi.ist\/en\/wp-json\/wp\/v2\/posts\/117453\/revisions"}],"wp:featuredmedia":[{"embeddable":true,"href":"https:\/\/www.enerjigazetesi.ist\/en\/wp-json\/wp\/v2\/media\/117455"}],"wp:attachment":[{"href":"https:\/\/www.enerjigazetesi.ist\/en\/wp-json\/wp\/v2\/media?parent=117453"}],"wp:term":[{"taxonomy":"category","embeddable":true,"href":"https:\/\/www.enerjigazetesi.ist\/en\/wp-json\/wp\/v2\/categories?post=117453"},{"taxonomy":"post_tag","embeddable":true,"href":"https:\/\/www.enerjigazetesi.ist\/en\/wp-json\/wp\/v2\/tags?post=117453"}],"curies":[{"name":"wp","href":"https:\/\/api.w.org\/{rel}","templated":true}]}}