{"id":117413,"date":"2020-07-22T10:01:28","date_gmt":"2020-07-22T07:01:28","guid":{"rendered":"https:\/\/www.enerjigazetesi.ist\/?p=117413"},"modified":"2020-07-22T10:05:17","modified_gmt":"2020-07-22T07:05:17","slug":"bosch-termoteknik-turkiye-nin-500-buyuk-sanayi-kurulusu-icinde-71-inci","status":"publish","type":"post","link":"https:\/\/www.enerjigazetesi.ist\/en\/bosch-termoteknik-turkiye-nin-500-buyuk-sanayi-kurulusu-icinde-71-inci\/","title":{"rendered":"(Turkish) &#8217;Bosch Termoteknik&#8217; 500 B\u00fcy\u00fck Sanayi Kurulu\u015fu \u0130\u00e7inde 71&#8217;inci S\u0131rada!"},"content":{"rendered":"<p class=\"qtranxs-available-languages-message qtranxs-available-languages-message-en\">Sorry, this entry is only available in <a href=\"https:\/\/www.enerjigazetesi.ist\/tr\/wp-json\/wp\/v2\/posts\/117413\" class=\"qtranxs-available-language-link qtranxs-available-language-link-tr\" title=\"Turkish\">Turkish<\/a>. For the sake of viewer convenience, the content is shown below in the alternative language. You may click the link to switch the active language.<\/p><p><\/p>\n<h1><strong>\u0130klimlendirme kategorisinin g\u00fc\u00e7l\u00fc firmalar\u0131ndan Bosch Termoteknik, \u201c\u0130SO-T\u00fcrkiye\u2019nin 500 B\u00fcy\u00fck Sanayi Kurulu\u015fu Ara\u015ft\u0131rmas\u0131\u201dn\u0131n 2019 y\u0131l\u0131 sonu\u00e7lar\u0131nda ticarete olan katk\u0131s\u0131 ile 71&#8217;inci s\u0131rada yer ald\u0131.<img loading=\"lazy\" class=\"alignright wp-image-117415\" src=\"https:\/\/www.enerjigazetesi.ist\/wp-content\/uploads\/2020\/07\/bosch-termoteknik-turkiye-nin-500-buyuk-sanayi-kurulusu-icinde-71-inci.jpg\" alt=\"\" width=\"340\" height=\"224\" srcset=\"https:\/\/www.enerjigazetesi.ist\/wp-content\/uploads\/2020\/07\/bosch-termoteknik-turkiye-nin-500-buyuk-sanayi-kurulusu-icinde-71-inci.jpg 741w, https:\/\/www.enerjigazetesi.ist\/wp-content\/uploads\/2020\/07\/bosch-termoteknik-turkiye-nin-500-buyuk-sanayi-kurulusu-icinde-71-inci-300x198.jpg 300w, https:\/\/www.enerjigazetesi.ist\/wp-content\/uploads\/2020\/07\/bosch-termoteknik-turkiye-nin-500-buyuk-sanayi-kurulusu-icinde-71-inci-500x329.jpg 500w, https:\/\/www.enerjigazetesi.ist\/wp-content\/uploads\/2020\/07\/bosch-termoteknik-turkiye-nin-500-buyuk-sanayi-kurulusu-icinde-71-inci-76x50.jpg 76w\" sizes=\"(max-width: 340px) 100vw, 340px\" \/><\/strong><\/h1>\n<p>Hayat\u0131 kolayla\u015ft\u0131ran teknolojiler <strong>\u00fcreten<\/strong> ve <strong>geli\u015ftiren<\/strong>, kullan\u0131c\u0131lar\u0131n\u0131n ihtiyac\u0131 i\u00e7in <strong>y\u00fcksek verimli sistem \u00e7\u00f6z\u00fcmleri<\/strong> sunan <strong>Bosch Termoteknik<\/strong>, T\u00fcrkiye ekonomisine katma de\u011fer sa\u011flamaya devam ediyor. \u015eirket, <strong>\u0130stanbul Sanayi Odas\u0131 (\u0130SO)<\/strong> taraf\u0131ndan <strong>52 y\u0131ld\u0131r<\/strong> kesintisiz bir \u015fekilde ger\u00e7ekle\u015ftirilen <strong>T\u00fcrkiye\u2019nin 500 B\u00fcy\u00fck Sanayi Kurulu\u015fu Ara\u015ft\u0131rmas\u0131<\/strong>\u2019nda ba\u015far\u0131l\u0131 i\u015f sonu\u00e7lar\u0131yla <strong>71&#8217;inci<\/strong> oldu. T\u00fcm d\u00fcnya i\u00e7in zorlu ge\u00e7en <strong>2019 y\u0131l\u0131n\u0131<\/strong> T\u00fcrkiye <strong>%0,9<\/strong> b\u00fcy\u00fcme ile kapat\u0131rken, sanayi sekt\u00f6r\u00fc ise <strong>%0,2<\/strong> b\u00fcy\u00fcd\u00fc.<\/p>\n<h2><strong>Manisa Fabrikas\u0131 T\u00fcrkiye i\u00e7in \u00f6nemli bir \u00fcretim ve ihracat \u00fcss\u00fc <\/strong><\/h2>\n<p><strong>Bosch Termoteknik T\u00fcrkiye<\/strong>, yakla\u015f\u0131k <strong>1000 \u00e7al\u0131\u015fan\u0131<\/strong> ile <strong>g\u00fc\u00e7l\u00fc bir \u00fcretim kapasitesi<\/strong>ne sahiptir. <strong>Yo\u011fu\u015fmal\u0131 kombi \u00fcretim \u00fcss\u00fc<\/strong> olan <strong>Manisa Fabrikas\u0131<\/strong>\u2019nda her y\u0131l <strong>700.000\u2019den fazla kombi<\/strong> \u00fcretilmektedir. \u00dcretiminin <strong>%70<\/strong>\u2019ini <strong>Avrupa, Kafkaslar, Orta Do\u011fu, K\u00f6rfez B\u00f6lgesi, Latin Amerika<\/strong> ve <strong>Uzak Do\u011fu\u2019daki<\/strong> toplam <strong>41 \u00fclke<\/strong>ye ihra\u00e7 eden \u015firket, ger\u00e7ekle\u015ftirdi\u011fi bu sat\u0131\u015fla kendi sekt\u00f6r\u00fcnde<strong> ihracat 1&#8217;incisi<\/strong> ve T\u00fcrkiye\u2019nin en b\u00fcy\u00fck <strong>40&#8217;\u0131nc\u0131 ihracat\u00e7\u0131s\u0131<\/strong>d\u0131r. Bosch Termoteknik T\u00fcrkiye, \u00fcst\u00fcn teknolojisi ve \u00fcr\u00fcn portf\u00f6y\u00fcne katt\u0131\u011f\u0131 \u00fcr\u00fcnlerle d\u00fcnya pazar\u0131ndaki konumunu her ge\u00e7en y\u0131l daha da <strong>g\u00fc\u00e7lendirerek ihracat alan\u0131nda<\/strong> \u00fclke ekonomisi i\u00e7in <strong>yaratt\u0131\u011f\u0131 katma de\u011fer<\/strong> ve <strong>kazand\u0131\u011f\u0131 ba\u015far\u0131yla<\/strong> \u00f6ne \u00e7\u0131kmaktad\u0131r. <strong>Ba\u015far\u0131l\u0131 ihracat rakamlar\u0131<\/strong>n\u0131 <strong>her y\u0131l ald\u0131\u011f\u0131 \u00f6d\u00fcllerle destekleyen<\/strong> \u015firket, iklimlendirme sekt\u00f6r\u00fcnde <strong>y\u0131llard\u0131r s\u00fcregelen ihracat \u015fampiyonlu\u011fu<\/strong>na, <strong>2019<\/strong> y\u0131l\u0131nda <strong>T\u0130M \u0130hracat \u00d6d\u00fclleri<\/strong> taraf\u0131ndan bir yenisi daha eklemi\u015ftir.<\/p>\n<p><strong>\u0130hracat ba\u015far\u0131s\u0131<\/strong>n\u0131n yan\u0131 s\u0131ra <strong>Bosch Grubu<\/strong>\u2019nun \u00f6nemli bir \u00fcretim ve <strong>Ar&amp;Ge \u00fcss\u00fc<\/strong> olan<strong> Manisa Fabrikas\u0131<\/strong>, d\u00fcnyan\u0131n en fazla <strong>kombi \u00fcreten tesisleri<\/strong> aras\u0131nda <strong>\u00f6n s\u0131ralarda<\/strong> yer almaktad\u0131r.<\/p>\n<p><strong>Bosch Termoteknoloji<\/strong> Hakk\u0131nda Detayl\u0131 Bilgi \u0130\u00e7in\u00a0<strong><a href=\"https:\/\/www.bosch-thermotechnology.com\/tr\/tr\/residential\/ana-sayfa\/\" target=\"_blank\" rel=\"nofollow noopener\">https:\/\/www.bosch-thermotechnology.com\/tr\/tr\/residential\/ana-sayfa\/<\/a><\/strong> adresini ziyaret edebilirsiniz.<\/p>","protected":false},"excerpt":{"rendered":"<p>Sorry, this entry is only available in Turkish. For the sake of viewer convenience, the content is shown below in the alternative language. You may click the link to switch the active language. \u0130klimlendirme kategorisinin g\u00fc\u00e7l\u00fc firmalar\u0131ndan Bosch Termoteknik, \u201c\u0130SO-T\u00fcrkiye\u2019nin 500 B\u00fcy\u00fck Sanayi Kurulu\u015fu Ara\u015ft\u0131rmas\u0131\u201dn\u0131n 2019 y\u0131l\u0131 sonu\u00e7lar\u0131nda ticarete olan katk\u0131s\u0131 ile 71&#8217;inci s\u0131rada yer [&hellip;]<\/p>\n","protected":false},"author":1,"featured_media":117415,"comment_status":"open","ping_status":"open","sticky":false,"template":"","format":"standard","meta":[],"categories":[46,53],"tags":[51682,76426,76432,34640,50470,35354,42402,54036,52259,76430,53499,76425,65462,76431,76433,65574,76434,76429,76428,76427],"views":127,"_links":{"self":[{"href":"https:\/\/www.enerjigazetesi.ist\/en\/wp-json\/wp\/v2\/posts\/117413"}],"collection":[{"href":"https:\/\/www.enerjigazetesi.ist\/en\/wp-json\/wp\/v2\/posts"}],"about":[{"href":"https:\/\/www.enerjigazetesi.ist\/en\/wp-json\/wp\/v2\/types\/post"}],"author":[{"embeddable":true,"href":"https:\/\/www.enerjigazetesi.ist\/en\/wp-json\/wp\/v2\/users\/1"}],"replies":[{"embeddable":true,"href":"https:\/\/www.enerjigazetesi.ist\/en\/wp-json\/wp\/v2\/comments?post=117413"}],"version-history":[{"count":0,"href":"https:\/\/www.enerjigazetesi.ist\/en\/wp-json\/wp\/v2\/posts\/117413\/revisions"}],"wp:featuredmedia":[{"embeddable":true,"href":"https:\/\/www.enerjigazetesi.ist\/en\/wp-json\/wp\/v2\/media\/117415"}],"wp:attachment":[{"href":"https:\/\/www.enerjigazetesi.ist\/en\/wp-json\/wp\/v2\/media?parent=117413"}],"wp:term":[{"taxonomy":"category","embeddable":true,"href":"https:\/\/www.enerjigazetesi.ist\/en\/wp-json\/wp\/v2\/categories?post=117413"},{"taxonomy":"post_tag","embeddable":true,"href":"https:\/\/www.enerjigazetesi.ist\/en\/wp-json\/wp\/v2\/tags?post=117413"}],"curies":[{"name":"wp","href":"https:\/\/api.w.org\/{rel}","templated":true}]}}