{"id":117405,"date":"2020-07-22T09:27:43","date_gmt":"2020-07-22T06:27:43","guid":{"rendered":"https:\/\/www.enerjigazetesi.ist\/?p=117405"},"modified":"2020-07-22T09:31:50","modified_gmt":"2020-07-22T06:31:50","slug":"gunes-enerjisi-ve-teknolojileri-fuari-solarex-1-3-nisan-2021de-yapilacak","status":"publish","type":"post","link":"https:\/\/www.enerjigazetesi.ist\/en\/gunes-enerjisi-ve-teknolojileri-fuari-solarex-1-3-nisan-2021de-yapilacak\/","title":{"rendered":"(Turkish) Ertelenen &#8216;SOLAREX \u0130stanbul&#8217; Fuar\u0131 1-3 Nisan 2021&#8217;de Ger\u00e7ekle\u015ftirilecek"},"content":{"rendered":"<p class=\"qtranxs-available-languages-message qtranxs-available-languages-message-en\">Sorry, this entry is only available in <a href=\"https:\/\/www.enerjigazetesi.ist\/tr\/wp-json\/wp\/v2\/posts\/117405\" class=\"qtranxs-available-language-link qtranxs-available-language-link-tr\" title=\"Turkish\">Turkish<\/a>. For the sake of viewer convenience, the content is shown below in the alternative language. You may click the link to switch the active language.<\/p><p><\/p>\n<h1><strong>T\u00fcrkiye\u2019nin ilk ve tek uluslararas\u0131 g\u00fcne\u015f enerjisi ve teknolojileri fuar\u0131 SOLAREX \u0130stanbul, pandemi nedeniyle ertelenmi\u015f olup 1-3 Nisan 2021&#8217;de ger\u00e7ekle\u015ftirilecek.<\/strong><\/h1>\n<p><span style=\"text-decoration: underline;\">Solarex \u0130stanbul<\/span>\u2019dan yap\u0131lan <span style=\"text-decoration: underline;\">a\u00e7\u0131klama \u015fu \u015fekildedir:<em><img loading=\"lazy\" class=\"alignright size-full wp-image-117407\" src=\"https:\/\/www.enerjigazetesi.ist\/wp-content\/uploads\/2020\/07\/gunes-enerjisi-ve-teknolojileri-fuari-solarex-1-3-nisan-2021de-yapilacak.jpg\" alt=\"\" width=\"300\" height=\"250\" srcset=\"https:\/\/www.enerjigazetesi.ist\/wp-content\/uploads\/2020\/07\/gunes-enerjisi-ve-teknolojileri-fuari-solarex-1-3-nisan-2021de-yapilacak.jpg 300w, https:\/\/www.enerjigazetesi.ist\/wp-content\/uploads\/2020\/07\/gunes-enerjisi-ve-teknolojileri-fuari-solarex-1-3-nisan-2021de-yapilacak-60x50.jpg 60w\" sizes=\"(max-width: 300px) 100vw, 300px\" \/><\/em><\/span><\/p>\n<p><em>\u201c<strong>De\u011ferli Kat\u0131l\u0131mc\u0131m\u0131z;<\/strong><\/em><\/p>\n<p><em>K\u00fcresel d\u00fcnyay\u0131 etkisi alt\u0131na alan pandemi s\u00fcreci maalesef ki <strong>2020 y\u0131l\u0131<\/strong> i\u00e7erisinde d\u00fcnya \u00e7ap\u0131ndaki fuarlar\u0131n ger\u00e7ekle\u015fmesine imkan vermemektedir.<\/em><\/p>\n<p><em>Buradan hareketle <strong>Voli Fuar Hizmetleri A.\u015e.<\/strong> olarak 13.s\u00fcn\u00fc d\u00fczenleyece\u011fimiz <strong>T\u00fcrkiye\u2019nin<\/strong> ilk ve tek uluslararas\u0131 g\u00fcne\u015f enerjisi ve teknolojileri fuar\u0131 olan <strong>SOLAREX \u0130stanbul<\/strong>\u2019u <strong>2021<\/strong> y\u0131l\u0131nda <strong>1-3 Nisan<\/strong>\u2019da kendi takviminde d\u00fczenleme karar\u0131 ald\u0131\u011f\u0131m\u0131z\u0131 siz <strong>i\u015f ortaklar\u0131m\u0131zla<\/strong> payla\u015fmak isteriz.<\/em><\/p>\n<p><em><strong>Organizat\u00f6r<\/strong> olarak en \u00f6nemli hedefimiz, siz de\u011ferli i\u015f ortaklar\u0131m\u0131z ad\u0131na,<\/em><br \/>\n<em>gerek <strong>yurti\u00e7i<\/strong>\u00a0gerekse <strong>yurtd\u0131\u015f\u0131ndan<\/strong> kat\u0131l\u0131mlar\u0131n\u0131 sa\u011flayaca\u011f\u0131m\u0131z<strong> yat\u0131r\u0131mc\u0131lar<\/strong> ve <strong>ziyaret\u00e7iler<\/strong> noktas\u0131nda <strong>en fazla verimin<\/strong> al\u0131nmas\u0131d\u0131r.<\/em><\/p>\n<p><em>Y\u0131llara dayanan tecr\u00fcbelerin verdi\u011fi \u00f6ng\u00f6r\u00fcm\u00fczle ald\u0131\u011f\u0131m\u0131z<strong> 2021 y\u0131l\u0131na erteleme karar\u0131;<\/strong><\/em><br \/>\n<em>sizler ve sekt\u00f6r\u00fcm\u00fcz ad\u0131na son dakika ger\u00e7ekle\u015fecek yeni bir erteleme ma\u011fduriyetini \u00f6n\u00fcne ge\u00e7ecektir.<\/em><\/p>\n<p><em><strong>1-3 Nisan 2021<\/strong> tarihinde ger\u00e7ekle\u015fecek olan fuar\u0131m\u0131z\u0131n d\u00fcnya \u00e7ap\u0131nda ger\u00e7ekle\u015fecek ilk <strong>uluslararas\u0131 g\u00fcne\u015f enerjisi ve teknoloji fuar\u0131<\/strong> olmas\u0131 sebebiyle; sekt\u00f6r\u00fcn kalbinin <strong>\u0130stanbul Fuar Merkezi SOLAREX \u0130stanbul<\/strong>\u2019da ataca\u011f\u0131 bilinciyle \u00e7al\u0131\u015fmalar\u0131m\u0131z\u0131 b\u00fcy\u00fck bir<strong> heves<\/strong> ve <strong>\u015fevkle<\/strong> y\u00fcr\u00fctt\u00fc\u011f\u00fcm\u00fcz\u00fc bilmenizi isteriz.<\/em><\/p>\n<p><em>T\u00fcm ya\u015fanan <strong>olumsuzluklara ra\u011fmen<\/strong> siz payda\u015flar\u0131m\u0131z\u0131n ve <strong>t\u00fcm solar camiam\u0131z\u0131n<\/strong> bu b\u00fcy\u00fck bulu\u015fmaya<strong> enerjilerini yitirmeden odaklanmas\u0131<\/strong> en b\u00fcy\u00fck dile\u011fimizdir.<\/em><\/p>\n<p><em>Sayg\u0131lar\u0131m\u0131zla,<\/em><\/p>\n<p><strong><em>SOLAREX \u0130stanbul<\/em><\/strong><br \/>\n<strong><em>VOL\u0130 Fuar Hizmetleri A.\u015e.\u201d<\/em><\/strong><\/p>","protected":false},"excerpt":{"rendered":"<p>Sorry, this entry is only available in Turkish. For the sake of viewer convenience, the content is shown below in the alternative language. You may click the link to switch the active language. T\u00fcrkiye\u2019nin ilk ve tek uluslararas\u0131 g\u00fcne\u015f enerjisi ve teknolojileri fuar\u0131 SOLAREX \u0130stanbul, pandemi nedeniyle ertelenmi\u015f olup 1-3 Nisan 2021&#8217;de ger\u00e7ekle\u015ftirilecek. Solarex \u0130stanbul\u2019dan [&hellip;]<\/p>\n","protected":false},"author":1,"featured_media":117407,"comment_status":"open","ping_status":"open","sticky":false,"template":"","format":"standard","meta":[],"categories":[51,53,49],"tags":[53114,52259,53157,37294,2207,69520,76424,76423,76422],"views":122,"_links":{"self":[{"href":"https:\/\/www.enerjigazetesi.ist\/en\/wp-json\/wp\/v2\/posts\/117405"}],"collection":[{"href":"https:\/\/www.enerjigazetesi.ist\/en\/wp-json\/wp\/v2\/posts"}],"about":[{"href":"https:\/\/www.enerjigazetesi.ist\/en\/wp-json\/wp\/v2\/types\/post"}],"author":[{"embeddable":true,"href":"https:\/\/www.enerjigazetesi.ist\/en\/wp-json\/wp\/v2\/users\/1"}],"replies":[{"embeddable":true,"href":"https:\/\/www.enerjigazetesi.ist\/en\/wp-json\/wp\/v2\/comments?post=117405"}],"version-history":[{"count":0,"href":"https:\/\/www.enerjigazetesi.ist\/en\/wp-json\/wp\/v2\/posts\/117405\/revisions"}],"wp:featuredmedia":[{"embeddable":true,"href":"https:\/\/www.enerjigazetesi.ist\/en\/wp-json\/wp\/v2\/media\/117407"}],"wp:attachment":[{"href":"https:\/\/www.enerjigazetesi.ist\/en\/wp-json\/wp\/v2\/media?parent=117405"}],"wp:term":[{"taxonomy":"category","embeddable":true,"href":"https:\/\/www.enerjigazetesi.ist\/en\/wp-json\/wp\/v2\/categories?post=117405"},{"taxonomy":"post_tag","embeddable":true,"href":"https:\/\/www.enerjigazetesi.ist\/en\/wp-json\/wp\/v2\/tags?post=117405"}],"curies":[{"name":"wp","href":"https:\/\/api.w.org\/{rel}","templated":true}]}}