{"id":117331,"date":"2020-07-21T10:06:53","date_gmt":"2020-07-21T07:06:53","guid":{"rendered":"https:\/\/www.enerjigazetesi.ist\/?p=117331"},"modified":"2020-07-21T10:09:18","modified_gmt":"2020-07-21T07:09:18","slug":"egdnin-11inci-kuresel-isinma-kurultayi-kitaplastirildi","status":"publish","type":"post","link":"https:\/\/www.enerjigazetesi.ist\/en\/egdnin-11inci-kuresel-isinma-kurultayi-kitaplastirildi\/","title":{"rendered":"(Turkish) EGD&#8217;nin 11&#8217;inci K\u00fcresel Is\u0131nma Kurultay\u0131 Kitapla\u015ft\u0131r\u0131ld\u0131"},"content":{"rendered":"<p class=\"qtranxs-available-languages-message qtranxs-available-languages-message-en\">Sorry, this entry is only available in <a href=\"https:\/\/www.enerjigazetesi.ist\/tr\/wp-json\/wp\/v2\/posts\/117331\" class=\"qtranxs-available-language-link qtranxs-available-language-link-tr\" title=\"Turkish\">Turkish<\/a>. For the sake of viewer convenience, the content is shown below in the alternative language. You may click the link to switch the active language.<\/p><p><\/p>\n<h1>Ekonomi Gazetecileri Derne\u011fi\u2019nin (EGD) k\u00fcresel \u0131s\u0131nma konusunda fark\u0131ndal\u0131k <img loading=\"lazy\" class=\"alignright wp-image-117336\" src=\"https:\/\/www.enerjigazetesi.ist\/wp-content\/uploads\/2020\/07\/egd-nin-11inci-kuresel-isinma-kurultayi-kitaplastirildi-2-1.jpg\" alt=\"\" width=\"340\" height=\"444\" srcset=\"https:\/\/www.enerjigazetesi.ist\/wp-content\/uploads\/2020\/07\/egd-nin-11inci-kuresel-isinma-kurultayi-kitaplastirildi-2-1.jpg 768w, https:\/\/www.enerjigazetesi.ist\/wp-content\/uploads\/2020\/07\/egd-nin-11inci-kuresel-isinma-kurultayi-kitaplastirildi-2-1-229x300.jpg 229w, https:\/\/www.enerjigazetesi.ist\/wp-content\/uploads\/2020\/07\/egd-nin-11inci-kuresel-isinma-kurultayi-kitaplastirildi-2-1-306x400.jpg 306w, https:\/\/www.enerjigazetesi.ist\/wp-content\/uploads\/2020\/07\/egd-nin-11inci-kuresel-isinma-kurultayi-kitaplastirildi-2-1-38x50.jpg 38w\" sizes=\"(max-width: 340px) 100vw, 340px\" \/>yaratmak i\u00e7in ger\u00e7ekle\u015ftirdi\u011fi 11&#8217;inci K\u00fcresel Is\u0131nma Kurultay\u0131\u2019n\u0131n kitab\u0131 yay\u0131mland\u0131.<\/h1>\n<p><strong>Ekonomi Gazetecileri Derne\u011fi<\/strong>\u2019nden <strong>(EGD)<\/strong> yap\u0131lan a\u00e7\u0131klamaya g\u00f6re, global d\u00fcnyan\u0131n \u00f6nemli \u00f6ncelikleri aras\u0131nda yer alan <strong>\u00e7evre ve k\u00fcresel \u0131s\u0131nma sorunu<\/strong>nun, \u00e7\u00f6z\u00fcm\u00fcne katk\u0131 sa\u011flamak ve fark\u0131ndal\u0131k yaratmak amac\u0131yla ge\u00e7ti\u011fimiz\u00a0<strong>kas\u0131m ay\u0131nda<\/strong> ger\u00e7ekle\u015ftirilen <strong>11&#8217;inci K\u00fcresel Is\u0131nma Kurultay\u0131<\/strong>\u2019n\u0131n <strong>73 sayfadan<\/strong> olu\u015fan kitab\u0131 yay\u0131mland\u0131.<\/p>\n<p>Kitapta, toplumun t\u00fcm kesimlerinden kat\u0131lan konu\u015fmac\u0131lar\u0131n ve <strong>program\u0131n forum b\u00f6l\u00fcm\u00fc<\/strong>nde s\u00f6z alan kat\u0131l\u0131mc\u0131lar\u0131n g\u00f6r\u00fc\u015f, de\u011ferlendirme ve mesajlar\u0131 yer ald\u0131. <strong>Teksan Jenerat\u00f6r, \u00c7evko<\/strong> ve <strong>Birle\u015fik Metal \u0130\u015f<\/strong>\u2019in katk\u0131lar\u0131yla yay\u0131na haz\u0131rlanan kitap, k\u00fcresel \u0131s\u0131nman\u0131n <strong>T\u00fcrkiye<\/strong> ve d\u00fcnyadaki etkileri ve<strong> acil al\u0131nmas\u0131 gereken tedbirler<\/strong> a\u00e7\u0131s\u0131ndan <strong>&#8220;rehber&#8221;<\/strong> niteli\u011fine sahiptir.<\/p>\n<p>EGD Ba\u015fkan\u0131 <strong>Celal Toprak<\/strong>, ama\u00e7lar\u0131n\u0131n toplumda fark\u0131ndal\u0131k yaratmak oldu\u011funu belirterek &#8220;<strong>11 y\u0131ld\u0131r<\/strong> d\u00fczenledikleri <strong>K\u00fcresel Is\u0131nma Kurultaylar\u0131<\/strong> ile \u00e7evre sorunlar\u0131n\u0131 g\u00fcndemde tuttuklar\u0131n\u0131 belirterek, d\u00fcnyay\u0131 etkisi alt\u0131na alan <strong>koronavir\u00fcs salg\u0131n\u0131<\/strong> ile <strong>m\u00fccadele<\/strong>, <strong>\u00e7evre konusundaki<\/strong> duyarl\u0131l\u0131\u011f\u0131 daha \u00fcst noktaya \u00e7\u0131kard\u0131.&#8221; ifadelerine yer verdi.<\/p>","protected":false},"excerpt":{"rendered":"<p>Sorry, this entry is only available in Turkish. For the sake of viewer convenience, the content is shown below in the alternative language. You may click the link to switch the active language. Ekonomi Gazetecileri Derne\u011fi\u2019nin (EGD) k\u00fcresel \u0131s\u0131nma konusunda fark\u0131ndal\u0131k yaratmak i\u00e7in ger\u00e7ekle\u015ftirdi\u011fi 11&#8217;inci K\u00fcresel Is\u0131nma Kurultay\u0131\u2019n\u0131n kitab\u0131 yay\u0131mland\u0131. Ekonomi Gazetecileri Derne\u011fi\u2019nden (EGD) yap\u0131lan [&hellip;]<\/p>\n","protected":false},"author":1,"featured_media":117338,"comment_status":"open","ping_status":"open","sticky":false,"template":"","format":"standard","meta":[],"categories":[51,53,52],"tags":[36068,8947,76343,36066,76344,52259,69696,25481,73244,41837,11933,57125,37032,25924],"views":109,"_links":{"self":[{"href":"https:\/\/www.enerjigazetesi.ist\/en\/wp-json\/wp\/v2\/posts\/117331"}],"collection":[{"href":"https:\/\/www.enerjigazetesi.ist\/en\/wp-json\/wp\/v2\/posts"}],"about":[{"href":"https:\/\/www.enerjigazetesi.ist\/en\/wp-json\/wp\/v2\/types\/post"}],"author":[{"embeddable":true,"href":"https:\/\/www.enerjigazetesi.ist\/en\/wp-json\/wp\/v2\/users\/1"}],"replies":[{"embeddable":true,"href":"https:\/\/www.enerjigazetesi.ist\/en\/wp-json\/wp\/v2\/comments?post=117331"}],"version-history":[{"count":0,"href":"https:\/\/www.enerjigazetesi.ist\/en\/wp-json\/wp\/v2\/posts\/117331\/revisions"}],"wp:featuredmedia":[{"embeddable":true,"href":"https:\/\/www.enerjigazetesi.ist\/en\/wp-json\/wp\/v2\/media\/117338"}],"wp:attachment":[{"href":"https:\/\/www.enerjigazetesi.ist\/en\/wp-json\/wp\/v2\/media?parent=117331"}],"wp:term":[{"taxonomy":"category","embeddable":true,"href":"https:\/\/www.enerjigazetesi.ist\/en\/wp-json\/wp\/v2\/categories?post=117331"},{"taxonomy":"post_tag","embeddable":true,"href":"https:\/\/www.enerjigazetesi.ist\/en\/wp-json\/wp\/v2\/tags?post=117331"}],"curies":[{"name":"wp","href":"https:\/\/api.w.org\/{rel}","templated":true}]}}