{"id":117297,"date":"2020-07-20T15:35:39","date_gmt":"2020-07-20T12:35:39","guid":{"rendered":"https:\/\/www.enerjigazetesi.ist\/?p=117297"},"modified":"2020-07-20T15:37:01","modified_gmt":"2020-07-20T12:37:01","slug":"milas-bodrum-havalimani-gtc-nin-cift-yuzlu-bifacial-panellerini-tercih-etti","status":"publish","type":"post","link":"https:\/\/www.enerjigazetesi.ist\/en\/milas-bodrum-havalimani-gtc-nin-cift-yuzlu-bifacial-panellerini-tercih-etti\/","title":{"rendered":"(Turkish) Milas Bodrum Havaliman\u0131 GTC\u2019nin \u00c7ift Y\u00fczl\u00fc (Bifacial) Panellerini Tercih Etti"},"content":{"rendered":"<p class=\"qtranxs-available-languages-message qtranxs-available-languages-message-en\">Sorry, this entry is only available in <a href=\"https:\/\/www.enerjigazetesi.ist\/tr\/wp-json\/wp\/v2\/posts\/117297\" class=\"qtranxs-available-language-link qtranxs-available-language-link-tr\" title=\"Turkish\">Turkish<\/a>. For the sake of viewer convenience, the content is shown below in the alternative language. You may click the link to switch the active language.<\/p><p><\/p>\n<h1>GTC\u2019den yap\u0131lan a\u00e7\u0131klamaya g\u00f6re, AA s\u0131n\u0131f\u0131 yanmazl\u0131k sertifikas\u0131na sahip \u00e7ift y\u00fczl\u00fc (bifacial) g\u00fcne\u015f panellerinde her a\u00e7\u0131dan g\u00fcvenli\u011fin \u00fcst d\u00fczeyde olmas\u0131 gereken havalimanlar\u0131nda s\u0131f\u0131r risk ile enerji \u00fcretti\u011fi a\u00e7\u0131kland\u0131. Milas Bodrum Havaliman\u0131\u2019nda yer alan otopark\u0131n \u00fczerine kurulan g\u00fcne\u015f <img loading=\"lazy\" class=\"alignright wp-image-117302\" src=\"https:\/\/www.enerjigazetesi.ist\/wp-content\/uploads\/2020\/07\/milas-bodrum-havalimani-gtc-nin-cift-yuzlu-bifacial-panellerini-tercih-etti-2.jpg\" alt=\"\" width=\"340\" height=\"188\" srcset=\"https:\/\/www.enerjigazetesi.ist\/wp-content\/uploads\/2020\/07\/milas-bodrum-havalimani-gtc-nin-cift-yuzlu-bifacial-panellerini-tercih-etti-2.jpg 882w, https:\/\/www.enerjigazetesi.ist\/wp-content\/uploads\/2020\/07\/milas-bodrum-havalimani-gtc-nin-cift-yuzlu-bifacial-panellerini-tercih-etti-2-300x166.jpg 300w, https:\/\/www.enerjigazetesi.ist\/wp-content\/uploads\/2020\/07\/milas-bodrum-havalimani-gtc-nin-cift-yuzlu-bifacial-panellerini-tercih-etti-2-768x425.jpg 768w, https:\/\/www.enerjigazetesi.ist\/wp-content\/uploads\/2020\/07\/milas-bodrum-havalimani-gtc-nin-cift-yuzlu-bifacial-panellerini-tercih-etti-2-500x277.jpg 500w, https:\/\/www.enerjigazetesi.ist\/wp-content\/uploads\/2020\/07\/milas-bodrum-havalimani-gtc-nin-cift-yuzlu-bifacial-panellerini-tercih-etti-2-80x44.jpg 80w\" sizes=\"(max-width: 340px) 100vw, 340px\" \/>panelleri hem ara\u00e7lara g\u00f6lge sa\u011flarken hem de elektrik \u00fcretimi ger\u00e7ekle\u015ftiriyor.<\/h1>\n<p><strong>GTC<\/strong>\u2019nin projesi, T\u00fcrkiye\u2019de <strong>\u00e7ift y\u00fczl\u00fc g\u00fcne\u015f paneli teknolojisi<\/strong> kullanan ilk <strong>havaliman\u0131<\/strong> ve <strong>otopark<\/strong> olma \u00f6zelli\u011fini ta\u015f\u0131yor. Yakla\u015f\u0131k <strong>1.19 MWp kapasiteli<\/strong> santralin, ara\u00e7 y\u00fczeylerinden ve zeminden <strong>yans\u0131yan g\u00fcne\u015f \u0131\u015f\u0131\u011f\u0131n\u0131<\/strong> da enerjiye \u00e7evirerek <strong>standart panellere<\/strong> g\u00f6re <strong>en az %9 daha fazla<\/strong> elektrik \u00fcretmesi bekleniyor.<\/p>\n<p><strong>GTC\u2019nin projesi<\/strong>, ayn\u0131 zamanda <strong>farkl\u0131 ama\u00e7larla kullan\u0131lan<\/strong> alanlar\u0131n <strong>do\u011fa dostu, g\u00fcvenli<\/strong> ve <strong>y\u00fcksek verimli enerji \u00fcretim<\/strong> alanlar\u0131na <strong>d\u00f6n\u00fc\u015f\u00fcm\u00fcn\u00fcn hikayesini<\/strong> de bar\u0131nd\u0131r\u0131yor.<\/p>\n<p><strong>\u0130lgili Projenin Tan\u0131t\u0131m <a href=\"https:\/\/youtu.be\/p7J49PkhPw0\" target=\"_blank\" rel=\"nofollow noopener\">Videosu \u0130\u00e7in TIKLAYIN &gt;&gt;&gt;<\/a><\/strong><\/p>","protected":false},"excerpt":{"rendered":"<p>Sorry, this entry is only available in Turkish. For the sake of viewer convenience, the content is shown below in the alternative language. You may click the link to switch the active language. GTC\u2019den yap\u0131lan a\u00e7\u0131klamaya g\u00f6re, AA s\u0131n\u0131f\u0131 yanmazl\u0131k sertifikas\u0131na sahip \u00e7ift y\u00fczl\u00fc (bifacial) g\u00fcne\u015f panellerinde her a\u00e7\u0131dan g\u00fcvenli\u011fin \u00fcst d\u00fczeyde olmas\u0131 gereken havalimanlar\u0131nda [&hellip;]<\/p>\n","protected":false},"author":1,"featured_media":117300,"comment_status":"open","ping_status":"open","sticky":false,"template":"","format":"standard","meta":[],"categories":[51,53,49],"tags":[76318,76316,76320,5070,52259,76317,53157,6500,39384,76322,76315,76321,76319,54979],"views":228,"_links":{"self":[{"href":"https:\/\/www.enerjigazetesi.ist\/en\/wp-json\/wp\/v2\/posts\/117297"}],"collection":[{"href":"https:\/\/www.enerjigazetesi.ist\/en\/wp-json\/wp\/v2\/posts"}],"about":[{"href":"https:\/\/www.enerjigazetesi.ist\/en\/wp-json\/wp\/v2\/types\/post"}],"author":[{"embeddable":true,"href":"https:\/\/www.enerjigazetesi.ist\/en\/wp-json\/wp\/v2\/users\/1"}],"replies":[{"embeddable":true,"href":"https:\/\/www.enerjigazetesi.ist\/en\/wp-json\/wp\/v2\/comments?post=117297"}],"version-history":[{"count":0,"href":"https:\/\/www.enerjigazetesi.ist\/en\/wp-json\/wp\/v2\/posts\/117297\/revisions"}],"wp:featuredmedia":[{"embeddable":true,"href":"https:\/\/www.enerjigazetesi.ist\/en\/wp-json\/wp\/v2\/media\/117300"}],"wp:attachment":[{"href":"https:\/\/www.enerjigazetesi.ist\/en\/wp-json\/wp\/v2\/media?parent=117297"}],"wp:term":[{"taxonomy":"category","embeddable":true,"href":"https:\/\/www.enerjigazetesi.ist\/en\/wp-json\/wp\/v2\/categories?post=117297"},{"taxonomy":"post_tag","embeddable":true,"href":"https:\/\/www.enerjigazetesi.ist\/en\/wp-json\/wp\/v2\/tags?post=117297"}],"curies":[{"name":"wp","href":"https:\/\/api.w.org\/{rel}","templated":true}]}}