{"id":117293,"date":"2020-07-20T14:43:56","date_gmt":"2020-07-20T11:43:56","guid":{"rendered":"https:\/\/www.enerjigazetesi.ist\/?p=117293"},"modified":"2020-07-20T14:53:38","modified_gmt":"2020-07-20T11:53:38","slug":"goodwe-dunyanin-ilk-e-pazari-solar-storage-digicona-yer-aliyor","status":"publish","type":"post","link":"https:\/\/www.enerjigazetesi.ist\/en\/goodwe-dunyanin-ilk-e-pazari-solar-storage-digicona-yer-aliyor\/","title":{"rendered":"(Turkish) &#8217;GoodWe&#8217; D\u00fcnya&#8217;n\u0131n \u0130lk E-Pazar\u0131 &#8216;Solar &#038; Storage DigiCon&#8217;a Yer Al\u0131yor!"},"content":{"rendered":"<p class=\"qtranxs-available-languages-message qtranxs-available-languages-message-en\">Sorry, this entry is only available in <a href=\"https:\/\/www.enerjigazetesi.ist\/tr\/wp-json\/wp\/v2\/posts\/117293\" class=\"qtranxs-available-language-link qtranxs-available-language-link-tr\" title=\"Turkish\">Turkish<\/a>. For the sake of viewer convenience, the content is shown below in the alternative language. You may click the link to switch the active language.<\/p><p><\/p>\n<h1><strong>Solar &amp; Storage DigiCon, k\u00fcresel olarak tan\u0131nan iki i\u015f platformu Joint Forces for Solar ve International Battery Energy Storage Alliance \u2013 IBESA i\u015fbirli\u011finde ger\u00e7ekle\u015fecek. 15 Temmuz 2020\u2019den itibaren GoodWe, yepyeni bir sanal platform olan \u201cSolar &amp; Storage DigiCon\u201dun bir par\u00e7as\u0131 olacak; yeni potansiyel yat\u0131r\u0131mc\u0131lara ve mevcut m\u00fc\u015fterilerine hem k\u00fcresel hem yerel \u00f6l\u00e7ekte proaktif olarak \u00fcr\u00fcnlerini, hizmetlerini ve yeniliklerini sergileyecek.\u00a0<\/strong><\/h1>\n<p><strong>K\u00fcresel g\u00fcne\u015f ve enerji depolama end\u00fcstrileri<\/strong> i\u00e7in tasarlanan ve t\u00fcr\u00fcn\u00fcn ilk \u00f6rne\u011fi olan <strong>Solar &amp; Storage DigiCon<\/strong>, h\u0131zland\u0131r\u0131lm\u0131\u015f bilgi al\u0131\u015fveri\u015fini te\u015fvik etmek i\u00e7in <strong>d\u00fcnyan\u0131n d\u00f6rt bir yan\u0131ndaki<\/strong> sekt\u00f6r payda\u015flar\u0131n\u0131 <strong>24 saat boyunca<\/strong> birbirine ba\u011flamay\u0131 ama\u00e7lamaktad\u0131r. D\u00fczenlenen <span style=\"text-decoration: underline;\">etkinlikle;<\/span> <img loading=\"lazy\" class=\"alignright wp-image-117295\" src=\"https:\/\/www.enerjigazetesi.ist\/wp-content\/uploads\/2020\/07\/goodwe-dunyanin-ilk-e-pazari-solar-storage-digicona-yer-aliyor.jpg\" alt=\"\" width=\"340\" height=\"191\" srcset=\"https:\/\/www.enerjigazetesi.ist\/wp-content\/uploads\/2020\/07\/goodwe-dunyanin-ilk-e-pazari-solar-storage-digicona-yer-aliyor.jpg 1137w, https:\/\/www.enerjigazetesi.ist\/wp-content\/uploads\/2020\/07\/goodwe-dunyanin-ilk-e-pazari-solar-storage-digicona-yer-aliyor-300x169.jpg 300w, https:\/\/www.enerjigazetesi.ist\/wp-content\/uploads\/2020\/07\/goodwe-dunyanin-ilk-e-pazari-solar-storage-digicona-yer-aliyor-768x432.jpg 768w, https:\/\/www.enerjigazetesi.ist\/wp-content\/uploads\/2020\/07\/goodwe-dunyanin-ilk-e-pazari-solar-storage-digicona-yer-aliyor-1024x576.jpg 1024w, https:\/\/www.enerjigazetesi.ist\/wp-content\/uploads\/2020\/07\/goodwe-dunyanin-ilk-e-pazari-solar-storage-digicona-yer-aliyor-500x281.jpg 500w, https:\/\/www.enerjigazetesi.ist\/wp-content\/uploads\/2020\/07\/goodwe-dunyanin-ilk-e-pazari-solar-storage-digicona-yer-aliyor-80x45.jpg 80w\" sizes=\"(max-width: 340px) 100vw, 340px\" \/><strong>kurulumcular, proje geli\u015ftiriciler ve EPC \u015firketleri gibi end\u00fcstri tedarik\u00e7ileri<\/strong> ve <strong>pazar arac\u0131lar\u0131<\/strong> aras\u0131ndaki <strong>ba\u011flant\u0131 ve etkile\u015fime<\/strong> \u00f6zellikle odaklan\u0131lmas\u0131 hedefleniyor.<\/p>\n<p>K\u00fcresel payda\u015flarla <strong>7\/24 kat\u0131l\u0131m<\/strong> i\u015flevselli\u011fine ve <strong>GoodWe<\/strong>\u2019nin en son \u00fcr\u00fcn yeniliklerini sergileyecek olmas\u0131na ek olarak, bu e-pazar sayesinde kat\u0131l\u0131mc\u0131lar; <strong>Avrupa ve Kuzey Amerika, LATAM, MEA ve APAC b\u00f6lgelerinin Sat\u0131\u015f ve Teknik temsilcileri<\/strong> ile do\u011frudan temas kurabilecekler.<\/p>\n<p><strong>GoodWe<\/strong> \u015fu anda <strong>depolama inverterleri<\/strong> kategorisinde <strong>d\u00fcnya lideri<\/strong> konunundad\u0131r ve \u00fcst \u00fcste <strong>5 y\u0131l<\/strong> <strong>T\u00dcV Rheinland<\/strong> <em>\u201cAll Quality Matters\u201d \u00f6d\u00fcl\u00fcn\u00fc<\/em> kazanm\u0131\u015ft\u0131r. <strong>Solar &amp; Storage DigiCon<\/strong> s\u0131ras\u0131nda, g\u00fcne\u015f end\u00fcstrisi payda\u015flar\u0131, <strong>GoodWe<\/strong>\u2019nin <strong>hibrit inverterleri<\/strong> ve <strong>zemine monte &amp; \u015febeke ba\u011flant\u0131l\u0131<\/strong> <em>b\u00fcy\u00fck \u00f6l\u00e7ekli projelerde<\/em> kullan\u0131lmak \u00fczere d\u00fcnyaca \u00fcnl\u00fc<strong> HT inverteri<\/strong> de dahil olmak \u00fczere, t\u00fcm <strong>GoodWe \u00fcr\u00fcnleri<\/strong> ve <strong>hizmetleri<\/strong> hakk\u0131nda <strong>daha fazla bilgi edinmek<\/strong> i\u00e7in bir araya gelecekler.<\/p>\n<p><strong>Platform Hakk\u0131nda Daha Fazla Bilgi \u0130\u00e7in:\u00a0<\/strong><a href=\"http:\/\/www.solarstorage-digicon.com\/\" target=\"_blank\" rel=\"nofollow noopener\">www.solarstorage-digicon.com<\/a><\/p>\n<p><strong>\u00dccretsiz Kay\u0131t Olmak \u0130\u00e7in:\u00a0<\/strong><a href=\"https:\/\/jf4s.6connex.eu\/event\/Digicon\/login\" target=\"_blank\" rel=\"nofollow noopener\">https:\/\/jf4s.6connex.eu\/event\/Digicon\/login<\/a><\/p>","protected":false},"excerpt":{"rendered":"<p>Sorry, this entry is only available in Turkish. For the sake of viewer convenience, the content is shown below in the alternative language. You may click the link to switch the active language. Solar &amp; Storage DigiCon, k\u00fcresel olarak tan\u0131nan iki i\u015f platformu Joint Forces for Solar ve International Battery Energy Storage Alliance \u2013 IBESA [&hellip;]<\/p>\n","protected":false},"author":1,"featured_media":117295,"comment_status":"open","ping_status":"open","sticky":false,"template":"","format":"standard","meta":[],"categories":[51,53,49],"tags":[76312,76310,5070,2625,52259,36261,53157,76313,76309,76308,76314,76311,35687,76307,14603],"views":114,"_links":{"self":[{"href":"https:\/\/www.enerjigazetesi.ist\/en\/wp-json\/wp\/v2\/posts\/117293"}],"collection":[{"href":"https:\/\/www.enerjigazetesi.ist\/en\/wp-json\/wp\/v2\/posts"}],"about":[{"href":"https:\/\/www.enerjigazetesi.ist\/en\/wp-json\/wp\/v2\/types\/post"}],"author":[{"embeddable":true,"href":"https:\/\/www.enerjigazetesi.ist\/en\/wp-json\/wp\/v2\/users\/1"}],"replies":[{"embeddable":true,"href":"https:\/\/www.enerjigazetesi.ist\/en\/wp-json\/wp\/v2\/comments?post=117293"}],"version-history":[{"count":0,"href":"https:\/\/www.enerjigazetesi.ist\/en\/wp-json\/wp\/v2\/posts\/117293\/revisions"}],"wp:featuredmedia":[{"embeddable":true,"href":"https:\/\/www.enerjigazetesi.ist\/en\/wp-json\/wp\/v2\/media\/117295"}],"wp:attachment":[{"href":"https:\/\/www.enerjigazetesi.ist\/en\/wp-json\/wp\/v2\/media?parent=117293"}],"wp:term":[{"taxonomy":"category","embeddable":true,"href":"https:\/\/www.enerjigazetesi.ist\/en\/wp-json\/wp\/v2\/categories?post=117293"},{"taxonomy":"post_tag","embeddable":true,"href":"https:\/\/www.enerjigazetesi.ist\/en\/wp-json\/wp\/v2\/tags?post=117293"}],"curies":[{"name":"wp","href":"https:\/\/api.w.org\/{rel}","templated":true}]}}