{"id":11723,"date":"2013-06-10T10:31:39","date_gmt":"2013-06-10T07:31:39","guid":{"rendered":"https:\/\/www.enerjigazetesi.ist\/?p=11723"},"modified":"2013-06-10T16:41:48","modified_gmt":"2013-06-10T13:41:48","slug":"enerji-verimliligi-dernegi-avrupada-turkiyeyi-temsil-edecek","status":"publish","type":"post","link":"https:\/\/www.enerjigazetesi.ist\/en\/enerji-verimliligi-dernegi-avrupada-turkiyeyi-temsil-edecek\/","title":{"rendered":"(Turkish) Enerji Verimlili\u011fi Derne\u011fi Avrupa\u2019da T\u00fcrkiye\u2019yi Temsil Edecek&#8230;"},"content":{"rendered":"<p class=\"qtranxs-available-languages-message qtranxs-available-languages-message-en\">Sorry, this entry is only available in <a href=\"https:\/\/www.enerjigazetesi.ist\/tr\/wp-json\/wp\/v2\/posts\/11723\" class=\"qtranxs-available-language-link qtranxs-available-language-link-tr\" title=\"Turkish\">Turkish<\/a>. For the sake of viewer convenience, the content is shown below in the alternative language. You may click the link to switch the active language.<\/p><p><\/p>\n<div id=\"dvDetails\">\n<p><strong>T\u00fcrkiye\u2019de enerji verimlili\u011fi bilincini yaymak amac\u0131yla bir sivil toplum kurulu\u015fu olarak kurulan Enerji Verimlili\u011fi Derne\u011fi, uluslararas\u0131 platformda kendisi ile ayn\u0131 ana misyonlar\u0131 ta\u015f\u0131yan Enerji Verimli Ekonomi i\u00e7in Av<\/strong><a href=\"https:\/\/www.enerjigazetesi.ist\/wp-content\/uploads\/2013\/02\/enerji-verimliligi-nasil-yapilir-enver-300x237.jpg\"><img loading=\"lazy\" class=\"alignleft size-full wp-image-7143\" title=\"enerji-verimliligi-dernegi-avrupa-enver\" src=\"https:\/\/www.enerjigazetesi.ist\/wp-content\/uploads\/2013\/02\/enerji-verimliligi-nasil-yapilir-enver-300x237.jpg\" alt=\"\" width=\"300\" height=\"237\" srcset=\"https:\/\/www.enerjigazetesi.ist\/wp-content\/uploads\/2013\/02\/enerji-verimliligi-nasil-yapilir-enver-300x237.jpg 300w, https:\/\/www.enerjigazetesi.ist\/wp-content\/uploads\/2013\/02\/enerji-verimliligi-nasil-yapilir-enver-300x237-63x50.jpg 63w\" sizes=\"(max-width: 300px) 100vw, 300px\" \/><\/a><strong>rupa Konseyi (ECEEE)\u2019nin \u00fcyesi oldu.<\/strong><\/p>\n<p>Enerjinin etkin ve verimli kullan\u0131labilmesi i\u00e7in fark\u0131ndal\u0131k olu\u015fturmak, ayr\u0131ca bilimsel ve teknik ara\u015ft\u0131rmalar yapt\u0131rmak amac\u0131yla faaliyete ba\u015flayan Enerji Verimlili\u011fi Derne\u011fi, ayn\u0131 zamanda elde etti\u011fi sonu\u00e7lar\u0131 kamu kurulu\u015flar\u0131 ve vatanda\u015flar ile payla\u015farak verimlili\u011fi artt\u0131rmay\u0131 hedefliyor. Yurt i\u00e7inde evlerde enerjiyi verimli kullanmay\u0131 te\u015fvik etmek amac\u0131yla ba\u015flat\u0131lan \u201cEnerji Han\u0131m\u201d projesini il il gezerek ba\u015far\u0131yla s\u00fcrd\u00fcren dernek, verimlili\u011fi \u00fclke geneline yaymak i\u00e7in birbiri ard\u0131na projeleri hayata ge\u00e7irecek. Kar amac\u0131 g\u00fctmeyen derne\u011fin y\u00f6netiminde ise T\u00fcrk i\u015f d\u00fcnyas\u0131n\u0131n \u00f6nde gelen isimleri ve b\u00fcrokratlar\u0131 da g\u00f6rev al\u0131yor.<\/p>\n<p><strong>D\u00fcnya ile entegre olacak<\/strong><\/p>\n<p>Enerji Verimlili\u011fi Derne\u011fi\u2019nin T\u00fcrkiye\u2019yi temsil eden tek \u00fcye oldu\u011fu Enerji Verimli Ekonomi i\u00e7in Avrupa Konseyi (ECEEE); 1993 y\u0131l\u0131nda Avrupa Birli\u011fi \u00fcye \u00fclkeleri i\u015fbirli\u011fiyle Stokholm\u2019de kuruldu. Konseyin ba\u015fl\u0131ca g\u00f6revleri aras\u0131nda; enerjinin verimli kullan\u0131lmas\u0131n\u0131 yayg\u0131nla\u015ft\u0131rmak i\u00e7in, toplumlarda enerji verimlili\u011fini anlamay\u0131 ve uygulamalar\u0131 te\u015fvik etmek, do\u011fan\u0131n korunmas\u0131n\u0131 ve ekonomik geli\u015fmeyi ilerletmek yer al\u0131yor. Ba\u015fkanl\u0131\u011f\u0131n\u0131 Danimarka\u2019dan Peter Bach\u2019in \u00fcstlendi\u011fi konsey; enerji verimlili\u011fi ve yenilenebilirli\u011fi konusunda h\u00fck\u00fcmet kurulu\u015flar\u0131yla i\u015fbirli\u011fi i\u00e7inde proje \u00fcretme ve dan\u0131\u015fma g\u00f6revlerini y\u00fcr\u00fct\u00fcyor. T\u00fcrkiye\u2019nin \u00fcyelikle birlikte enerji verimlili\u011fi konusunda d\u00fcnya ile entegre \u00e7al\u0131\u015fmalar yapma imkan\u0131 sa\u011flamas\u0131 yan\u0131nda, T\u00fcrkiye yap\u0131lan \u00e7al\u0131\u015fmalar\u0131n da di\u011fer \u00fcye \u00fclkeler ile payla\u015f\u0131lmas\u0131na katk\u0131 sa\u011flayaca\u011f\u0131 belirtildi.<\/p>\n<p>&nbsp;<\/p>\n<p style=\"text-align: center;\"><img loading=\"lazy\" class=\"alignleft\" src=\"http:\/\/www.enver.org.tr\/UserFiles\/CKUpload\/Upload\/enver-logo2.jpg\" alt=\"\" width=\"198\" height=\"180\" \/><\/p>\n<p>\u00a0 \u00a0\u00a0\u00a0<a href=\"http:\/\/www.eceee.org\/\" target=\"_blank\"><img loading=\"lazy\" class=\"alignleft\" style=\"margin-left: 2px; margin-right: 2px;\" src=\"http:\/\/www.enver.org.tr\/UserFiles\/CKUpload\/Upload\/eceee_logo.jpg\" alt=\"\" width=\"179\" height=\"179\" \/><\/a><\/p>\n<\/div>\n<p>&nbsp;<\/p>\n<p>&nbsp;<\/p>\n<p>&nbsp;<\/p>\n<p>&nbsp;<\/p>\n<p>&nbsp;<\/p>\n<p>&nbsp;<\/p>\n<p>Kaynak: <a href=\"https:\/\/www.enerjigazetesi.ist\" target=\"_blank\">Enerji Gazetesi<\/a><\/p>","protected":false},"excerpt":{"rendered":"<p>Sorry, this entry is only available in Turkish. For the sake of viewer convenience, the content is shown below in the alternative language. You may click the link to switch the active language. T\u00fcrkiye\u2019de enerji verimlili\u011fi bilincini yaymak amac\u0131yla bir sivil toplum kurulu\u015fu olarak kurulan Enerji Verimlili\u011fi Derne\u011fi, uluslararas\u0131 platformda kendisi ile ayn\u0131 ana misyonlar\u0131 [&hellip;]<\/p>\n","protected":false},"author":1,"featured_media":7143,"comment_status":"open","ping_status":"open","sticky":false,"template":"","format":"standard","meta":[],"categories":[53,52],"tags":[5846,63,67,1530,5845,12,1525,1526,800,133],"views":959,"_links":{"self":[{"href":"https:\/\/www.enerjigazetesi.ist\/en\/wp-json\/wp\/v2\/posts\/11723"}],"collection":[{"href":"https:\/\/www.enerjigazetesi.ist\/en\/wp-json\/wp\/v2\/posts"}],"about":[{"href":"https:\/\/www.enerjigazetesi.ist\/en\/wp-json\/wp\/v2\/types\/post"}],"author":[{"embeddable":true,"href":"https:\/\/www.enerjigazetesi.ist\/en\/wp-json\/wp\/v2\/users\/1"}],"replies":[{"embeddable":true,"href":"https:\/\/www.enerjigazetesi.ist\/en\/wp-json\/wp\/v2\/comments?post=11723"}],"version-history":[{"count":6,"href":"https:\/\/www.enerjigazetesi.ist\/en\/wp-json\/wp\/v2\/posts\/11723\/revisions"}],"predecessor-version":[{"id":11753,"href":"https:\/\/www.enerjigazetesi.ist\/en\/wp-json\/wp\/v2\/posts\/11723\/revisions\/11753"}],"wp:featuredmedia":[{"embeddable":true,"href":"https:\/\/www.enerjigazetesi.ist\/en\/wp-json\/wp\/v2\/media\/7143"}],"wp:attachment":[{"href":"https:\/\/www.enerjigazetesi.ist\/en\/wp-json\/wp\/v2\/media?parent=11723"}],"wp:term":[{"taxonomy":"category","embeddable":true,"href":"https:\/\/www.enerjigazetesi.ist\/en\/wp-json\/wp\/v2\/categories?post=11723"},{"taxonomy":"post_tag","embeddable":true,"href":"https:\/\/www.enerjigazetesi.ist\/en\/wp-json\/wp\/v2\/tags?post=11723"}],"curies":[{"name":"wp","href":"https:\/\/api.w.org\/{rel}","templated":true}]}}