{"id":117174,"date":"2020-07-17T22:41:42","date_gmt":"2020-07-17T19:41:42","guid":{"rendered":"https:\/\/www.enerjigazetesi.ist\/?p=117174"},"modified":"2020-07-17T22:43:02","modified_gmt":"2020-07-17T19:43:02","slug":"euas-a-sifir-atik-belgesi-verildi","status":"publish","type":"post","link":"https:\/\/www.enerjigazetesi.ist\/en\/euas-a-sifir-atik-belgesi-verildi\/","title":{"rendered":"(Turkish) E\u00dcA\u015e\u2019a &#8216;S\u0131f\u0131r At\u0131k Belgesi&#8217; Verildi"},"content":{"rendered":"<p class=\"qtranxs-available-languages-message qtranxs-available-languages-message-en\">Sorry, this entry is only available in <a href=\"https:\/\/www.enerjigazetesi.ist\/tr\/wp-json\/wp\/v2\/posts\/117174\" class=\"qtranxs-available-language-link qtranxs-available-language-link-tr\" title=\"Turkish\">Turkish<\/a>. For the sake of viewer convenience, the content is shown below in the alternative language. You may click the link to switch the active language.<\/p><p><\/p>\n<h1>Elektrik \u00dcretim Anonim \u015eirketi\u00a0(E\u00dcA\u015e), merkez kamp\u00fcs yerle\u015fkesinde kaynaklar\u0131n sa\u011fl\u0131kl\u0131 ve verimli bi\u00e7imde kullan\u0131lmas\u0131, at\u0131klar\u0131n as\u0131l kayna\u011f\u0131nda y\u00f6netim alt\u0131na al\u0131nmas\u0131, azalt\u0131lmas\u0131 ve ayr\u0131\u015ft\u0131r\u0131larak geri <img loading=\"lazy\" class=\"alignright wp-image-117176\" src=\"https:\/\/www.enerjigazetesi.ist\/wp-content\/uploads\/2020\/07\/euas-a-sifir-atik-belgesi-verildi-2.jpg\" alt=\"\" width=\"320\" height=\"267\" srcset=\"https:\/\/www.enerjigazetesi.ist\/wp-content\/uploads\/2020\/07\/euas-a-sifir-atik-belgesi-verildi-2.jpg 650w, https:\/\/www.enerjigazetesi.ist\/wp-content\/uploads\/2020\/07\/euas-a-sifir-atik-belgesi-verildi-2-300x250.jpg 300w, https:\/\/www.enerjigazetesi.ist\/wp-content\/uploads\/2020\/07\/euas-a-sifir-atik-belgesi-verildi-2-480x400.jpg 480w, https:\/\/www.enerjigazetesi.ist\/wp-content\/uploads\/2020\/07\/euas-a-sifir-atik-belgesi-verildi-2-60x50.jpg 60w\" sizes=\"(max-width: 320px) 100vw, 320px\" \/>kazan\u0131lmas\u0131 kapsam\u0131nda yapt\u0131\u011f\u0131 s\u0131f\u0131r at\u0131k y\u00f6netimi \u00e7al\u0131\u015fmalar\u0131 neticesinde &#8216;S\u0131f\u0131r At\u0131k Belgesi&#8217;ni ald\u0131.<\/h1>\n<p><strong>E\u00dcA\u015e,<\/strong> merkez kamp\u00fcs yerle\u015fkesinde <strong>s\u0131f\u0131r at\u0131k y\u00f6netim sistemi<\/strong> kapsam\u0131nda y\u00fcr\u00fct\u00fclen \u00e7al\u0131\u015fmalar ile evsel at\u0131klar\u0131 ayr\u0131\u015ft\u0131rarak ekonomide katma de\u011fer sa\u011flan\u0131yor. Yemekhane at\u0131klar\u0131 <strong>Belediyeler arac\u0131l\u0131\u011f\u0131<\/strong> ile <strong>sokak hayvanlar\u0131n\u0131n<\/strong> <strong>yem ihtiyac\u0131<\/strong> ve <strong>daha ye\u015fil bir do\u011fa<\/strong> i\u00e7in<strong> kompostta (g\u00fcbreye)<\/strong> d\u00f6n\u00fc\u015ft\u00fcr\u00fcl\u00fcyor.<\/p>\n<p><strong>E\u00dcA\u015e<\/strong>&#8216;\u0131n <strong>\u00e7evre konusunda<\/strong> yapt\u0131\u011f\u0131 \u00e7al\u0131\u015fmalar\u0131 <strong>\u00f6rnek bir kurulu\u015f olma<\/strong> yolunda \u00e7al\u0131\u015fma arkada\u015flar\u0131n\u0131n da katk\u0131lar\u0131 ile <strong>t\u00fcm h\u0131z\u0131yla<\/strong> s\u00fcrd\u00fcr\u00fcl\u00fcyor.<\/p>","protected":false},"excerpt":{"rendered":"<p>Sorry, this entry is only available in Turkish. For the sake of viewer convenience, the content is shown below in the alternative language. You may click the link to switch the active language. Elektrik \u00dcretim Anonim \u015eirketi\u00a0(E\u00dcA\u015e), merkez kamp\u00fcs yerle\u015fkesinde kaynaklar\u0131n sa\u011fl\u0131kl\u0131 ve verimli bi\u00e7imde kullan\u0131lmas\u0131, at\u0131klar\u0131n as\u0131l kayna\u011f\u0131nda y\u00f6netim alt\u0131na al\u0131nmas\u0131, azalt\u0131lmas\u0131 ve ayr\u0131\u015ft\u0131r\u0131larak [&hellip;]<\/p>\n","protected":false},"author":1,"featured_media":117177,"comment_status":"open","ping_status":"open","sticky":false,"template":"","format":"standard","meta":[],"categories":[51,53],"tags":[52674,65064,52259,53669,53668,44781,76145,76146],"views":197,"_links":{"self":[{"href":"https:\/\/www.enerjigazetesi.ist\/en\/wp-json\/wp\/v2\/posts\/117174"}],"collection":[{"href":"https:\/\/www.enerjigazetesi.ist\/en\/wp-json\/wp\/v2\/posts"}],"about":[{"href":"https:\/\/www.enerjigazetesi.ist\/en\/wp-json\/wp\/v2\/types\/post"}],"author":[{"embeddable":true,"href":"https:\/\/www.enerjigazetesi.ist\/en\/wp-json\/wp\/v2\/users\/1"}],"replies":[{"embeddable":true,"href":"https:\/\/www.enerjigazetesi.ist\/en\/wp-json\/wp\/v2\/comments?post=117174"}],"version-history":[{"count":0,"href":"https:\/\/www.enerjigazetesi.ist\/en\/wp-json\/wp\/v2\/posts\/117174\/revisions"}],"wp:featuredmedia":[{"embeddable":true,"href":"https:\/\/www.enerjigazetesi.ist\/en\/wp-json\/wp\/v2\/media\/117177"}],"wp:attachment":[{"href":"https:\/\/www.enerjigazetesi.ist\/en\/wp-json\/wp\/v2\/media?parent=117174"}],"wp:term":[{"taxonomy":"category","embeddable":true,"href":"https:\/\/www.enerjigazetesi.ist\/en\/wp-json\/wp\/v2\/categories?post=117174"},{"taxonomy":"post_tag","embeddable":true,"href":"https:\/\/www.enerjigazetesi.ist\/en\/wp-json\/wp\/v2\/tags?post=117174"}],"curies":[{"name":"wp","href":"https:\/\/api.w.org\/{rel}","templated":true}]}}