{"id":117134,"date":"2020-07-17T11:34:46","date_gmt":"2020-07-17T08:34:46","guid":{"rendered":"https:\/\/www.enerjigazetesi.ist\/?p=117134"},"modified":"2020-07-17T11:39:17","modified_gmt":"2020-07-17T08:39:17","slug":"bp-2020-dunya-enerji-raporu-gectigimiz-gunler-icinde-yayimlandi","status":"publish","type":"post","link":"https:\/\/www.enerjigazetesi.ist\/en\/bp-2020-dunya-enerji-raporu-gectigimiz-gunler-icinde-yayimlandi\/","title":{"rendered":"(Turkish) &#8217;BP 2020 D\u00fcnya Enerji Raporu&#8217; Ge\u00e7ti\u011fimiz G\u00fcnler \u0130\u00e7inde Yay\u0131mland\u0131"},"content":{"rendered":"<p class=\"qtranxs-available-languages-message qtranxs-available-languages-message-en\">Sorry, this entry is only available in <a href=\"https:\/\/www.enerjigazetesi.ist\/tr\/wp-json\/wp\/v2\/posts\/117134\" class=\"qtranxs-available-language-link qtranxs-available-language-link-tr\" title=\"Turkish\">Turkish<\/a>. For the sake of viewer convenience, the content is shown below in the alternative language. You may click the link to switch the active language.<\/p><p><\/p>\n<h1>BP\u2019nin ge\u00e7ti\u011fimiz g\u00fcnlerde yay\u0131nlad\u0131\u011f\u0131 &#8216;2020 D\u00fcnya Enerji Raporu&#8217;ndan baz\u0131 \u00f6nemli kesitler a\u015fa\u011f\u0131da sunulmu\u015ftur. 2019 y\u0131l\u0131nda \u00c7in d\u00fcnyan\u0131n en b\u00fcy\u00fck hidroelektrik, r\u00fczgar ve g\u00fcne\u015f enerjisi \u00fcreticisi oldu.<\/h1>\n<p>\u00c7in <strong>toplam enerji \u00fcretimi<\/strong>nde <strong>y\u0131ll\u0131k art\u0131\u015f oran\u0131<\/strong> olarak yine <strong>D\u00fcnya 1&#8217;incisi<\/strong> oldu. <strong>\u00c7in<\/strong> d\u00fcnyan\u0131n en b\u00fcy\u00fck <strong>enerji \u00fcreticisi<\/strong> ve en b\u00fcy\u00fck enerji t\u00fcketicisi olmaya <strong>2019\u2019da<\/strong> da devam etti.<\/p>\n<p>\u00c7in d\u00fcnyan\u0131n en b\u00fcy\u00fck k\u00f6m\u00fcr \u00fcreticisi olmay\u0131 <strong>2019 y\u0131l\u0131nda<\/strong> da s\u00fcrd\u00fcrd\u00fc. D\u00fcnyadaki <strong>k\u00f6m\u00fcr\u00fcn<\/strong> yakla\u015f\u0131k yar\u0131s\u0131n\u0131 <strong>\u00c7in<\/strong> \u00fcretirken\u00a0<strong>toplam k\u00f6m\u00fcr \u00fcretimi<\/strong>nden elde etti\u011fi enerji <strong>ABD<\/strong>\u2019nin<strong> petrol, do\u011falgaz<\/strong> ve <strong>k\u00f6m\u00fcr \u00fcretiminin<\/strong> toplam\u0131ndan daha b\u00fcy\u00fck.<strong> \u00c7in\u2019in ithal etti\u011fi<\/strong> toplam enerji miktar\u0131 <strong>Japonya<\/strong>\u2019n\u0131n <strong>toplam enerji t\u00fcketiminden<\/strong> daha fazla.<\/p>\n<p>D\u00fcnya\u2019da t\u00fcketilen enerjinin <strong>%17<\/strong>\u2019si k\u00f6m\u00fcrden kar\u015f\u0131lan\u0131rken, <strong>\u00c7in<\/strong> toplam enerji t\u00fcketiminin <strong>%58<\/strong>\u2019ini k\u00f6m\u00fcrden kar\u015f\u0131l\u0131yor.<\/p>\n<p style=\"text-align: center;\"><img loading=\"lazy\" class=\"aligncenter wp-image-117135\" src=\"https:\/\/www.enerjigazetesi.ist\/wp-content\/uploads\/2020\/07\/01-1.jpg\" alt=\"\u015eekil 2- Enerji Kaynaklar\u0131n\u0131n K\u00fcresel Paylar\u0131\" width=\"600\" height=\"324\" srcset=\"https:\/\/www.enerjigazetesi.ist\/wp-content\/uploads\/2020\/07\/01-1.jpg 797w, https:\/\/www.enerjigazetesi.ist\/wp-content\/uploads\/2020\/07\/01-1-300x162.jpg 300w, https:\/\/www.enerjigazetesi.ist\/wp-content\/uploads\/2020\/07\/01-1-768x414.jpg 768w, https:\/\/www.enerjigazetesi.ist\/wp-content\/uploads\/2020\/07\/01-1-500x270.jpg 500w, https:\/\/www.enerjigazetesi.ist\/wp-content\/uploads\/2020\/07\/01-1-80x43.jpg 80w\" sizes=\"(max-width: 600px) 100vw, 600px\" \/><\/p>\n<p>ABD son <strong>3 y\u0131ld\u0131r \u00fcst \u00fcste<\/strong> d\u00fcnyan\u0131n en b\u00fcy\u00fck<strong> petrol \u00fcreticisi<\/strong> olmaya devam ediyor. <strong>ABD<\/strong>, <strong>2019 y\u0131l\u0131nda<\/strong> d\u00fcnyadaki <strong>petrol\u00fcn<\/strong> <strong>%17<\/strong>\u2019sini <strong>do\u011falgaz\u0131n<\/strong> ise <strong>%23<\/strong>\u2019\u00fcn\u00fc \u00fcretti.<\/p>\n<p>2019 y\u0131l\u0131nda <strong>karbon emisyonlar\u0131<\/strong> oran\u0131 <strong>ABD<\/strong> ve di\u011fer geli\u015fmi\u015f bir\u00e7ok \u00fclke i\u00e7in d\u00fc\u015fmeye devam ederken <strong>\u00c7in<\/strong>\u2019in <strong>karbon emisyon oran\u0131<\/strong> y\u00fckseldi.<\/p>\n<p><strong>ABD\u2019nin enerji \u00fcretimi<\/strong> 2019 y\u0131l\u0131nda <strong>%6<\/strong> oran\u0131nda artt\u0131, en b\u00fcy\u00fck art\u0131\u015f <strong>petrol ve do\u011falgazdan<\/strong> geldi, k\u00f6m\u00fcr \u00fcretimi ise ciddi d\u00fc\u015f\u00fc\u015f ya\u015famaya devam ederken <strong>petrol \u00fcretimi<\/strong>nde <strong>son 3 y\u0131ld\u0131r<\/strong> \u00fcst \u00fcste en y\u00fcksek art\u0131\u015f\u0131 g\u00f6steren \u00fclke oldu.<\/p>\n<p>\u00c7in, d\u00fcnya n\u00fcfusunun <strong>%18<\/strong>\u2019ini, d\u00fcnya ekonomisinin <strong>%16<\/strong>\u2019sini olu\u015fturuyor, <strong>d\u00fcnya enerji kaynaklar\u0131<\/strong>n\u0131n %20\u2019sini \u00fcretiyor ve <strong>%24<\/strong>\u2019unu t\u00fcketiyor. <strong>ABD<\/strong>, d\u00fcnya n\u00fcfusunun <strong>%4<\/strong>\u2019unu, d\u00fcnya ekonomisinin <strong>%24<\/strong>\u2019unu olu\u015fturuyor, d\u00fcnya enerji kaynaklar\u0131n\u0131n <strong>%16<\/strong>\u2019sini \u00fcretiyor ve <strong>%16\u2019<\/strong>sini t\u00fcketiyor.<\/p>\n<p><strong>Kan\u0131tlanm\u0131\u015f petrol rezervleri<\/strong>nin k\u00fcresel da\u011f\u0131l\u0131m\u0131nda Ortado\u011fu <strong>%48.1<\/strong> ile hala en \u00e7ok petrol rezervine sahip b\u00f6lge.<\/p>\n<div id=\"attachment_117138\" style=\"width: 610px\" class=\"wp-caption aligncenter\"><img aria-describedby=\"caption-attachment-117138\" loading=\"lazy\" class=\"wp-image-117138\" src=\"https:\/\/www.enerjigazetesi.ist\/wp-content\/uploads\/2020\/07\/03.jpg\" alt=\"\" width=\"600\" height=\"331\" srcset=\"https:\/\/www.enerjigazetesi.ist\/wp-content\/uploads\/2020\/07\/03.jpg 616w, https:\/\/www.enerjigazetesi.ist\/wp-content\/uploads\/2020\/07\/03-300x166.jpg 300w, https:\/\/www.enerjigazetesi.ist\/wp-content\/uploads\/2020\/07\/03-500x276.jpg 500w, https:\/\/www.enerjigazetesi.ist\/wp-content\/uploads\/2020\/07\/03-80x44.jpg 80w\" sizes=\"(max-width: 600px) 100vw, 600px\" \/><p id=\"caption-attachment-117138\" class=\"wp-caption-text\">\u015eekil 5- K\u00fcresel Petrol T\u00fcketimi (B\u00f6lgesel Da\u011f\u0131l\u0131m)<\/p><\/div>\n<div id=\"attachment_117136\" style=\"width: 610px\" class=\"wp-caption aligncenter\"><img aria-describedby=\"caption-attachment-117136\" loading=\"lazy\" class=\"wp-image-117136\" src=\"https:\/\/www.enerjigazetesi.ist\/wp-content\/uploads\/2020\/07\/02-1.jpg\" alt=\"\" width=\"600\" height=\"302\" srcset=\"https:\/\/www.enerjigazetesi.ist\/wp-content\/uploads\/2020\/07\/02-1.jpg 622w, https:\/\/www.enerjigazetesi.ist\/wp-content\/uploads\/2020\/07\/02-1-300x151.jpg 300w, https:\/\/www.enerjigazetesi.ist\/wp-content\/uploads\/2020\/07\/02-1-500x252.jpg 500w, https:\/\/www.enerjigazetesi.ist\/wp-content\/uploads\/2020\/07\/02-1-80x40.jpg 80w\" sizes=\"(max-width: 600px) 100vw, 600px\" \/><p id=\"caption-attachment-117136\" class=\"wp-caption-text\">\u015eekil 3- \u0130spat Edilmi\u015f Petrol Rezervlerinin K\u00fcresel Da\u011f\u0131l\u0131m\u0131<\/p><\/div>\n<p>Kan\u0131tlanm\u0131\u015f <strong>petrol rezervleri<\/strong>nin en \u00e7o\u011fu <strong>Venezuela<\/strong> (%17.5)\u2019da. Ard\u0131ndan <strong>Suudi Arabistan<\/strong> (%17.2) ve <strong>Kanada<\/strong> (%9.8) geliyor.<\/p>\n<p><strong>Orta<\/strong> ve <strong>G\u00fcney Amerika\u2019da<\/strong> <em>petrol \u00fcretimi<\/em>ndeki <strong>ciddi art\u0131\u015f<\/strong> devam ediyor.<\/p>\n<p><strong>K\u00fcresel LNG ticareti<\/strong> 2019 y\u0131l\u0131nda tarihinin en b\u00fcy\u00fck y\u0131ll\u0131k art\u0131\u015f\u0131n\u0131 g\u00f6sterdi <strong>(%12.7(54bcm))<\/strong> AB \u00fclkelerinin<strong> LNG ithalat\u0131<\/strong> <strong>%68<\/strong> artt\u0131.<\/p>\n<div id=\"attachment_117137\" style=\"width: 617px\" class=\"wp-caption aligncenter\"><img aria-describedby=\"caption-attachment-117137\" loading=\"lazy\" class=\"wp-image-117137 size-full\" src=\"https:\/\/www.enerjigazetesi.ist\/wp-content\/uploads\/2020\/07\/04.jpg\" alt=\"\" width=\"607\" height=\"386\" srcset=\"https:\/\/www.enerjigazetesi.ist\/wp-content\/uploads\/2020\/07\/04.jpg 607w, https:\/\/www.enerjigazetesi.ist\/wp-content\/uploads\/2020\/07\/04-300x191.jpg 300w, https:\/\/www.enerjigazetesi.ist\/wp-content\/uploads\/2020\/07\/04-500x318.jpg 500w, https:\/\/www.enerjigazetesi.ist\/wp-content\/uploads\/2020\/07\/04-80x50.jpg 80w\" sizes=\"(max-width: 607px) 100vw, 607px\" \/><p id=\"caption-attachment-117137\" class=\"wp-caption-text\">\u015eekil 7- K\u00fcresel Do\u011falgaz Ticareti (Boru Hatlar\u0131 ile)<\/p><\/div>\n<p><strong>Yenilenebilir enerji ve do\u011falgaz \u00fcretimi<\/strong>ndeki art\u0131\u015f <strong>2019 y\u0131l\u0131<\/strong> <em>k\u00fcresel enerji \u00fcretimi<\/em>ndeki art\u0131\u015f\u0131n <strong>%75<\/strong>\u2019ini olu\u015fturuyor.<\/p>\n<p><strong>Yenilenebilir enerji kaynaklar\u0131<\/strong>ndan \u00fcretilen enerji <strong>2019<\/strong> y\u0131l\u0131nda <strong>%41<\/strong> oran\u0131nda bir art\u0131\u015f g\u00f6sterdi b\u00f6ylelikle yenilenebilir enerji kaynaklar\u0131n <strong>\u00fcretilen enerji miktar\u0131<\/strong> ilk defa <strong>n\u00fckleer enerjiyi<\/strong> ge\u00e7ti.<\/p>\n<p>Kaynak: \u201cStatistical Review of World Energy 2020\u201d, BP<\/p>","protected":false},"excerpt":{"rendered":"<p>Sorry, this entry is only available in Turkish. For the sake of viewer convenience, the content is shown below in the alternative language. You may click the link to switch the active language. BP\u2019nin ge\u00e7ti\u011fimiz g\u00fcnlerde yay\u0131nlad\u0131\u011f\u0131 &#8216;2020 D\u00fcnya Enerji Raporu&#8217;ndan baz\u0131 \u00f6nemli kesitler a\u015fa\u011f\u0131da sunulmu\u015ftur. 2019 y\u0131l\u0131nda \u00c7in d\u00fcnyan\u0131n en b\u00fcy\u00fck hidroelektrik, r\u00fczgar ve [&hellip;]<\/p>\n","protected":false},"author":1,"featured_media":117141,"comment_status":"open","ping_status":"open","sticky":false,"template":"","format":"standard","meta":[],"categories":[51,53,49,47,24649,50],"tags":[75112,5070,52259,227,53157,26043,70,76100,33322,69,53282,76101,75113],"views":369,"_links":{"self":[{"href":"https:\/\/www.enerjigazetesi.ist\/en\/wp-json\/wp\/v2\/posts\/117134"}],"collection":[{"href":"https:\/\/www.enerjigazetesi.ist\/en\/wp-json\/wp\/v2\/posts"}],"about":[{"href":"https:\/\/www.enerjigazetesi.ist\/en\/wp-json\/wp\/v2\/types\/post"}],"author":[{"embeddable":true,"href":"https:\/\/www.enerjigazetesi.ist\/en\/wp-json\/wp\/v2\/users\/1"}],"replies":[{"embeddable":true,"href":"https:\/\/www.enerjigazetesi.ist\/en\/wp-json\/wp\/v2\/comments?post=117134"}],"version-history":[{"count":0,"href":"https:\/\/www.enerjigazetesi.ist\/en\/wp-json\/wp\/v2\/posts\/117134\/revisions"}],"wp:featuredmedia":[{"embeddable":true,"href":"https:\/\/www.enerjigazetesi.ist\/en\/wp-json\/wp\/v2\/media\/117141"}],"wp:attachment":[{"href":"https:\/\/www.enerjigazetesi.ist\/en\/wp-json\/wp\/v2\/media?parent=117134"}],"wp:term":[{"taxonomy":"category","embeddable":true,"href":"https:\/\/www.enerjigazetesi.ist\/en\/wp-json\/wp\/v2\/categories?post=117134"},{"taxonomy":"post_tag","embeddable":true,"href":"https:\/\/www.enerjigazetesi.ist\/en\/wp-json\/wp\/v2\/tags?post=117134"}],"curies":[{"name":"wp","href":"https:\/\/api.w.org\/{rel}","templated":true}]}}