{"id":117104,"date":"2020-07-16T23:54:53","date_gmt":"2020-07-16T20:54:53","guid":{"rendered":"https:\/\/www.enerjigazetesi.ist\/?p=117104"},"modified":"2020-07-16T23:55:14","modified_gmt":"2020-07-16T20:55:14","slug":"elektrik-dagitim-sektorune-ozel-turkiyenin-ilk-surdurulebilir-kira-sertifikasi","status":"publish","type":"post","link":"https:\/\/www.enerjigazetesi.ist\/en\/elektrik-dagitim-sektorune-ozel-turkiyenin-ilk-surdurulebilir-kira-sertifikasi\/","title":{"rendered":"(Turkish) Elektrik Da\u011f\u0131t\u0131m Sekt\u00f6r\u00fcne \u00d6zel T\u00fcrkiye\u2019nin \u0130lk S\u00fcrd\u00fcr\u00fclebilir Kira Sertifikas\u0131"},"content":{"rendered":"<p class=\"qtranxs-available-languages-message qtranxs-available-languages-message-en\">Sorry, this entry is only available in <a href=\"https:\/\/www.enerjigazetesi.ist\/tr\/wp-json\/wp\/v2\/posts\/117104\" class=\"qtranxs-available-language-link qtranxs-available-language-link-tr\" title=\"Turkish\">Turkish<\/a>. For the sake of viewer convenience, the content is shown below in the alternative language. You may click the link to switch the active language.<\/p><p><\/p>\n<h1><strong>Aktif Bank taraf\u0131ndan YEDA\u015e (Ye\u015fil\u0131rmak Elektrik Da\u011f\u0131t\u0131m A.\u015e.) ad\u0131na olu\u015fturulan program \u00e7er\u00e7evesinde 135 milyon TL\u2019lik kira sertifikas\u0131 ihrac\u0131 yap\u0131ld\u0131. Kira sertifikas\u0131 ihrac\u0131na 2,5 kat talep geldi\u011fini belirten Aktif Bank Genel M\u00fcd\u00fcr\u00fc Serdar S\u00fcmer \u201cBu ihrac\u0131n en temel \u00f6zelli\u011fi; elektrik da\u011f\u0131t\u0131m firmalar\u0131na yat\u0131r\u0131mlar\u0131 i\u00e7in kaynak sa\u011flarken, bu yat\u0131r\u0131mlar\u0131n devlet garantili geri d\u00f6n\u00fc\u015flerinden kira sertifikalar\u0131n\u0131n itfa edilmesine olanak tan\u0131mas\u0131\u201d dedi.<\/strong><\/h1>\n<p>T\u00fcrkiye\u2019nin en b\u00fcy\u00fck \u00f6zel sermayeli yat\u0131r\u0131m bankas\u0131 Aktif Bank, farkl\u0131 bir ihraca daha imza att\u0131. <img loading=\"lazy\" class=\"alignright wp-image-117106\" src=\"https:\/\/www.enerjigazetesi.ist\/wp-content\/uploads\/2020\/07\/elektrik-dagitim-sektorune-ozel-turkiyenin-ilk-surdurulebilir-kira-sertifikasi.jpg\" alt=\"\" width=\"320\" height=\"213\" srcset=\"https:\/\/www.enerjigazetesi.ist\/wp-content\/uploads\/2020\/07\/elektrik-dagitim-sektorune-ozel-turkiyenin-ilk-surdurulebilir-kira-sertifikasi.jpg 732w, https:\/\/www.enerjigazetesi.ist\/wp-content\/uploads\/2020\/07\/elektrik-dagitim-sektorune-ozel-turkiyenin-ilk-surdurulebilir-kira-sertifikasi-300x200.jpg 300w, https:\/\/www.enerjigazetesi.ist\/wp-content\/uploads\/2020\/07\/elektrik-dagitim-sektorune-ozel-turkiyenin-ilk-surdurulebilir-kira-sertifikasi-500x333.jpg 500w, https:\/\/www.enerjigazetesi.ist\/wp-content\/uploads\/2020\/07\/elektrik-dagitim-sektorune-ozel-turkiyenin-ilk-surdurulebilir-kira-sertifikasi-75x50.jpg 75w, https:\/\/www.enerjigazetesi.ist\/wp-content\/uploads\/2020\/07\/elektrik-dagitim-sektorune-ozel-turkiyenin-ilk-surdurulebilir-kira-sertifikasi-450x300.jpg 450w\" sizes=\"(max-width: 320px) 100vw, 320px\" \/><strong>YEDA\u015e\u2019\u0131n<\/strong> kaynak kurulu\u015f oldu\u011fu <strong>elektrik da\u011f\u0131t\u0131m bedelleri<\/strong>ne dayal\u0131 ihra\u00e7, toplam <strong>135 milyon TL<\/strong> bedel ile <strong>26 Haziran 2020<\/strong> tarihinde tamamland\u0131. <strong>3<\/strong> aydan <strong>18 aya<\/strong> kadar de\u011fi\u015fen vadelerde <strong>6 adet kira sertifikas\u0131<\/strong>ndan olu\u015fan <strong>ihra\u00e7taki kira sertifikalar\u0131<\/strong>n\u0131n geri \u00f6demesi, kamu taraf\u0131ndan <strong>garanti edilen yat\u0131r\u0131m bedelleri<\/strong>nden ger\u00e7ekle\u015ftirildi\u011fi i\u00e7in, <strong>JCR Eurasia Rating<\/strong> ihrac\u0131n kredi notunu <strong>AAA<\/strong> olarak de\u011ferlendirdi. B\u00f6ylelikle <strong>hem d\u00fc\u015f\u00fck riskli<\/strong> hem de g\u00f6rece<strong> y\u00fcksek getirili<\/strong> bir kira sertifikas\u0131 hayata ge\u00e7irildi.<\/p>\n<h2><strong>S\u00fcmer: \u201cElektrik enerjisinde s\u00fcrd\u00fcr\u00fclebilirlik sa\u011fl\u0131yor\u201d<\/strong><\/h2>\n<p><strong>Aktif Bank<\/strong>\u2019\u0131n <strong>YEDA\u015e<\/strong> ad\u0131na hayata ge\u00e7irdi\u011fi bu projenin, <strong>elektrik enerjisinin da\u011f\u0131t\u0131m\u0131<\/strong>na y\u00f6nelik ilave yat\u0131r\u0131m imk\u00e2n\u0131 sunmas\u0131 ile <strong>s\u00fcrd\u00fcr\u00fclebilirlik<\/strong> anlam\u0131nda \u00f6nemli bir ad\u0131m oldu\u011funu vurgulayan Aktif Bank Genel M\u00fcd\u00fcr\u00fc <strong>Serdar S\u00fcmer<\/strong>, ihrac\u0131n bug\u00fcne kadarki <strong>bor\u00e7lanma enstr\u00fcman\u0131<\/strong> ihra\u00e7lar\u0131ndan farklar\u0131n\u0131 anlatt\u0131. S\u00fcmer, \u201cGer\u00e7ekle\u015ftirdi\u011fimiz ihra\u00e7,<strong> elektrik da\u011f\u0131t\u0131m firmalar\u0131<\/strong>n\u0131n yat\u0131r\u0131mlar\u0131 i\u00e7in kaynak temin ediyor ve b\u00f6ylece <strong>elektrik enerjisi<\/strong>nin daha fazla ki\u015fiye ula\u015fmas\u0131n\u0131 sa\u011flayarak <strong>s\u00fcrd\u00fcr\u00fclebilirlik kriterleri<\/strong>ne destek veriyor. 2&#8217;inci olarak, k<strong>ira sertifikas\u0131 geri \u00f6demeleri<\/strong>nin kamu taraf\u0131ndan garanti edilmi\u015f <strong>nakit ak\u0131\u015flar\u0131<\/strong> ile ger\u00e7ekle\u015ftirilmesi,<strong> kredi notunun AAA<\/strong> olmas\u0131 ve buna kar\u015f\u0131n <strong>y\u00fcksek getiri sa\u011flamas\u0131<\/strong> ihrac\u0131n avantajlar\u0131n\u0131 ortaya koyuyor. Son olarak da <strong>faizsiz finans prensipleri<\/strong>ne uygun olmas\u0131 a\u00e7\u0131s\u0131ndan hem <strong>konvansiyonel<\/strong> hem de <strong>faizsiz enstr\u00fcmanlara<\/strong> ilgi duyan geni\u015f bir yat\u0131r\u0131mc\u0131 kitlesine hitap ediyor.\u201d diye konu\u015ftu.<\/p>\n<p>S\u00fcmer, \u00f6n\u00fcm\u00fczdeki d\u00f6nemde de <strong>yenilenebilir enerji<\/strong> ve <strong>elektrik da\u011f\u0131t\u0131m\u0131<\/strong> alanlar\u0131n\u0131n finansman\u0131na y\u00f6nelik farkl\u0131 kurgulardaki <strong>sermaye piyasas\u0131 enstr\u00fcmanlar\u0131<\/strong> ile yat\u0131r\u0131mc\u0131lar\u0131n kar\u015f\u0131s\u0131na \u00e7\u0131kmaya devam edeceklerini belirtti.<\/p>","protected":false},"excerpt":{"rendered":"<p>Sorry, this entry is only available in Turkish. For the sake of viewer convenience, the content is shown below in the alternative language. You may click the link to switch the active language. Aktif Bank taraf\u0131ndan YEDA\u015e (Ye\u015fil\u0131rmak Elektrik Da\u011f\u0131t\u0131m A.\u015e.) ad\u0131na olu\u015fturulan program \u00e7er\u00e7evesinde 135 milyon TL\u2019lik kira sertifikas\u0131 ihrac\u0131 yap\u0131ld\u0131. Kira sertifikas\u0131 ihrac\u0131na [&hellip;]<\/p>\n","protected":false},"author":1,"featured_media":117106,"comment_status":"open","ping_status":"open","sticky":false,"template":"","format":"standard","meta":[],"categories":[51,53],"tags":[33684,76067,76068,21097,52566,52674,52259,76069,76070,76066,63876,76065,76072,57125,37032,76064,72107,76071],"views":177,"_links":{"self":[{"href":"https:\/\/www.enerjigazetesi.ist\/en\/wp-json\/wp\/v2\/posts\/117104"}],"collection":[{"href":"https:\/\/www.enerjigazetesi.ist\/en\/wp-json\/wp\/v2\/posts"}],"about":[{"href":"https:\/\/www.enerjigazetesi.ist\/en\/wp-json\/wp\/v2\/types\/post"}],"author":[{"embeddable":true,"href":"https:\/\/www.enerjigazetesi.ist\/en\/wp-json\/wp\/v2\/users\/1"}],"replies":[{"embeddable":true,"href":"https:\/\/www.enerjigazetesi.ist\/en\/wp-json\/wp\/v2\/comments?post=117104"}],"version-history":[{"count":0,"href":"https:\/\/www.enerjigazetesi.ist\/en\/wp-json\/wp\/v2\/posts\/117104\/revisions"}],"wp:featuredmedia":[{"embeddable":true,"href":"https:\/\/www.enerjigazetesi.ist\/en\/wp-json\/wp\/v2\/media\/117106"}],"wp:attachment":[{"href":"https:\/\/www.enerjigazetesi.ist\/en\/wp-json\/wp\/v2\/media?parent=117104"}],"wp:term":[{"taxonomy":"category","embeddable":true,"href":"https:\/\/www.enerjigazetesi.ist\/en\/wp-json\/wp\/v2\/categories?post=117104"},{"taxonomy":"post_tag","embeddable":true,"href":"https:\/\/www.enerjigazetesi.ist\/en\/wp-json\/wp\/v2\/tags?post=117104"}],"curies":[{"name":"wp","href":"https:\/\/api.w.org\/{rel}","templated":true}]}}