{"id":117083,"date":"2020-07-16T12:51:03","date_gmt":"2020-07-16T09:51:03","guid":{"rendered":"https:\/\/www.enerjigazetesi.ist\/?p=117083"},"modified":"2020-07-16T12:52:50","modified_gmt":"2020-07-16T09:52:50","slug":"kurulus-tarihlerine-gore-ulkeler-hangi-burctan","status":"publish","type":"post","link":"https:\/\/www.enerjigazetesi.ist\/en\/kurulus-tarihlerine-gore-ulkeler-hangi-burctan\/","title":{"rendered":"(Turkish) Kurulu\u015f Tarihlerine G\u00f6re \u00dclkeler Hangi Bur\u00e7tan?"},"content":{"rendered":"<p class=\"qtranxs-available-languages-message qtranxs-available-languages-message-en\">Sorry, this entry is only available in <a href=\"https:\/\/www.enerjigazetesi.ist\/tr\/wp-json\/wp\/v2\/posts\/117083\" class=\"qtranxs-available-language-link qtranxs-available-language-link-tr\" title=\"Turkish\">Turkish<\/a>. For the sake of viewer convenience, the content is shown below in the alternative language. You may click the link to switch the active language.<\/p><p><\/p>\n<h1>Nas\u0131l ki insanlar\u0131n do\u011fum tarihlerine g\u00f6re bir y\u0131ld\u0131z haritalar\u0131 varsa, \u00fclkelerin de kurulduklar\u0131 tarihe g\u00f6re bir burcu olmaktad\u0131r&#8230;<\/h1>\n<p>Detayl\u0131 <strong>yorumlamay\u0131 i\u015fin ehillerine<\/strong> b\u0131rakal\u0131m da \u015f\u00f6yle <strong>genel olarak bur\u00e7lar\u0131na<\/strong> bir bakal\u0131m, hangi \u00fclke acaba sizinle <strong>ayn\u0131 gruptan?<\/strong><\/p>\n<p style=\"text-align: center;\"><img loading=\"lazy\" class=\"aligncenter wp-image-117087\" src=\"https:\/\/www.enerjigazetesi.ist\/wp-content\/uploads\/2020\/07\/kurulus-tarihlerine-gore-ulkeler-hangi-burctan.jpeg\" alt=\"\" width=\"650\" height=\"323\" srcset=\"https:\/\/www.enerjigazetesi.ist\/wp-content\/uploads\/2020\/07\/kurulus-tarihlerine-gore-ulkeler-hangi-burctan.jpeg 786w, https:\/\/www.enerjigazetesi.ist\/wp-content\/uploads\/2020\/07\/kurulus-tarihlerine-gore-ulkeler-hangi-burctan-300x149.jpeg 300w, https:\/\/www.enerjigazetesi.ist\/wp-content\/uploads\/2020\/07\/kurulus-tarihlerine-gore-ulkeler-hangi-burctan-768x381.jpeg 768w, https:\/\/www.enerjigazetesi.ist\/wp-content\/uploads\/2020\/07\/kurulus-tarihlerine-gore-ulkeler-hangi-burctan-500x248.jpeg 500w, https:\/\/www.enerjigazetesi.ist\/wp-content\/uploads\/2020\/07\/kurulus-tarihlerine-gore-ulkeler-hangi-burctan-80x40.jpeg 80w\" sizes=\"(max-width: 650px) 100vw, 650px\" \/><\/p>\n<h2>1-\u00a0Amerika Birle\u015fik Devletleri &#8211; 4 Temmuz 1776 YENGE\u00c7<\/h2>\n<p>Her y\u0131l ba\u011f\u0131ms\u0131zl\u0131k g\u00fcn\u00fc olarak da kutlanan 4 Temmuz,\u00a0<strong>Amerika Birle\u015fik Devletleri<\/strong><span style=\"font-size: 16px;\">&#8216;nin do\u011fum g\u00fcn\u00fc. Evet o tatl\u0131\u015f bir\u00a0<\/span><strong>yenge\u00e7 burcu<\/strong><span style=\"font-size: 16px;\">\u00a0ama sak\u0131n bu su grubu \u00fcyesini hafife almay\u0131n, \u00e7ok s\u0131k kafas\u0131 kar\u0131\u015fan, bol \u00e7eli\u015fkiye d\u00fc\u015fen yenge\u00e7 bur\u00e7lar\u0131, hedeflerine kitlenen cinslerin ba\u015f\u0131n\u0131 \u00e7eker ve kan kusup, &#8220;Piyasan\u0131n en iyi k\u0131rm\u0131z\u0131 \u015farab\u0131n\u0131 i\u00e7tim tatl\u0131m,&#8221; der.<\/span><\/p>\n<section class=\"entry image\" data-id=\"5a1e64e973938f030f69caf1\" data-version=\"1512044437063\" data-signature=\"9eb83353ad6a96598d1f056f00ecae1de785c60348a7c398ce05bbd6a85e343d\">\n<h2>2-\u00a0Almanya 2 \u015eubat 962 &#8211; KOVA<\/h2>\n<p>Taa <strong>Roma Cermen imparatorlu\u011fu<\/strong>na dayanan ge\u00e7mi\u015fiyle, en eskilerden olan\u00a0<strong>Almanya<\/strong><span style=\"font-size: 16px;\">\u00a0i\u00e7in, <strong>entelekt\u00fcel, karizmatik<\/strong> ve kendinden emin\u00a0<\/span><strong>Kova burcu<\/strong><span style=\"font-size: 16px;\">\u00a0mensubu diyebiliriz.<\/span><\/p>\n<\/section>\n<section class=\"entry image\" data-id=\"5a1e6e06833207c71070ae57\" data-version=\"1512043474344\" data-signature=\"9eb83353ad6a96598d1f056f00ecae1de785c60348a7c398ce05bbd6a85e343d\">\n<h2>3-\u00a0Ukrayna 24 A\u011fustos 1991 &#8211; BA\u015eAK<\/h2>\n<p>\u00c7ok affedersiniz de,\u00a0<strong>Ukrayna<\/strong><span style=\"font-size: 16px;\">&#8216;n\u0131n burcu terazi olmal\u0131yd\u0131. Ven\u00fcs&#8217;\u00fcn birici\u011fi <strong>Terazi<\/strong>&#8216;ler, <strong>g\u00fczelli\u011fin ve esteti\u011fin<\/strong> temsilcisidir, Ukrayna da \u00f6yle diyebiliriz yani.<\/span>\ud83d\ude09<span style=\"font-size: 16px;\">\u00a0Gel gelelim onlar da\u00a0<\/span><strong>Ba\u015fak burcu<\/strong><span style=\"font-size: 16px;\">\u00a0mensubu. \u00c7ok \u015fansl\u0131s\u0131n say\u0131n Ba\u015fak.<\/span><\/p>\n<\/section>\n<section class=\"entry image\" data-id=\"5a1e6e06833207c71070ae58\" data-version=\"1512034286992\" data-signature=\"9eb83353ad6a96598d1f056f00ecae1de785c60348a7c398ce05bbd6a85e343d\">\n<h2>4-\u00a0Yunanistan 25 Mart 1821 &#8211; KO\u00c7<\/h2>\n<p><strong>Yunan<\/strong><span style=\"font-size: 16px;\"><strong>\u00a0<\/strong>tanr\u0131lar\u0131n\u0131n efsaneleriyle dolu bu topraklar i\u00e7in <strong>Zodyak&#8217;\u0131n<\/strong> ilk burcu olan <strong>Ko\u00e7&#8217;tan<\/strong> daha uyumlusu yoktur herhalde. <strong>\u00d6zg\u00fcrl\u00fc\u011f\u00fcne d\u00fc\u015fk\u00fcn, sava\u015f\u00e7\u0131<\/strong> ve <strong>\u00e7ocuklar kadar \u015fen<\/strong> burcun biricik \u00fclkesi\u00a0<\/span><strong>Yunanistan<span style=\"font-size: 16px;\">.<\/span><\/strong><\/p>\n<\/section>\n<section class=\"entry image\" data-id=\"5a1e6e06833207c71070ae59\" data-version=\"1512034286993\" data-signature=\"9eb83353ad6a96598d1f056f00ecae1de785c60348a7c398ce05bbd6a85e343d\">\n<h2>5-\u00a0Fransa 22 Eyl\u00fcl 1792 &#8211; BA\u015eAK<\/h2>\n<p>L\u00fctfen sayg\u0131 duru\u015fu pozisyonumuzu alal\u0131m! <strong>Disiplinli, tertipli<\/strong> ve <strong>kuralc\u0131<\/strong> Ba\u015fak, kendine hayran b\u0131rakan \u015fehrin \u00fclkesinin burcudur. Asl\u0131nda insan\u0131na da uygun de\u011fil mi sizce de?<\/p>\n<\/section>\n<section class=\"entry image\" data-id=\"5a1e6e06833207c71070ae5a\" data-version=\"1512034286993\" data-signature=\"9eb83353ad6a96598d1f056f00ecae1de785c60348a7c398ce05bbd6a85e343d\">\n<h2>6-\u00a0\u0130talya 2 Haziran 1946 &#8211; \u0130K\u0130ZLER<\/h2>\n<p>S\u0131cac\u0131k, enerjik, e\u011flenceli ve sanata d\u00fc\u015fk\u00fcn burcumuz \u0130kizler,\u00a0<strong>minno\u015f<\/strong><span style=\"font-size: 16px;\">\u00a0\u00fclke\u00a0<\/span><strong>\u0130talya<\/strong><span style=\"font-size: 16px;\">&#8216;n\u0131n burcu olmay\u0131 ba\u015fararak hayat\u0131n\u0131n gol\u00fcn\u00fc atm\u0131\u015f bizce. \u015eu \u00fclkeye ba\u015fka ne\u00a0<\/span><strong>bur\u00e7<\/strong><span style=\"font-size: 16px;\"><strong>\u00a0<\/strong>olurdu ki zaten.<\/span><\/p>\n<\/section>\n<section class=\"entry image\" data-id=\"5a1e6e06833207c71070ae5b\" data-version=\"1512034286994\" data-signature=\"9eb83353ad6a96598d1f056f00ecae1de785c60348a7c398ce05bbd6a85e343d\">\n<h2>7-\u00a0Kuzey Kore 15 A\u011fustos 1945 &#8211; ASLAN<\/h2>\n<p><strong>Kuzey\u00a0Kore<\/strong><span style=\"font-size: 16px;\">\u00a0lideri <strong>Kim Jong Un<\/strong>, \u00fclkesinin burcunu kendi se\u00e7mi\u015ftir diye d\u00fc\u015f\u00fcn\u00fcyoruz. Keza tersi ne m\u00fcmk\u00fcn. Pekala <strong>y\u00f6netici, lider ve ben bilirimci<\/strong> Aslan burcunu uygun bulmu\u015ftur.<\/span>\ud83d\ude05<span style=\"font-size: 16px;\">\u00a0<\/span><strong>Aslan burcu<\/strong><span style=\"font-size: 16px;\"><strong>\u00a0<\/strong>bu durumdan ne kadar memnun bilemeyiz tabii.<\/span><\/p>\n<\/section>\n<section class=\"entry image\" data-id=\"5a1e6e06833207c71070ae5c\" data-version=\"1512034286995\" data-signature=\"9eb83353ad6a96598d1f056f00ecae1de785c60348a7c398ce05bbd6a85e343d\">\n<h2>8-\u00a0Japonya 11 \u015eubat 660 &#8211; KOVA<\/h2>\n<p>Entelekt\u00fcel, sayg\u0131l\u0131 ve sosyal\u00a0<strong>bur\u00e7<\/strong><span style=\"font-size: 16px;\">\u00a0Kova, tam da yerini bulmu\u015f.\u00a0<\/span><strong>Japonya<\/strong><span style=\"font-size: 16px;\">\u00a0i\u00e7in daha uygunu olamazd\u0131 herhalde. <strong>Bol bol okuyan, bol bol gezen<\/strong> ve <strong>sempatikli\u011fi asla elden b\u0131rakmayan<\/strong> insanlarla dolu \u00fclkenin, biricik burcu Kova.<\/span><\/p>\n<\/section>\n<section class=\"entry image\" data-id=\"5a1e6e06833207c71070ae5d\" data-version=\"1512034286996\" data-signature=\"9eb83353ad6a96598d1f056f00ecae1de785c60348a7c398ce05bbd6a85e343d\">\n<h2>9-\u00a0K\u00fcba 20 May\u0131s 1902 &#8211; BO\u011eA<\/h2>\n<p><strong>K\u0131p\u0131r k\u0131p\u0131r, e\u011flenceli ve hayat\u0131n tad\u0131n\u0131 \u00e7\u0131karmay\u0131<\/strong> bilen Bo\u011fa burcunu do\u011fru <strong>K\u00fcba&#8217;ya<\/strong> yolluyoruz. Sanki bu\u00a0<strong>bur\u00e7<\/strong><span style=\"font-size: 16px;\"><strong>\u00a0<\/strong>yer y\u00fcz\u00fcne bu \u00fclkeden yay\u0131lm\u0131\u015f gibi, siz ne dersiniz?<\/span>\ud83d\ude02<\/p>\n<\/section>\n<section class=\"entry image\" data-id=\"5a1e78cc08dba55f109e0ad1\" data-version=\"1512034286997\" data-signature=\"9eb83353ad6a96598d1f056f00ecae1de785c60348a7c398ce05bbd6a85e343d\">\n<h2>10-\u00a0Finlandiya 6 Aral\u0131k 1917 &#8211; YAY<\/h2>\n<p><strong>H\u0131mmm&#8230;<\/strong> Bak\u0131n burada kim varm\u0131\u015f?\ud83d\ude0f<span style=\"font-size: 16px;\">\u00a0Kendine has, <strong>hayat\u0131 k\u00fc\u00e7\u00fck b\u00fcy\u00fck kimseyi s\u0131kmadan<\/strong> ya\u015fatabilmek i\u00e7in kurulmu\u015f gibi duran \u00fclke <strong>Finlandiya<\/strong>, elbette hi\u00e7 kimselere benzemeyen, astrolojinin birici\u011fi\u00a0<\/span><strong>Yay burcu<\/strong><span style=\"font-size: 16px;\">\u00a0mensubu.<\/span><\/p>\n<\/section>\n<section class=\"entry image\" data-id=\"5a1e78cc08dba55f109e0ad2\" data-version=\"1512069697996\" data-signature=\"9eb83353ad6a96598d1f056f00ecae1de785c60348a7c398ce05bbd6a85e343d\">\n<h2>11-\u00a0Rusya 26 Aral\u0131k 1991 &#8211; O\u011eLAK<\/h2>\n<p><strong>Rusya<\/strong><span style=\"font-size: 16px;\"><strong>&#8216;n\u0131n<\/strong> burcu ile ilgili epey spek\u00fclasyon var san\u0131r\u0131z. Evet o bir O\u011flak, ba\u015fka bir\u00a0<\/span><strong>bur\u00e7<\/strong><span style=\"font-size: 16px;\">\u00a0oldu\u011fu kan\u0131tlansa bile,<strong> y\u00fckseleninde<\/strong> veya<strong> al\u00e7alan\u0131nda<\/strong> bol bol ke\u00e7i inad\u0131 var bariz \u015fekilde. Ciddi duru\u015fu, <strong>maddiyata \u00f6nem veri\u015fi<\/strong> ve <strong>hedefine kitlenme tarz\u0131yla<\/strong> her eve laz\u0131m burcun mensubu Rusya.\u00a0<\/span>\ud83d\ude0e<\/p>\n<\/section>\n<section class=\"entry image\" data-id=\"5a1e78cc08dba55f109e0ad3\" data-version=\"1512034286998\" data-signature=\"9eb83353ad6a96598d1f056f00ecae1de785c60348a7c398ce05bbd6a85e343d\">\n<h2>12-\u00a0\u0130ran 1 Nisan 1979 &#8211; KO\u00c7<\/h2>\n<p>S\u0131n\u0131r kom\u015fumuz\u00a0<strong>\u0130ran<\/strong><span style=\"font-size: 16px;\">&#8216;\u0131n burcu da \u00f6zg\u00fcrl\u00fc\u011f\u00fcne d\u00fc\u015fk\u00fcn olan <strong>Ko\u00e7<\/strong> burcudur. Akl\u0131m\u0131za hemen <strong>Persepolis filminin Marjane&#8217;i<\/strong> gelmedi de\u011fil hani, zira kendisi <strong>sava\u015f\u00e7\u0131<\/strong> ve <strong>dik ba\u015fl\u0131<\/strong> yap\u0131s\u0131yla tam bir Ko\u00e7 burcuydu.\u00a0<\/span>\u2764\ufe0f<\/p>\n<\/section>\n<section class=\"entry image\" data-id=\"5a1e78cc08dba55f109e0ad4\" data-version=\"1512034286999\" data-signature=\"9eb83353ad6a96598d1f056f00ecae1de785c60348a7c398ce05bbd6a85e343d\">\n<h2>13-\u00a0Avusturalya 1 Ocak 1901 &#8211; O\u011eLAK<\/h2>\n<p>Kendi kendine yeten, kimselere bula\u015fmayan ancak <strong>sinirlendi\u011fi<\/strong> zaman \u00f6fkesi<strong> do\u011fal afetler<\/strong> gibi yo\u011fun olan burcumuz <strong>O\u011flak<\/strong>, Avusturalya&#8217;y\u0131 b\u00fcnyesinde bar\u0131nd\u0131r\u0131yor.<\/p>\n<\/section>\n<section class=\"entry image\" data-id=\"5a1e7cc4e314306a150a453c\" data-version=\"1512034287000\" data-signature=\"9eb83353ad6a96598d1f056f00ecae1de785c60348a7c398ce05bbd6a85e343d\">\n<h2>14-\u00a0Hollanda 26 Temmuz 1581 &#8211; ASLAN<\/h2>\n<p>Al\u0131n size bir\u00a0<strong><span style=\"text-decoration: underline;\">Aslan burcu<\/span><\/strong><span style=\"font-size: 16px;\">\u00a0daha. I\u015f\u0131lt\u0131s\u0131yla <strong>g\u00f6z kama\u015ft\u0131ran, laf\u0131n\u0131 dinleten, liderlik<\/strong> \u00f6zelli\u011fiyle dolup ta\u015fan bu<strong>\u00a0<\/strong><\/span><strong><span style=\"text-decoration: underline;\">bur\u00e7<\/span><\/strong><span style=\"font-size: 16px;\"><strong><span style=\"text-decoration: underline;\">,<\/span><\/strong> Hollanda&#8217;n\u0131n da <strong>astrolojik haritas\u0131n\u0131<\/strong> ele ge\u00e7irmi\u015f.<\/span><\/p>\n<\/section>\n<section class=\"entry image\" data-id=\"5a1e7cc4e314306a150a453d\" data-version=\"1512034287000\" data-signature=\"9eb83353ad6a96598d1f056f00ecae1de785c60348a7c398ce05bbd6a85e343d\">\n<h2>15-\u00a0Katar 3 Eyl\u00fcl 1971 &#8211; BA\u015eAK<\/h2>\n<p><strong>Kendince bir d\u00fczeni olan<\/strong> ve k\u0131t kaynaklar\u0131n\u0131 <strong>en iyi \u015fekilde de\u011ferlendirerek<\/strong> zenginli\u011fini de belirli seviyede tutabilen \u00fclke\u00a0<strong>Katar<span style=\"font-size: 16px;\">,\u00a0<\/span><\/strong><strong>Ba\u015fak burcu<\/strong><span style=\"font-size: 16px;\">\u00a0olmaya mahkum.\u00a0<\/span>\ud83d\ude09<\/p>\n<\/section>\n<section class=\"entry image\" data-id=\"5a1e7cc4e314306a150a453e\" data-version=\"1512034287001\" data-signature=\"9eb83353ad6a96598d1f056f00ecae1de785c60348a7c398ce05bbd6a85e343d\">\n<h2>16-\u00a0Birle\u015fik Krall\u0131k 1 May\u0131s 1707 &#8211; BO\u011eA<\/h2>\n<p>D\u0131\u015f\u0131 buz i\u00e7i <strong>bal\u0131mgillerden<\/strong> olan <strong>Birle\u015fik Krall\u0131k,<\/strong> s\u0131cakkanl\u0131 ve sevecen<strong> Bo\u011fa burcu<\/strong><span style=\"font-size: 16px;\">\u00a0mensubu. Eh son zamanlarda da tela\u015flar\u0131 var tabii,<strong> ni\u015fanlar bilmem<\/strong> neler.\u00a0<\/span>\ud83d\ude0d<\/p>\n<\/section>\n<section class=\"entry image\" data-id=\"5a1e78cc08dba55f109e0ad5\" data-version=\"1512034287002\" data-signature=\"9eb83353ad6a96598d1f056f00ecae1de785c60348a7c398ce05bbd6a85e343d\">\n<h2>17-\u00a0T\u00fcrkiye Cumhuriyeti 29 Ekim 1923 &#8211; AKREP<\/h2>\n<p style=\"text-align: center;\"><img loading=\"lazy\" class=\"aligncenter wp-image-117084\" src=\"https:\/\/www.enerjigazetesi.ist\/wp-content\/uploads\/2020\/07\/turk-bayraklari-arkaplan-resimleri.jpg\" alt=\"\" width=\"650\" height=\"316\" srcset=\"https:\/\/www.enerjigazetesi.ist\/wp-content\/uploads\/2020\/07\/turk-bayraklari-arkaplan-resimleri.jpg 700w, https:\/\/www.enerjigazetesi.ist\/wp-content\/uploads\/2020\/07\/turk-bayraklari-arkaplan-resimleri-300x146.jpg 300w, https:\/\/www.enerjigazetesi.ist\/wp-content\/uploads\/2020\/07\/turk-bayraklari-arkaplan-resimleri-500x243.jpg 500w, https:\/\/www.enerjigazetesi.ist\/wp-content\/uploads\/2020\/07\/turk-bayraklari-arkaplan-resimleri-80x39.jpg 80w\" sizes=\"(max-width: 650px) 100vw, 650px\" \/><\/p>\n<p>Ve i\u015fte iyili\u011fini hissetti\u011fine sonuna kadar <strong>dost<\/strong>, bir <strong>yanl\u0131\u015f\u0131n\u0131 g\u00f6rd\u00fc\u011f\u00fcne hatas\u0131n\u0131 \u00f6detene<\/strong> kadar d\u00fc\u015fman olan\u00a0<strong>bur\u00e7<\/strong><span style=\"font-size: 16px;\">\u00a0Akrep&#8217;in <strong>en \u015fansl\u0131 oldu\u011fu<\/strong> anlar, T\u00fcrkiye&#8217;nin burcu olmak<strong> her babayi\u011fidin harc\u0131 de\u011fil, k\u0131ymetini bil Akrep.<\/strong>\u00a0<\/span>\ud83d\ude0e<\/p>\n<h2><a href=\"https:\/\/www.derki.com\/ana-sayfa\/dogum-haritaniza-gore-hangi-ulkede-yasamalisiniz\/\" target=\"_blank\" rel=\"nofollow noopener\">Do\u011fum Haritan\u0131za G\u00f6re Hangi \u00dclkede Ya\u015famal\u0131s\u0131n\u0131z? \u00d6\u011frenmek \u0130\u00e7in TIKLAYIN&gt;&gt;&gt;<\/a><\/h2>\n<p>Kaynak: <a href=\"https:\/\/onedio.com\/haber\/kim-demis-astroloji-yalnizca-insanlar-icin-diye-iste-kurulus-tarihlerine-gore-ulkelerin-burclari-797615\" target=\"_blank\" rel=\"nofollow noopener\">Onedio<\/a><\/p>\n<\/section>\n<p><\/p>","protected":false},"excerpt":{"rendered":"<p>Sorry, this entry is only available in Turkish. For the sake of viewer convenience, the content is shown below in the alternative language. You may click the link to switch the active language. Nas\u0131l ki insanlar\u0131n do\u011fum tarihlerine g\u00f6re bir y\u0131ld\u0131z haritalar\u0131 varsa, \u00fclkelerin de kurulduklar\u0131 tarihe g\u00f6re bir burcu olmaktad\u0131r&#8230; Detayl\u0131 yorumlamay\u0131 i\u015fin ehillerine [&hellip;]<\/p>\n","protected":false},"author":1,"featured_media":117087,"comment_status":"open","ping_status":"open","sticky":false,"template":"","format":"standard","meta":[],"categories":[51,53],"tags":[76044,76040,76042,76037,76045,36388,52259,76041,76043,76039,76038],"views":2025,"_links":{"self":[{"href":"https:\/\/www.enerjigazetesi.ist\/en\/wp-json\/wp\/v2\/posts\/117083"}],"collection":[{"href":"https:\/\/www.enerjigazetesi.ist\/en\/wp-json\/wp\/v2\/posts"}],"about":[{"href":"https:\/\/www.enerjigazetesi.ist\/en\/wp-json\/wp\/v2\/types\/post"}],"author":[{"embeddable":true,"href":"https:\/\/www.enerjigazetesi.ist\/en\/wp-json\/wp\/v2\/users\/1"}],"replies":[{"embeddable":true,"href":"https:\/\/www.enerjigazetesi.ist\/en\/wp-json\/wp\/v2\/comments?post=117083"}],"version-history":[{"count":0,"href":"https:\/\/www.enerjigazetesi.ist\/en\/wp-json\/wp\/v2\/posts\/117083\/revisions"}],"wp:featuredmedia":[{"embeddable":true,"href":"https:\/\/www.enerjigazetesi.ist\/en\/wp-json\/wp\/v2\/media\/117087"}],"wp:attachment":[{"href":"https:\/\/www.enerjigazetesi.ist\/en\/wp-json\/wp\/v2\/media?parent=117083"}],"wp:term":[{"taxonomy":"category","embeddable":true,"href":"https:\/\/www.enerjigazetesi.ist\/en\/wp-json\/wp\/v2\/categories?post=117083"},{"taxonomy":"post_tag","embeddable":true,"href":"https:\/\/www.enerjigazetesi.ist\/en\/wp-json\/wp\/v2\/tags?post=117083"}],"curies":[{"name":"wp","href":"https:\/\/api.w.org\/{rel}","templated":true}]}}