{"id":117067,"date":"2020-07-15T23:33:13","date_gmt":"2020-07-15T20:33:13","guid":{"rendered":"https:\/\/www.enerjigazetesi.ist\/?p=117067"},"modified":"2020-07-15T23:33:26","modified_gmt":"2020-07-15T20:33:26","slug":"gunes-enerjisi-su-sistemlerinin-endustriyel-sistemler-ile-entegrasyonu","status":"publish","type":"post","link":"https:\/\/www.enerjigazetesi.ist\/en\/gunes-enerjisi-su-sistemlerinin-endustriyel-sistemler-ile-entegrasyonu\/","title":{"rendered":"(Turkish) G\u00fcne\u015f Enerjisi Su Sistemlerinin End\u00fcstriyel Sistemler ile Entegrasyonu"},"content":{"rendered":"<p class=\"qtranxs-available-languages-message qtranxs-available-languages-message-en\">Sorry, this entry is only available in <a href=\"https:\/\/www.enerjigazetesi.ist\/tr\/wp-json\/wp\/v2\/posts\/117067\" class=\"qtranxs-available-language-link qtranxs-available-language-link-tr\" title=\"Turkish\">Turkish<\/a>. For the sake of viewer convenience, the content is shown below in the alternative language. You may click the link to switch the active language.<\/p><p><\/p>\n<h1>Bosch Termoteknoloji ve BUS\u0130AD i\u015f birli\u011fiyle \u201cG\u00fcne\u015f Enerjisi Su Sistemlerinin End\u00fcstriyel Sistemler ile Entegrasyonu Semineri\u201dni ger\u00e7ekle\u015ftirildi<\/h1>\n<h2><strong>\u0130klimlendirme sekt\u00f6r\u00fcn\u00fcn \u00f6nc\u00fc markalar\u0131ndan Bosch Termoteknoloji, BUS\u0130AD ve BUS\u0130AD Enerji Uzmanl\u0131k Grubu payda\u015fl\u0131\u011f\u0131nda ger\u00e7ekle\u015ftirdi\u011fi online seminerde, end\u00fcstriyel alandaki tecr\u00fcbesini ve sistem \u00e7\u00f6z\u00fcmlerini kat\u0131l\u0131mc\u0131larla payla\u015ft\u0131.<\/strong><\/h2>\n<p><em>End\u00fcstriyel alanda buhar ve s\u0131cak su kazanlar\u0131, havaland\u0131rma ve so\u011futma sistemleriyle kullan\u0131c\u0131lar\u0131n\u0131n ihtiyac\u0131 i\u00e7in y\u00fcksek verimli \u00e7\u00f6z\u00fcmler<\/em> sunan Bosch, <strong>7 Temmuz 2020<\/strong> tarihinde <strong>Bursa Sanayicileri ve \u0130\u015f \u0130nsanlar\u0131 (BUS\u0130AD) Enerji Uzmanl\u0131k Grubu<\/strong> ile ba\u015far\u0131l\u0131 bir i\u015f birli\u011fi ger\u00e7ekle\u015ftirdi. <strong>Pandemi d\u00f6nemi<\/strong>nde t\u00fcm hizmetlerini <strong>kesintisiz<\/strong> devam ettiren \u015firket, online olarak <img loading=\"lazy\" class=\"alignright wp-image-117069\" src=\"https:\/\/www.enerjigazetesi.ist\/wp-content\/uploads\/2020\/07\/gunes-enerjisi-su-sistemlerinin-endustriyel-sistemler-ile-entegrasyonu-2.jpg\" alt=\"\" width=\"320\" height=\"318\" srcset=\"https:\/\/www.enerjigazetesi.ist\/wp-content\/uploads\/2020\/07\/gunes-enerjisi-su-sistemlerinin-endustriyel-sistemler-ile-entegrasyonu-2.jpg 491w, https:\/\/www.enerjigazetesi.ist\/wp-content\/uploads\/2020\/07\/gunes-enerjisi-su-sistemlerinin-endustriyel-sistemler-ile-entegrasyonu-2-150x150.jpg 150w, https:\/\/www.enerjigazetesi.ist\/wp-content\/uploads\/2020\/07\/gunes-enerjisi-su-sistemlerinin-endustriyel-sistemler-ile-entegrasyonu-2-300x298.jpg 300w, https:\/\/www.enerjigazetesi.ist\/wp-content\/uploads\/2020\/07\/gunes-enerjisi-su-sistemlerinin-endustriyel-sistemler-ile-entegrasyonu-2-402x400.jpg 402w, https:\/\/www.enerjigazetesi.ist\/wp-content\/uploads\/2020\/07\/gunes-enerjisi-su-sistemlerinin-endustriyel-sistemler-ile-entegrasyonu-2-50x50.jpg 50w, https:\/\/www.enerjigazetesi.ist\/wp-content\/uploads\/2020\/07\/gunes-enerjisi-su-sistemlerinin-endustriyel-sistemler-ile-entegrasyonu-2-100x100.jpg 100w\" sizes=\"(max-width: 320px) 100vw, 320px\" \/>ger\u00e7ekle\u015ftirdi\u011fi seminerde kullan\u0131c\u0131lara <strong>g\u00fcne\u015f enerjisi ve end\u00fcstriyel sistem \u00e7\u00f6z\u00fcmleri<\/strong> hakk\u0131nda detayl\u0131 bilgilendirme yapt\u0131.<\/p>\n<p><em>Bosch Termoteknoloji Sistem \u00c7\u00f6z\u00fcm\u00fc, Proje Tasar\u0131m ve Teklif Sorumlusu<\/em> <strong>Sercan Kurtulu\u015f<\/strong>\u2019un sunumuyla ba\u015flayan seminerde \u00f6ncelikle <strong>g\u00fcne\u015f enerji sistemlerinin verimli kullan\u0131m\u0131<\/strong> aktar\u0131ld\u0131. Seminer kapsam\u0131ndaki sunumlara; <strong>g\u00fcne\u015f enerjisi ve g\u00fcne\u015f enerjisinin kullan\u0131m alanlar\u0131<\/strong>, T\u00fcrkiye&#8217;nin g\u00fcne\u015f enerjisinden faydalanma rakamlar\u0131 aktar\u0131larak ba\u015fland\u0131. G\u00fcne\u015f enerjisinin neredeyse sonsuza yak\u0131n bir kaynak oldu\u011funu ancak anl\u0131k kullan\u0131lmas\u0131 gerekti\u011fini ifade eden uzmanlar, ayn\u0131 zamanda T\u00fcrkiye&#8217;nin <strong>g\u00fcne\u015f enerjisi<\/strong> anlam\u0131ndaki avantajlar\u0131n\u0131 anlatt\u0131. \u00dclkemizin konumu gere\u011fi bir y\u0131lda ortalama <strong>2400-3000 saat<\/strong> aras\u0131nda g\u00fcne\u015f \u0131\u015f\u0131\u011f\u0131 ald\u0131\u011f\u0131n\u0131 belirten <strong>Bosch profesyonelleri, aktif ve pasif g\u00fcne\u015f enerji sistemlerini<\/strong> kullanarak g\u00fcne\u015f \u0131\u015f\u0131nlar\u0131ndan faydalanma y\u00f6ntemlerini payla\u015ft\u0131.<\/p>\n<h2><strong>Ki\u015fiselle\u015ftirilmi\u015f hizmet ve m\u00fc\u015fteriye \u00f6zel tasar\u0131m<\/strong><\/h2>\n<p>G\u00fcncel bilgilerin yan\u0131 s\u0131ra, g\u00fcne\u015f enerji sistemlerinin kullan\u0131mlar\u0131ndan bahsedilen seminerde; <strong>termosifonlardan, g\u00fcne\u015f \u0131s\u0131s\u0131n\u0131 toplayan kolekt\u00f6rlerin yerle\u015fimlerine<\/strong> kadar bir\u00e7ok \u00f6nemli teknik bilgi verildi. Hayat\u0131 kolayla\u015ft\u0131ran \u00e7\u00f6z\u00fcmler sunarken m\u00fc\u015fterilerinin beklenti ve ihtiya\u00e7lar\u0131n\u0131 \u00f6ng\u00f6rerek onlar i\u00e7in en uygun \u00e7\u00f6z\u00fcmleri sunan <strong>Bosch Termoteknoloji<\/strong>, end\u00fcstriyel alanda da en \u00f6nemli noktan\u0131n <strong>\u201cm\u00fc\u015fteriye \u00f6zel tasar\u0131m\u201d<\/strong> oldu\u011funu payla\u015ft\u0131. Bu kapsamda kat\u0131l\u0131mc\u0131lara, tasar\u0131m s\u0131ras\u0131nda<strong> en az g\u00fcne\u015f \u0131\u015f\u0131\u011f\u0131<\/strong> ve <strong>en \u00e7ok g\u00fcne\u015f \u0131\u015f\u0131\u011f\u0131<\/strong> al\u0131nan d\u00f6nemleri i\u00e7eren<strong> bir sim\u00fclasyon yapmalar\u0131<\/strong> \u00f6nerildi.<\/p>\n<p><strong>G\u00fcne\u015f enerji sistemleri<\/strong> hakk\u0131ndaki detayl\u0131 payla\u015f\u0131m\u0131n ard\u0131ndan Bosch Termoteknoloji End\u00fcstriyel Sistemler Sat\u0131\u015f Sorumlusu <strong>Bu\u011fra Serinyel<\/strong>, Bosch\u2019un <strong>150 y\u0131ll\u0131k<\/strong> end\u00fcstriyel kazan teknolojisi tecr\u00fcbesini anlatt\u0131\u011f\u0131 <strong>\u2018Buhar Kazan\u0131 Sistemleri i\u00e7in Planlama Kitab\u0131\u2019<\/strong> hakk\u0131nda bilgi payla\u015ft\u0131. Serinyel, buhar ile ilgili akla gelen her konuda ba\u015fvurabilecek bir kaynak olan kitab\u0131n ayn\u0131 zamanda <strong>hesaplama ara\u00e7lar\u0131n\u0131 i\u00e7erdi\u011fini<\/strong> ifade ederek, t\u00fcm kullan\u0131c\u0131lar\u0131n kitab\u0131 <strong><a href=\"https:\/\/www.bosch-thermotechnology.com\/global\/media\/country_pool\/service\/technical-guides\/steamboiler.pdf\" target=\"_blank\" rel=\"nofollow noopener\">Bosch Termoteknik Kurumsal Web Sitesi<\/a><\/strong>\u00a0\u00fczerinden inceleyebilece\u011fini de s\u00f6yledi.<\/p>","protected":false},"excerpt":{"rendered":"<p>Sorry, this entry is only available in Turkish. For the sake of viewer convenience, the content is shown below in the alternative language. You may click the link to switch the active language. Bosch Termoteknoloji ve BUS\u0130AD i\u015f birli\u011fiyle \u201cG\u00fcne\u015f Enerjisi Su Sistemlerinin End\u00fcstriyel Sistemler ile Entegrasyonu Semineri\u201dni ger\u00e7ekle\u015ftirildi \u0130klimlendirme sekt\u00f6r\u00fcn\u00fcn \u00f6nc\u00fc markalar\u0131ndan Bosch Termoteknoloji, [&hellip;]<\/p>\n","protected":false},"author":1,"featured_media":117070,"comment_status":"open","ping_status":"open","sticky":false,"template":"","format":"standard","meta":[],"categories":[53,49],"tags":[42402,76019,76021,76016,1985,76017,76020,52259,53157,76013,76014,53499,65955,71648,76015,76018],"views":166,"_links":{"self":[{"href":"https:\/\/www.enerjigazetesi.ist\/en\/wp-json\/wp\/v2\/posts\/117067"}],"collection":[{"href":"https:\/\/www.enerjigazetesi.ist\/en\/wp-json\/wp\/v2\/posts"}],"about":[{"href":"https:\/\/www.enerjigazetesi.ist\/en\/wp-json\/wp\/v2\/types\/post"}],"author":[{"embeddable":true,"href":"https:\/\/www.enerjigazetesi.ist\/en\/wp-json\/wp\/v2\/users\/1"}],"replies":[{"embeddable":true,"href":"https:\/\/www.enerjigazetesi.ist\/en\/wp-json\/wp\/v2\/comments?post=117067"}],"version-history":[{"count":0,"href":"https:\/\/www.enerjigazetesi.ist\/en\/wp-json\/wp\/v2\/posts\/117067\/revisions"}],"wp:featuredmedia":[{"embeddable":true,"href":"https:\/\/www.enerjigazetesi.ist\/en\/wp-json\/wp\/v2\/media\/117070"}],"wp:attachment":[{"href":"https:\/\/www.enerjigazetesi.ist\/en\/wp-json\/wp\/v2\/media?parent=117067"}],"wp:term":[{"taxonomy":"category","embeddable":true,"href":"https:\/\/www.enerjigazetesi.ist\/en\/wp-json\/wp\/v2\/categories?post=117067"},{"taxonomy":"post_tag","embeddable":true,"href":"https:\/\/www.enerjigazetesi.ist\/en\/wp-json\/wp\/v2\/tags?post=117067"}],"curies":[{"name":"wp","href":"https:\/\/api.w.org\/{rel}","templated":true}]}}