{"id":117058,"date":"2020-07-15T22:15:50","date_gmt":"2020-07-15T19:15:50","guid":{"rendered":"https:\/\/www.enerjigazetesi.ist\/?p=117058"},"modified":"2020-07-15T22:15:50","modified_gmt":"2020-07-15T19:15:50","slug":"tasocagi-ndan-muzeye-buyuk-donusum-kapadokya-muzesi","status":"publish","type":"post","link":"https:\/\/www.enerjigazetesi.ist\/en\/tasocagi-ndan-muzeye-buyuk-donusum-kapadokya-muzesi\/","title":{"rendered":"(Turkish) Ta\u015foca\u011f\u0131&#8217;ndan M\u00fczeye B\u00fcy\u00fck D\u00f6n\u00fc\u015f\u00fcm: &#8216;Kapadokya M\u00fczesi'"},"content":{"rendered":"<p class=\"qtranxs-available-languages-message qtranxs-available-languages-message-en\">Sorry, this entry is only available in <a href=\"https:\/\/www.enerjigazetesi.ist\/tr\/wp-json\/wp\/v2\/posts\/117058\" class=\"qtranxs-available-language-link qtranxs-available-language-link-tr\" title=\"Turkish\">Turkish<\/a>. For the sake of viewer convenience, the content is shown below in the alternative language. You may click the link to switch the active language.<\/p><p><\/p>\n<h1><strong>\u0130stanbul Maden \u0130hracat\u00e7\u0131lar\u0131 Birli\u011fi<\/strong> (<strong>\u0130M\u0130B) organizasyonuyla Arkitera Mimarl\u0131k Merkezi taraf\u0131ndan d\u00fczenlenen <\/strong><strong>\u201c\u0130M\u0130B Do\u011fal Ta\u015f S\u00f6yle\u015fileri\u201d devam ediyor. Bir dizi halinde planlanan <\/strong><strong>ve k\u00fcrat\u00f6r G\u00f6khan Karaku\u015f\u00a0<\/strong><strong>moderat\u00f6rl\u00fc\u011f\u00fcnde ger\u00e7ekle\u015ftirilen <\/strong><strong>online s\u00f6yle\u015filerin 3&#8217;\u00fcnc\u00fcs\u00fc 16 Temmuz\u2019da d\u00fczenlenecek. Ta\u015foca\u011f\u0131ndan d\u00f6n\u00fc\u015ft\u00fcr\u00fclerek olu\u015fturulan Kapadokya M\u00fczesi&#8217;nin ele al\u0131naca\u011f\u0131 s\u00f6yle\u015finin konu\u011fu ise projenin y\u00fcr\u00fct\u00fcc\u00fclerinden biri olan \u00fcnl\u00fc mimar \u00d6mer Sel\u00e7uk Boz olacak. <\/strong><\/h1>\n<p><strong>T\u00fcrk do\u011fal ta\u015f\u0131<\/strong>n\u0131n varl\u0131ksal ve ekonomik de\u011ferini, tasar\u0131msal ve sanatsal zenginli\u011fini \u00fclkemize ve t\u00fcm d\u00fcnyaya tan\u0131tan \u00e7al\u0131\u015fmalara imza atan <strong>\u0130stanbul Maden \u0130hracat\u00e7\u0131lar\u0131 Birli\u011fi (\u0130M\u0130B)\u2019in <\/strong>yeni projesi<strong> \u201c\u0130M\u0130B Do\u011fal Ta\u015f S\u00f6yle\u015fileri\u201d<\/strong> t\u00fcm h\u0131z\u0131yla devam ediyor. Tasar\u0131mc\u0131, k\u00fcrat\u00f6r, tarih\u00e7i ve mimarl\u0131k <img loading=\"lazy\" class=\"alignright wp-image-117060\" src=\"https:\/\/www.enerjigazetesi.ist\/wp-content\/uploads\/2020\/07\/tas-ocagi-ndan-muzeye-buyuk-donusum-kapadokya-muzesi.jpg\" alt=\"\" width=\"320\" height=\"205\" srcset=\"https:\/\/www.enerjigazetesi.ist\/wp-content\/uploads\/2020\/07\/tas-ocagi-ndan-muzeye-buyuk-donusum-kapadokya-muzesi.jpg 760w, https:\/\/www.enerjigazetesi.ist\/wp-content\/uploads\/2020\/07\/tas-ocagi-ndan-muzeye-buyuk-donusum-kapadokya-muzesi-300x193.jpg 300w, https:\/\/www.enerjigazetesi.ist\/wp-content\/uploads\/2020\/07\/tas-ocagi-ndan-muzeye-buyuk-donusum-kapadokya-muzesi-500x321.jpg 500w, https:\/\/www.enerjigazetesi.ist\/wp-content\/uploads\/2020\/07\/tas-ocagi-ndan-muzeye-buyuk-donusum-kapadokya-muzesi-78x50.jpg 78w\" sizes=\"(max-width: 320px) 100vw, 320px\" \/>ele\u015ftirmeni G\u00f6khan Karaku\u015f\u00a0moderat\u00f6rl\u00fc\u011f\u00fcnde d\u00fczenlenen s\u00f6yle\u015filerin yeni g\u00fcndemi Kapadokya M\u00fczesi. <strong>16 Temmuz\u2019da<\/strong> <strong>Arkitera Mimarl\u0131k Merkezi\u2019<\/strong>nin <strong>YouTube<\/strong> ile <strong>Facebook<\/strong> hesaplar\u0131nda canl\u0131 olarak yay\u0131nlanacak s\u00f6yle\u015finin konu\u011fu ise m\u00fczenin yap\u0131m ve d\u00fczenlemesinde yer alan \u00fcnl\u00fc mimar <strong>\u00d6mer Sel\u00e7uk Boz<\/strong> olacak. Boz, s\u00f6yle\u015fide bir <strong>do\u011fal ta\u015f oca\u011f\u0131<\/strong>n\u0131n m\u00fczeye nas\u0131l d\u00f6n\u00fc\u015ft\u00fcr\u00fcld\u00fc\u011f\u00fcn\u00fc, mekan ile sergilenecek eserler aras\u0131ndaki ili\u015fkinin neden \u00f6nemli oldu\u011funu, i\u00e7erideki kurguyu hangi parametrelere g\u00f6re haz\u0131rlad\u0131klar\u0131n\u0131 anlatacak.<\/p>\n<p>Tasar\u0131mc\u0131, k\u00fcrat\u00f6r, tarih\u00e7i ve mimarl\u0131k ele\u015ftirmeni G\u00f6khan Karaku\u015f moderat\u00f6rl\u00fc\u011f\u00fcnde d\u00fczenlenen \u0130M\u0130B Do\u011fal Ta\u015f S\u00f6yle\u015fileri\u2019nin ilk konu\u011fu <strong>Art\u01313 Mimarl\u0131k<\/strong> kurucular\u0131 \u00dclk\u00fc \u0130ncek\u00f6se ve U\u011fur Y\u0131ld\u0131r\u0131m\u2019d\u0131. Bu s\u00f6yle\u015fide \u00dclk\u00fc \u0130ncek\u00f6se ve U\u011fur Y\u0131ld\u0131r\u0131m taraf\u0131ndan \u0130zmir\u2019de tasarlanan <strong>\u201cArkas Sanat\/Urla\u201d<\/strong> \u00e7al\u0131\u015fmas\u0131 ele al\u0131nd\u0131. 2&#8217;inci s\u00f6yle\u015finin konu\u011fu ise Apak Mimarl\u0131\u011f\u0131n sahibi Mimar <strong>Emre Apak<\/strong>\u2019t\u0131 ve Kartal Dragos Kahramanlar Camii incelendi.<\/p>\n<h2><strong>T\u00fcrk do\u011fal ta\u015f\u0131n\u0131n ilk tasar\u0131msal \u00f6rnekleri G\u00f6beklitepe\u2019de <\/strong><\/h2>\n<p><strong>T\u00fcrk do\u011fal ta\u015f\u0131n\u0131n<\/strong> \u00f6nemini \u00fcnl\u00fc yap\u0131tlar \u00fczerinden anlatmak \u00fczere ba\u015flat\u0131lan \u0130M\u0130B Do\u011fal Ta\u015f S\u00f6yle\u015fileri, y\u0131l boyunca ayda iki bulu\u015fma \u015feklinde devam edecek. G\u00f6khan Karaku\u015f s\u00f6yle\u015filerde, izleyicilere sunum \u00fczerinden mini bir ders de veriyor. Karaku\u015f\u2019un aktard\u0131\u011f\u0131 bilgiye g\u00f6re, T\u00fcrk do\u011fal ta\u015f\u0131n\u0131n insanlar taraf\u0131ndan \u015fekil verilen ilk \u00f6rnekleri G\u00f6beklitepe kal\u0131nt\u0131lar\u0131nda g\u00f6r\u00fclebilir.<\/p>","protected":false},"excerpt":{"rendered":"<p>Sorry, this entry is only available in Turkish. For the sake of viewer convenience, the content is shown below in the alternative language. You may click the link to switch the active language. \u0130stanbul Maden \u0130hracat\u00e7\u0131lar\u0131 Birli\u011fi (\u0130M\u0130B) organizasyonuyla Arkitera Mimarl\u0131k Merkezi taraf\u0131ndan d\u00fczenlenen \u201c\u0130M\u0130B Do\u011fal Ta\u015f S\u00f6yle\u015fileri\u201d devam ediyor. Bir dizi halinde planlanan ve [&hellip;]<\/p>\n","protected":false},"author":1,"featured_media":117060,"comment_status":"open","ping_status":"open","sticky":false,"template":"","format":"standard","meta":[],"categories":[53],"tags":[76008,76000,76007,76006,52259,76002,76001,58242,76003,53315,76004,76005],"views":168,"_links":{"self":[{"href":"https:\/\/www.enerjigazetesi.ist\/en\/wp-json\/wp\/v2\/posts\/117058"}],"collection":[{"href":"https:\/\/www.enerjigazetesi.ist\/en\/wp-json\/wp\/v2\/posts"}],"about":[{"href":"https:\/\/www.enerjigazetesi.ist\/en\/wp-json\/wp\/v2\/types\/post"}],"author":[{"embeddable":true,"href":"https:\/\/www.enerjigazetesi.ist\/en\/wp-json\/wp\/v2\/users\/1"}],"replies":[{"embeddable":true,"href":"https:\/\/www.enerjigazetesi.ist\/en\/wp-json\/wp\/v2\/comments?post=117058"}],"version-history":[{"count":0,"href":"https:\/\/www.enerjigazetesi.ist\/en\/wp-json\/wp\/v2\/posts\/117058\/revisions"}],"wp:featuredmedia":[{"embeddable":true,"href":"https:\/\/www.enerjigazetesi.ist\/en\/wp-json\/wp\/v2\/media\/117060"}],"wp:attachment":[{"href":"https:\/\/www.enerjigazetesi.ist\/en\/wp-json\/wp\/v2\/media?parent=117058"}],"wp:term":[{"taxonomy":"category","embeddable":true,"href":"https:\/\/www.enerjigazetesi.ist\/en\/wp-json\/wp\/v2\/categories?post=117058"},{"taxonomy":"post_tag","embeddable":true,"href":"https:\/\/www.enerjigazetesi.ist\/en\/wp-json\/wp\/v2\/tags?post=117058"}],"curies":[{"name":"wp","href":"https:\/\/api.w.org\/{rel}","templated":true}]}}