{"id":117015,"date":"2020-07-15T16:00:15","date_gmt":"2020-07-15T13:00:15","guid":{"rendered":"https:\/\/www.enerjigazetesi.ist\/?p=117015"},"modified":"2020-07-15T16:01:45","modified_gmt":"2020-07-15T13:01:45","slug":"istasyon-kultur-sanat-bulusmalari-bagimsiz-sanat-topluluklari-ile-suruyor","status":"publish","type":"post","link":"https:\/\/www.enerjigazetesi.ist\/en\/istasyon-kultur-sanat-bulusmalari-bagimsiz-sanat-topluluklari-ile-suruyor\/","title":{"rendered":"(Turkish) \u0130stasyon K\u00fclt\u00fcr Sanat Bulu\u015fmalar\u0131 Ba\u011f\u0131ms\u0131z Sanat Topluluklar\u0131 ile S\u00fcr\u00fcyor&#8230;"},"content":{"rendered":"<p class=\"qtranxs-available-languages-message qtranxs-available-languages-message-en\">Sorry, this entry is only available in <a href=\"https:\/\/www.enerjigazetesi.ist\/tr\/wp-json\/wp\/v2\/posts\/117015\" class=\"qtranxs-available-language-link qtranxs-available-language-link-tr\" title=\"Turkish\">Turkish<\/a>. For the sake of viewer convenience, the content is shown below in the alternative language. You may click the link to switch the active language.<\/p><p><\/p>\n<h1>Facebook\u2019un T\u00fcrkiye\u2019deki k\u00fclt\u00fcr sanat topluluklar\u0131n\u0131 desteklemek ve \u00fclkedeki toplulu\u011funun platformlar\u0131 \u00fczerinden ba\u011flant\u0131 kurmas\u0131na yard\u0131mc\u0131 olmak amac\u0131yla hayata ge\u00e7irdi\u011fi Facebook \u0130stasyon K\u00fclt\u00fcr Sanat Bulu\u015fmalar\u0131, ba\u011f\u0131ms\u0131z sanat topluluklar\u0131 ile devam ediyor. T\u00fcrkiye\u2019nin ilk \u00e7ok kapsaml\u0131 online sanat platformu Kolekta, T\u00fcrkiye\u2019nin ilk yeni mezunlar sanat\u00e7\u0131 platformu BASE ve Kamp\u00fcste Dijital Sanat projesi 3 b\u00f6l\u00fcml\u00fck bir canl\u0131 yay\u0131n serisiyle Facebook \u0130stasyon K\u00fclt\u00fcr Sanat <img loading=\"lazy\" class=\"alignright wp-image-117017\" src=\"https:\/\/www.enerjigazetesi.ist\/wp-content\/uploads\/2020\/07\/istasyon-kultur-sanat-bulusmalari-bagimsiz-sanat-topluluklari-ile-suruyor.jpg\" alt=\"\" width=\"320\" height=\"320\" srcset=\"https:\/\/www.enerjigazetesi.ist\/wp-content\/uploads\/2020\/07\/istasyon-kultur-sanat-bulusmalari-bagimsiz-sanat-topluluklari-ile-suruyor.jpg 488w, https:\/\/www.enerjigazetesi.ist\/wp-content\/uploads\/2020\/07\/istasyon-kultur-sanat-bulusmalari-bagimsiz-sanat-topluluklari-ile-suruyor-150x150.jpg 150w, https:\/\/www.enerjigazetesi.ist\/wp-content\/uploads\/2020\/07\/istasyon-kultur-sanat-bulusmalari-bagimsiz-sanat-topluluklari-ile-suruyor-300x300.jpg 300w, https:\/\/www.enerjigazetesi.ist\/wp-content\/uploads\/2020\/07\/istasyon-kultur-sanat-bulusmalari-bagimsiz-sanat-topluluklari-ile-suruyor-400x400.jpg 400w, https:\/\/www.enerjigazetesi.ist\/wp-content\/uploads\/2020\/07\/istasyon-kultur-sanat-bulusmalari-bagimsiz-sanat-topluluklari-ile-suruyor-50x50.jpg 50w, https:\/\/www.enerjigazetesi.ist\/wp-content\/uploads\/2020\/07\/istasyon-kultur-sanat-bulusmalari-bagimsiz-sanat-topluluklari-ile-suruyor-100x100.jpg 100w\" sizes=\"(max-width: 320px) 100vw, 320px\" \/>Bulu\u015fmalar\u0131\u2019nda yer alacak.<\/h1>\n<p>Serinin ilk b\u00f6l\u00fcm\u00fcnde <strong>Facebook<\/strong>, sanatseverleri <strong>5000&#8217;den fazla<\/strong> eserden olu\u015fan <strong>dijital sanat ar\u015fivi<\/strong>yle 500&#8217;den fazla sanat\u00e7\u0131y\u0131 bir araya getiren<strong> Kolekta&#8217;y\u0131<\/strong> ke\u015ffetmeye davet ediyor. <strong>Facebook \u0130stasyon<\/strong> ve<strong> Facebook T\u00fcrkiye<\/strong> hesaplar\u0131ndan canl\u0131 yay\u0131nlanacak bulu\u015fmada <strong>BASE<\/strong> ve <strong>Kolekta kurucular\u0131<\/strong>ndan <strong>Ali Kerem Bilge<\/strong>, izleyicileri <strong>Kolekta&#8217;n\u0131n<\/strong> sundu\u011fu <strong>dijital sanat ar\u015fivi<\/strong>nde bulunan farkl\u0131 eser kategorileri aras\u0131nda bir gezintiye \u00e7\u0131karacak. \u0130zleyiciler, <strong>resimden foto\u011frafa<\/strong> yeni medyadan serami\u011fe g\u00fcncel sanat alanlar\u0131ndan <strong>ba\u011f\u0131ms\u0131z sanat\u00e7\u0131lar<\/strong>,<strong> sanat galerileri<\/strong> ve <strong>eserleri<\/strong> ile <strong>tan\u0131\u015fma f\u0131rsat\u0131<\/strong> elde edebilecek.<\/p>\n<p><strong>BASE i\u015f birli\u011fi<\/strong> ile ger\u00e7ekle\u015ftirilecek <strong>2&#8217;inci b\u00f6l\u00fcmde<\/strong>, ge\u00e7mi\u015f <strong>BASE sanat\u00e7\u0131lar\u0131<\/strong> ve <strong>2017<\/strong> y\u0131l\u0131ndan beri <strong>300&#8217;den<\/strong> fazla <strong>yeni mezun gen\u00e7 sanat\u00e7\u0131ya<\/strong> kariyerlerinin <strong>ilk g\u00fcnlerinde<\/strong> cesaret a\u015f\u0131layan<strong> BASE\u2019e<\/strong> dair bir s\u00f6yle\u015fi ger\u00e7ekle\u015ftirilecek. <strong>BASE\u2019e<\/strong> kat\u0131lan sanat\u00e7\u0131lar <strong>Damla Yal\u00e7\u0131n, Olgun Ka\u015f\u0131k\u00e7\u0131 ve Ece Kibaro\u011flu<\/strong> ile ilk \u00fcretimlerinden bug\u00fcne dek tecr\u00fcbeleri, <strong>Ali Kerem Bilge<\/strong> ile <strong>BASE<\/strong>&#8216;in son <strong>3 y\u0131l\u0131<\/strong> ve gelece\u011fi, k\u00fcrat\u00f6r <strong>Derya Y\u00fccel<\/strong> ile de \u00e7a\u011fda\u015f sanat alan\u0131nda<strong> \u2018gen\u00e7\u2019 sanat\u00e7\u0131lar<\/strong> ve <strong>\u00fcretim formlar\u0131<\/strong> ele al\u0131nacak.<\/p>\n<p>Serinin <strong>son<\/strong> b\u00f6l\u00fcm\u00fcnde ise <strong>Akbank Sanat<\/strong> m\u00fcd\u00fcr\u00fc <strong>Derya Bigal\u0131, Ali Kerem Bilge<\/strong> ve yeni medya sanat\u00e7\u0131s\u0131 <strong>Canda\u015f \u015ei\u015fman, BASE<\/strong> ve <strong>Kolekta ekipleri<\/strong>nin <strong>Akbank Sanat<\/strong> ile ger\u00e7ekle\u015ftirdi\u011fi <strong>&#8220;Kamp\u00fcste Dijital Sanat&#8221; projesi<\/strong> \u00fczerinden <strong>dijital sanat\u0131<\/strong> ve <strong>\u00e7a\u011fda\u015f sanat\u0131n teknolojiyle<\/strong> ili\u015fkisine <strong>dair bir sohbet<\/strong> ger\u00e7ekle\u015ftirecek.<\/p>\n<p><strong>Facebook \u0130stasyon K\u00fclt\u00fcr Sanat Bulu\u015fmalar\u0131<\/strong>\u2019n\u0131 <em>her per\u015fembe<\/em> <strong>20:00-21:00<\/strong> saatleri aras\u0131nda <a href=\"https:\/\/www.facebook.com\/FBIstasyon\/\" target=\"_blank\" rel=\"nofollow noopener\"><strong>Facebook \u0130stasyon<\/strong><\/a> ve <a href=\"https:\/\/www.facebook.com\/facebookappTurkiye\/\" target=\"_blank\" rel=\"nofollow noopener\"><strong>Facebook T\u00fcrkiye<\/strong><\/a> sayfalar\u0131ndan izleyebilirsiniz.<\/p>","protected":false},"excerpt":{"rendered":"<p>Sorry, this entry is only available in Turkish. For the sake of viewer convenience, the content is shown below in the alternative language. You may click the link to switch the active language. Facebook\u2019un T\u00fcrkiye\u2019deki k\u00fclt\u00fcr sanat topluluklar\u0131n\u0131 desteklemek ve \u00fclkedeki toplulu\u011funun platformlar\u0131 \u00fczerinden ba\u011flant\u0131 kurmas\u0131na yard\u0131mc\u0131 olmak amac\u0131yla hayata ge\u00e7irdi\u011fi Facebook \u0130stasyon K\u00fclt\u00fcr Sanat [&hellip;]<\/p>\n","protected":false},"author":1,"featured_media":117017,"comment_status":"open","ping_status":"open","sticky":false,"template":"","format":"standard","meta":[],"categories":[51,53,157],"tags":[75928,75933,75938,75931,75932,75930,75929,52259,71734,75935,75937,71735,75934,61563,75936,65918],"views":111,"_links":{"self":[{"href":"https:\/\/www.enerjigazetesi.ist\/en\/wp-json\/wp\/v2\/posts\/117015"}],"collection":[{"href":"https:\/\/www.enerjigazetesi.ist\/en\/wp-json\/wp\/v2\/posts"}],"about":[{"href":"https:\/\/www.enerjigazetesi.ist\/en\/wp-json\/wp\/v2\/types\/post"}],"author":[{"embeddable":true,"href":"https:\/\/www.enerjigazetesi.ist\/en\/wp-json\/wp\/v2\/users\/1"}],"replies":[{"embeddable":true,"href":"https:\/\/www.enerjigazetesi.ist\/en\/wp-json\/wp\/v2\/comments?post=117015"}],"version-history":[{"count":0,"href":"https:\/\/www.enerjigazetesi.ist\/en\/wp-json\/wp\/v2\/posts\/117015\/revisions"}],"wp:featuredmedia":[{"embeddable":true,"href":"https:\/\/www.enerjigazetesi.ist\/en\/wp-json\/wp\/v2\/media\/117017"}],"wp:attachment":[{"href":"https:\/\/www.enerjigazetesi.ist\/en\/wp-json\/wp\/v2\/media?parent=117015"}],"wp:term":[{"taxonomy":"category","embeddable":true,"href":"https:\/\/www.enerjigazetesi.ist\/en\/wp-json\/wp\/v2\/categories?post=117015"},{"taxonomy":"post_tag","embeddable":true,"href":"https:\/\/www.enerjigazetesi.ist\/en\/wp-json\/wp\/v2\/tags?post=117015"}],"curies":[{"name":"wp","href":"https:\/\/api.w.org\/{rel}","templated":true}]}}