{"id":116978,"date":"2020-07-15T11:54:40","date_gmt":"2020-07-15T08:54:40","guid":{"rendered":"https:\/\/www.enerjigazetesi.ist\/?p=116978"},"modified":"2020-07-15T13:26:17","modified_gmt":"2020-07-15T10:26:17","slug":"euas-in-elektrik-enerjisi-ve-kapasite-satisi-yonetmeligi-nde-degisiklik-yapildi","status":"publish","type":"post","link":"https:\/\/www.enerjigazetesi.ist\/en\/euas-in-elektrik-enerjisi-ve-kapasite-satisi-yonetmeligi-nde-degisiklik-yapildi\/","title":{"rendered":"E\u00dcA\u015e&#8217;\u0131n Elektrik Enerjisi Ve Kapasite Sat\u0131\u015f\u0131 Y\u00f6netmeli\u011finde De\u011fi\u015fiklik"},"content":{"rendered":"<p class=\"qtranxs-available-languages-message qtranxs-available-languages-message-en\">Sorry, this entry is only available in <a href=\"https:\/\/www.enerjigazetesi.ist\/tr\/wp-json\/wp\/v2\/posts\/116978\" class=\"qtranxs-available-language-link qtranxs-available-language-link-tr\" title=\"Turkish\">Turkish<\/a>. For the sake of viewer convenience, the content is shown below in the alternative language. You may click the link to switch the active language.<\/p><p><\/p>\n<h1>Elektrik \u00dcretim A\u015e&#8217;nin (E\u00dcA\u015e) Elektrik\u00a0Enerjisi ve Kapasite Sat\u0131\u015f Y\u00f6netmeli\u011fi&#8217;nde De\u011fi\u015fiklik Yap\u0131lmas\u0131na Dair Y\u00f6netmeli\u011fi Resmi Gazete&#8217;nin ilgili say\u0131s\u0131nda yay\u0131mlanarak y\u00fcr\u00fcrl\u00fc\u011fe girdi. Bu kapsamda, y\u00f6netim kurulu onay\u0131yla belirlenecek usuller ve ilgili mevzuat h\u00fck\u00fcmleri \u00e7er\u00e7evesinde, portf\u00f6y dahilinde yer alan elektrik\u00a0enerjisinin veya kapasitesinin bir k\u0131sm\u0131, organize toptan elektrik piyasalar\u0131na arz edilecek.<\/h1>\n<p>Portf\u00f6y dahilinde, y\u00f6netim kurulunca belirlenecek <strong>miktar ve ko\u015fullardaki<\/strong> elektrik\u00a0enerjisi,\u00a0ilgili kanunun h\u00fck\u00fcmleri \u00e7er\u00e7evesinde <strong>ikili anla\u015fmalar<\/strong> ile <strong>toptan sat\u0131\u015f tarifesi<\/strong> \u00fczerinden <strong>da\u011f\u0131t\u0131m \u015firketleri<\/strong> ve <strong>g\u00f6revli tedarik \u015firketleri<\/strong>ne sat\u0131labilecek.<\/p>\n<p><strong>Enerji\u00a0ve Tabii Kaynaklar Bakanl\u0131\u011f\u0131<\/strong>&#8216;na ba\u011fl\u0131,\u00a0ilgili kurum veya kurulu\u015flar\u0131 b\u00fcnyesinde yer alan <img loading=\"lazy\" class=\"alignright wp-image-116981\" src=\"https:\/\/www.enerjigazetesi.ist\/wp-content\/uploads\/2020\/07\/euas-in-elektrik-enerjisi-ve-kapasite-satisi-yonetmeligi-nde-degisiklik-yapildi.jpg\" alt=\"\" width=\"340\" height=\"255\" srcset=\"https:\/\/www.enerjigazetesi.ist\/wp-content\/uploads\/2020\/07\/euas-in-elektrik-enerjisi-ve-kapasite-satisi-yonetmeligi-nde-degisiklik-yapildi.jpg 480w, https:\/\/www.enerjigazetesi.ist\/wp-content\/uploads\/2020\/07\/euas-in-elektrik-enerjisi-ve-kapasite-satisi-yonetmeligi-nde-degisiklik-yapildi-300x225.jpg 300w, https:\/\/www.enerjigazetesi.ist\/wp-content\/uploads\/2020\/07\/euas-in-elektrik-enerjisi-ve-kapasite-satisi-yonetmeligi-nde-degisiklik-yapildi-67x50.jpg 67w\" sizes=\"(max-width: 340px) 100vw, 340px\" \/>serbest t\u00fcketicilere, faaliyetleriyle ilgili, <strong>E\u00dcA\u015e<\/strong>&#8216;a <strong>elektrik\u00a0enerjisi alma talebi<\/strong>nde bulunan ve y\u00f6netim kurulunca uygun g\u00f6r\u00fclen di\u011fer <strong>kamu kurum<\/strong> ve <strong>kurulu\u015flar\u0131<\/strong> b\u00fcnyesinde yer alan serbest t\u00fcketicilere ve<strong> E\u00dcA\u015e<\/strong> t\u00fczel ki\u015fili\u011fi b\u00fcnyesinde yer alan <strong>serbest t\u00fcketicilere<\/strong> tam tedarik kapsam\u0131nda <strong>elektrik\u00a0enerjisi sat\u0131\u015f\u0131<\/strong> yap\u0131labilecek.<\/p>\n<p>Ayr\u0131ca, <strong>iletim sistemi kay\u0131plar\u0131<\/strong> i\u00e7in <strong>ikili anla\u015fmalar<\/strong> ile<strong> T\u00fcrkiye Elektrik \u0130letim A\u015e (TE\u0130A\u015e)<\/strong> ve\u00a0kanunda tan\u0131mlanan mevcut s\u00f6zle\u015fmeler kapsam\u0131nda ilgili m\u00fc\u015fterilere elektrik\u00a0enerjisi sat\u0131\u015f\u0131\u00a0yap\u0131labilecek.<\/p>\n<p>Y\u00f6netim kurulunca belirlenecek miktarda <strong>elektrik\u00a0enerjisi<\/strong> veya<strong> kapasitesinin ikili anla\u015fmalarla<\/strong> da\u011f\u0131t\u0131m \u015firketleri ve g\u00f6revli tedarik \u015firketlerine <strong>sat\u0131\u015f\u0131 \u00f6zel hukuk h\u00fck\u00fcmleri<\/strong>ne tabi olacak.<\/p>\n<p><strong>E\u00dcA\u015e<\/strong>&#8216;\u0131n portf\u00f6y\u00fcnde yer alan <strong>elektrik\u00a0enerjisinin ihalesiz sat\u0131\u015f\u0131<\/strong> \u00e7er\u00e7evesinde, E\u00dcA\u015e, sat\u0131c\u0131 taraf olarak <strong>Elektrik Piyasas\u0131 Dengeleme<\/strong> ve <strong>Uzla\u015ft\u0131rma Y\u00f6netmeli\u011fi<\/strong>nde d\u00fczenlenen uzla\u015ft\u0131rmaya esas <strong>ikili anla\u015fma bildirimleri<\/strong>ne ili\u015fkin kurallara uygun \u015fekilde piyasa i\u015fletmecisine bildirim yapacak.<\/p>\n<p>E\u00dcA\u015e&#8217;a <strong>elektrik\u00a0enerjisi alma talebi<\/strong>nde bulunan ve y\u00f6netim kurulunca uygun g\u00f6r\u00fclen di\u011fer kamu kurum ve kurulu\u015flar\u0131 ile kurum <strong>t\u00fczel ki\u015fili\u011fi<\/strong> b\u00fcnyesinde yer alan <strong>serbest t\u00fcketicilere<\/strong> ihalesiz <strong>elektrik\u00a0enerjisi sat\u0131\u015f\u0131<\/strong> \u00e7er\u00e7evesinde, <strong>E\u00dcA\u015e,\u00a0serbest t\u00fcketicileri<\/strong>ni piyasa kat\u0131l\u0131mc\u0131s\u0131 portf\u00f6y\u00fcne kaydettirecek.<\/p>\n<p>Y\u00f6netim kurulunun onay\u0131yla belirlenen miktarda <strong>elektrik\u00a0enerjisi<\/strong> veya <strong>kapasite sat\u0131\u015f\u0131<\/strong> i\u00e7in <strong>E\u00dcA\u015e,\u00a0ihaleler<\/strong> d\u00fczenleyebilecek. <strong>Teknik \u015fartnamede<\/strong> ba\u015fka bir ko\u015ful belirtilmedi\u011fi takdirde, ihalelerde istekli taraf\u0131ndan verilebilecek minimum teklifi tan\u0131mlamak i\u00e7in sat\u0131\u015fa esas <strong>elektrik\u00a0enerjisinin portf\u00f6y a\u011f\u0131rl\u0131kl\u0131 maliyet ortalamas\u0131<\/strong>ndan d\u00fc\u015f\u00fck olmamak \u00fczere uygun gelir beklentisi olu\u015fturacak \u015fekilde rezerv fiyat veya ihale modeline ba\u011fl\u0131 olmak \u00fczere <strong>rezerv fiyat\u0131 koruyacak<\/strong> di\u011fer limitler belirlenecek.<\/p>\n<p>Y\u00f6netim kurulunca belirlenecek miktarda <strong>elektrik\u00a0enerjisi<\/strong> veya kapasite sat\u0131\u015f\u0131 i\u00e7in<strong> E\u00dcA\u015e fiyat-miktar\/kapasite ihaleleri<\/strong> d\u00fczenleyebilecek.\u00a0<strong>Elektrik\u00a0enerjisi sat\u0131\u015f\u0131<\/strong> i\u00e7in de <strong>E\u00dcA\u015e<\/strong>\u00a0ilgili sat\u0131\u015f d\u00f6nemine esas <strong>piyasa takas fiyat\u0131na<\/strong> endeksli ihaleler d\u00fczenleyebilecek.\u00a0Kapasite sat\u0131\u015f\u0131 i\u00e7in ise <strong>E\u00dcA\u015e<\/strong>, <strong>TE\u0130A\u015e<\/strong>&#8216;\u0131n a\u00e7aca\u011f\u0131<strong> kapasite ihalelerine<\/strong> de kat\u0131labilecek.<\/p>\n<p>Ayr\u0131ca, <strong>elektrik\u00a0enerjisi<\/strong> ve <strong>kapasite sat\u0131\u015f kanallar\u0131<\/strong>, <strong>sat\u0131\u015fa ili\u015fkin uygulamalar<\/strong> ile miktar ve fiyat belirleme hususlar\u0131nda y\u00f6netim kuruluna <strong>teknik analizler sa\u011flamak<\/strong> \u00fczere <strong>kurul onay\u0131yla<\/strong> teknik komite kurulacak.<\/p>","protected":false},"excerpt":{"rendered":"<p>Sorry, this entry is only available in Turkish. For the sake of viewer convenience, the content is shown below in the alternative language. You may click the link to switch the active language. Elektrik \u00dcretim A\u015e&#8217;nin (E\u00dcA\u015e) Elektrik\u00a0Enerjisi ve Kapasite Sat\u0131\u015f Y\u00f6netmeli\u011fi&#8217;nde De\u011fi\u015fiklik Yap\u0131lmas\u0131na Dair Y\u00f6netmeli\u011fi Resmi Gazete&#8217;nin ilgili say\u0131s\u0131nda yay\u0131mlanarak y\u00fcr\u00fcrl\u00fc\u011fe girdi. Bu kapsamda, [&hellip;]<\/p>\n","protected":false},"author":1,"featured_media":116981,"comment_status":"open","ping_status":"open","sticky":false,"template":"","format":"standard","meta":[],"categories":[51,53],"tags":[75872,25990,53114,75869,75870,9567,75868,52259,1972,1635,1033,42300,26275,75871,9566,1388],"views":329,"_links":{"self":[{"href":"https:\/\/www.enerjigazetesi.ist\/en\/wp-json\/wp\/v2\/posts\/116978"}],"collection":[{"href":"https:\/\/www.enerjigazetesi.ist\/en\/wp-json\/wp\/v2\/posts"}],"about":[{"href":"https:\/\/www.enerjigazetesi.ist\/en\/wp-json\/wp\/v2\/types\/post"}],"author":[{"embeddable":true,"href":"https:\/\/www.enerjigazetesi.ist\/en\/wp-json\/wp\/v2\/users\/1"}],"replies":[{"embeddable":true,"href":"https:\/\/www.enerjigazetesi.ist\/en\/wp-json\/wp\/v2\/comments?post=116978"}],"version-history":[{"count":0,"href":"https:\/\/www.enerjigazetesi.ist\/en\/wp-json\/wp\/v2\/posts\/116978\/revisions"}],"wp:featuredmedia":[{"embeddable":true,"href":"https:\/\/www.enerjigazetesi.ist\/en\/wp-json\/wp\/v2\/media\/116981"}],"wp:attachment":[{"href":"https:\/\/www.enerjigazetesi.ist\/en\/wp-json\/wp\/v2\/media?parent=116978"}],"wp:term":[{"taxonomy":"category","embeddable":true,"href":"https:\/\/www.enerjigazetesi.ist\/en\/wp-json\/wp\/v2\/categories?post=116978"},{"taxonomy":"post_tag","embeddable":true,"href":"https:\/\/www.enerjigazetesi.ist\/en\/wp-json\/wp\/v2\/tags?post=116978"}],"curies":[{"name":"wp","href":"https:\/\/api.w.org\/{rel}","templated":true}]}}