{"id":116928,"date":"2020-07-14T11:41:24","date_gmt":"2020-07-14T08:41:24","guid":{"rendered":"https:\/\/www.enerjigazetesi.ist\/?p=116928"},"modified":"2020-07-14T11:41:24","modified_gmt":"2020-07-14T08:41:24","slug":"guclu-demokrasi-guclu-bir-turkiyenin-vazgecilmezi-ve-teminatidir","status":"publish","type":"post","link":"https:\/\/www.enerjigazetesi.ist\/en\/guclu-demokrasi-guclu-bir-turkiyenin-vazgecilmezi-ve-teminatidir\/","title":{"rendered":"(Turkish) \u2018G\u00fc\u00e7l\u00fc Demokrasi, G\u00fc\u00e7l\u00fc bir T\u00fcrkiye\u2019nin Vazge\u00e7ilmezi ve Teminat\u0131d\u0131r\u2019"},"content":{"rendered":"<p class=\"qtranxs-available-languages-message qtranxs-available-languages-message-en\">Sorry, this entry is only available in <a href=\"https:\/\/www.enerjigazetesi.ist\/tr\/wp-json\/wp\/v2\/posts\/116928\" class=\"qtranxs-available-language-link qtranxs-available-language-link-tr\" title=\"Turkish\">Turkish<\/a>. For the sake of viewer convenience, the content is shown below in the alternative language. You may click the link to switch the active language.<\/p><p><\/p>\n<h1><strong>Uluslararas\u0131 Yat\u0131r\u0131mc\u0131lar Derne\u011fi (YASED) Ba\u015fkan\u0131 Ay\u015fem Sarg\u0131n taraf\u0131ndan \u201c15 Temmuz\u2019da T\u00fcrk halk\u0131 demokrasi ve hukuk devleti ilkelerine ba\u011fl\u0131l\u0131\u011f\u0131n\u0131 en a\u00e7\u0131k \u015fekilde ortaya koymu\u015ftur. G\u00fc\u00e7l\u00fc demokrasi, her <img loading=\"lazy\" class=\"alignright wp-image-116930\" src=\"https:\/\/www.enerjigazetesi.ist\/wp-content\/uploads\/2020\/07\/guclu-demokrasi-guclu-bir-turkiyenin-vazgecilmezi-ve-teminatidir.jpg\" alt=\"\" width=\"320\" height=\"305\" srcset=\"https:\/\/www.enerjigazetesi.ist\/wp-content\/uploads\/2020\/07\/guclu-demokrasi-guclu-bir-turkiyenin-vazgecilmezi-ve-teminatidir.jpg 455w, https:\/\/www.enerjigazetesi.ist\/wp-content\/uploads\/2020\/07\/guclu-demokrasi-guclu-bir-turkiyenin-vazgecilmezi-ve-teminatidir-300x285.jpg 300w, https:\/\/www.enerjigazetesi.ist\/wp-content\/uploads\/2020\/07\/guclu-demokrasi-guclu-bir-turkiyenin-vazgecilmezi-ve-teminatidir-420x400.jpg 420w, https:\/\/www.enerjigazetesi.ist\/wp-content\/uploads\/2020\/07\/guclu-demokrasi-guclu-bir-turkiyenin-vazgecilmezi-ve-teminatidir-53x50.jpg 53w\" sizes=\"(max-width: 320px) 100vw, 320px\" \/>alanda g\u00fc\u00e7l\u00fc bir T\u00fcrkiye\u2019nin vazge\u00e7ilmezi ve teminat\u0131d\u0131r\u201d ifadeleri kullan\u0131ld\u0131.<\/strong><\/h1>\n<p><strong>Uluslararas\u0131 Yat\u0131r\u0131mc\u0131lar Derne\u011fi (YASED)<\/strong> Ba\u015fkan\u0131 <strong>Ay\u015fem Sarg\u0131n<\/strong>, <em>15 Temmuz Demokrasi ve Milli Birlik G\u00fcn\u00fc<\/em> ile ilgili de\u011ferlendirmelerde bulundu. <strong>4 y\u0131l \u00f6nce<\/strong> bug\u00fcn T\u00fcrk halk\u0131n\u0131n <strong>demokrasi<\/strong> ve <strong>hukuk devleti ilkelerine<\/strong> ba\u011fl\u0131l\u0131\u011f\u0131n\u0131 en a\u00e7\u0131k \u015fekilde ortaya koydu\u011funu vurgulayan Sarg\u0131n, \u201c<strong>Hukukun \u00fcst\u00fcnl\u00fc\u011f\u00fcn\u00fc<\/strong> ve <strong>demokrasiyi korumak<\/strong> ad\u0131na canlar\u0131n\u0131 feda eden<strong> \u015fehitlerimizi rahmet, gazilerimizi minnetle an\u0131yoruz.<\/strong>\u201d dedi.<\/p>\n<p><strong>15 Temmuz darbe giri\u015fimi<\/strong>nin T\u00fcrkiye\u2019nin istikrar\u0131n\u0131<strong> hedef alan<\/strong> \u00e7ok boyutlu etkilerine de de\u011finen Sarg\u0131n, \u201c<strong>G\u00fc\u00e7l\u00fc demokrasi<\/strong>, her alanda g\u00fc\u00e7l\u00fc bir T\u00fcrkiye\u2019nin hem vazge\u00e7ilmezi hem teminat\u0131d\u0131r. \u00d6n\u00fcm\u00fczdeki d\u00f6nemde<strong> ekonomimiz, i\u015f ve yat\u0131r\u0131m ortam\u0131m\u0131z<\/strong> ve <strong>uluslararas\u0131 rekabet\u00e7ili\u011fimizde hedeflerimize ula\u015fmam\u0131z\u0131n yolu da<\/strong> g\u00fc\u00e7l\u00fc <strong>demokrasiden ge\u00e7mektedir<\/strong>. <strong>YASED<\/strong> olarak, \u00fclkemizin bu hedeflerine ula\u015fmas\u0131na <strong>katk\u0131 sa\u011flamaya y\u00f6nelik<\/strong>\u00a0var g\u00fcc\u00fcm\u00fczle \u00e7al\u0131\u015fmaya devam edece\u011fiz\u201d dedi.<\/p>","protected":false},"excerpt":{"rendered":"<p>Sorry, this entry is only available in Turkish. For the sake of viewer convenience, the content is shown below in the alternative language. You may click the link to switch the active language. Uluslararas\u0131 Yat\u0131r\u0131mc\u0131lar Derne\u011fi (YASED) Ba\u015fkan\u0131 Ay\u015fem Sarg\u0131n taraf\u0131ndan \u201c15 Temmuz\u2019da T\u00fcrk halk\u0131 demokrasi ve hukuk devleti ilkelerine ba\u011fl\u0131l\u0131\u011f\u0131n\u0131 en a\u00e7\u0131k \u015fekilde ortaya [&hellip;]<\/p>\n","protected":false},"author":1,"featured_media":116930,"comment_status":"open","ping_status":"open","sticky":false,"template":"","format":"standard","meta":[],"categories":[51,53],"tags":[32643,31265,75812,52283,52259,75811,846,72225,75813],"views":90,"_links":{"self":[{"href":"https:\/\/www.enerjigazetesi.ist\/en\/wp-json\/wp\/v2\/posts\/116928"}],"collection":[{"href":"https:\/\/www.enerjigazetesi.ist\/en\/wp-json\/wp\/v2\/posts"}],"about":[{"href":"https:\/\/www.enerjigazetesi.ist\/en\/wp-json\/wp\/v2\/types\/post"}],"author":[{"embeddable":true,"href":"https:\/\/www.enerjigazetesi.ist\/en\/wp-json\/wp\/v2\/users\/1"}],"replies":[{"embeddable":true,"href":"https:\/\/www.enerjigazetesi.ist\/en\/wp-json\/wp\/v2\/comments?post=116928"}],"version-history":[{"count":0,"href":"https:\/\/www.enerjigazetesi.ist\/en\/wp-json\/wp\/v2\/posts\/116928\/revisions"}],"wp:featuredmedia":[{"embeddable":true,"href":"https:\/\/www.enerjigazetesi.ist\/en\/wp-json\/wp\/v2\/media\/116930"}],"wp:attachment":[{"href":"https:\/\/www.enerjigazetesi.ist\/en\/wp-json\/wp\/v2\/media?parent=116928"}],"wp:term":[{"taxonomy":"category","embeddable":true,"href":"https:\/\/www.enerjigazetesi.ist\/en\/wp-json\/wp\/v2\/categories?post=116928"},{"taxonomy":"post_tag","embeddable":true,"href":"https:\/\/www.enerjigazetesi.ist\/en\/wp-json\/wp\/v2\/tags?post=116928"}],"curies":[{"name":"wp","href":"https:\/\/api.w.org\/{rel}","templated":true}]}}