{"id":116752,"date":"2020-07-11T11:26:00","date_gmt":"2020-07-11T08:26:00","guid":{"rendered":"https:\/\/www.enerjigazetesi.ist\/?p=116752"},"modified":"2020-07-11T11:34:16","modified_gmt":"2020-07-11T08:34:16","slug":"enerji-piyasasinin-donusumu-icin-yatirimlari-cekmeye-yonelik-calisiyoruz","status":"publish","type":"post","link":"https:\/\/www.enerjigazetesi.ist\/en\/enerji-piyasasinin-donusumu-icin-yatirimlari-cekmeye-yonelik-calisiyoruz\/","title":{"rendered":"(Turkish) Enerji Piyasas\u0131n\u0131n D\u00f6n\u00fc\u015f\u00fcm\u00fc \u0130\u00e7in Yat\u0131r\u0131mlar\u0131 \u00c7ekmeye Y\u00f6nelik \u00c7al\u0131\u015f\u0131yoruz"},"content":{"rendered":"<p class=\"qtranxs-available-languages-message qtranxs-available-languages-message-en\">Sorry, this entry is only available in <a href=\"https:\/\/www.enerjigazetesi.ist\/tr\/wp-json\/wp\/v2\/posts\/116752\" class=\"qtranxs-available-language-link qtranxs-available-language-link-tr\" title=\"Turkish\">Turkish<\/a>. For the sake of viewer convenience, the content is shown below in the alternative language. You may click the link to switch the active language.<\/p><p><\/p>\n<h1>Enerji\u00a0ve Tabii Kaynaklar Bakan Yard\u0131mc\u0131s\u0131 Alparslan Bayraktar taraf\u0131ndan T\u00fcrk Miras Vakf\u0131&#8217;n\u0131n (THO) video konferans y\u00f6ntemiyle d\u00fczenlenen &#8220;T\u00fcrkiye&#8217;de\u00a0Enerji\u00a0Piyasas\u0131 D\u00f6n\u00fc\u015f\u00fcm\u00fc: F\u0131rsatlar ve Zorluklar&#8221; ba\u015fl\u0131kl\u0131 etkinlikte T\u00fcrkiye&#8217;deki\u00a0enerji\u00a0piyasas\u0131na ili\u015fkin de\u011ferlendirmelere yer verildi.<\/h1>\n<p>T\u00fcrkiye&#8217;nin\u00a0<strong>enerji\u00a0talebinin son y\u0131llarda s\u00fcrekli olarak artt\u0131\u011f\u0131<\/strong>n\u0131, \u00fclkenin\u00a0<strong>enerji\u00a0ihtiyac\u0131<\/strong>n\u0131n yakla\u015f\u0131k<strong> % 70&#8217;inin<\/strong> ise ithal edildi\u011fini anlatan Bayraktar,\u00a0<strong>enerji\u00a0piyasas\u0131ndaki d\u00f6n\u00fc\u015f\u00fcm<\/strong>\u00fcn <strong>18 y\u0131l<\/strong> <img loading=\"lazy\" class=\"alignright wp-image-116754\" src=\"https:\/\/www.enerjigazetesi.ist\/wp-content\/uploads\/2020\/07\/enerji-piyasasinin-donusumu-icin-yatirimlari-cekmeye-yonelik-calisiyoruz.jpg\" alt=\"\" width=\"320\" height=\"274\" srcset=\"https:\/\/www.enerjigazetesi.ist\/wp-content\/uploads\/2020\/07\/enerji-piyasasinin-donusumu-icin-yatirimlari-cekmeye-yonelik-calisiyoruz.jpg 511w, https:\/\/www.enerjigazetesi.ist\/wp-content\/uploads\/2020\/07\/enerji-piyasasinin-donusumu-icin-yatirimlari-cekmeye-yonelik-calisiyoruz-300x257.jpg 300w, https:\/\/www.enerjigazetesi.ist\/wp-content\/uploads\/2020\/07\/enerji-piyasasinin-donusumu-icin-yatirimlari-cekmeye-yonelik-calisiyoruz-468x400.jpg 468w, https:\/\/www.enerjigazetesi.ist\/wp-content\/uploads\/2020\/07\/enerji-piyasasinin-donusumu-icin-yatirimlari-cekmeye-yonelik-calisiyoruz-58x50.jpg 58w\" sizes=\"(max-width: 320px) 100vw, 320px\" \/>\u00f6nce ba\u015flad\u0131\u011f\u0131n\u0131 ve<strong> \u00e7ok kapsaml\u0131, uzun vadeli bir program<\/strong> oldu\u011funu s\u00f6yledi.<\/p>\n<p>Bayraktar,\u00a0&#8220;<strong>Liberal ve rekabet\u00e7i mevzuat \u00e7er\u00e7evesi<\/strong>yle T\u00fcrkiye, bu s\u00fcre\u00e7te <strong>sadece elektrik piyasas\u0131na<\/strong> yakla\u015f\u0131k <strong>60 milyar dolarl\u0131k<\/strong> yat\u0131r\u0131m \u00e7ekmeyi ba\u015fard\u0131.&#8221; dedi.<\/p>\n<p><strong>Yeni tip koronavir\u00fcs (Kovid-19) salg\u0131n\u0131<\/strong>n\u0131n ekonomik etkileri sonucu\u00a0<strong>enerji\u00a0talebi<\/strong>nde \u00f6nemli bir d\u00fc\u015f\u00fc\u015f ya\u015fand\u0131\u011f\u0131n\u0131 aktaran Bayraktar,\u00a0&#8220;T\u00fcrkiye&#8217;de <strong>2020&#8217;nin<\/strong> ilk <strong>5<\/strong> ay\u0131nda <strong>elektrik talebi<\/strong> ge\u00e7ti\u011fimiz y\u0131l\u0131n ayn\u0131 d\u00f6nemine k\u0131yasla yakla\u015f\u0131k<strong> % 4<\/strong> azald\u0131. Bizim i\u00e7in iyi haber <em>t\u00fcketimin \u00e7o\u011funun<\/em> <strong>yerli veya yenilenebilir\u00a0enerji\u00a0kaynaklar\u0131ndan<\/strong> kar\u015f\u0131lanm\u0131\u015f olmas\u0131d\u0131r. Elektrik \u00fcretiminin<strong>% 66<\/strong>&#8216;s\u0131 bu d\u00f6nemde <strong>yerli ve yenilenebilir kaynaklardan<\/strong>, bunun <strong>% 52<\/strong>&#8216;si yenilenebilir kaynaklardan geldi.&#8221;dedi.<\/p>\n<p>Bayraktar, T\u00fcrkiye&#8217;de <strong>1 Haziran 2020&#8217;den<\/strong> itibar\u0131yla ekonomik faaliyetin normale d\u00f6nmesiyle\u00a0<strong>enerji\u00a0t\u00fcketiminin<\/strong> de h\u0131zla toparland\u0131\u011f\u0131n\u0131 ifade etti.\u00a0Bakanl\u0131k olarak <strong>piyasalar\u0131 ve salg\u0131n\u0131n\u00a0enerji\u00a0piyasalar\u0131na etkisi<\/strong>ni yak\u0131ndan takip ettiklerinin alt\u0131n\u0131 \u00e7izen Bayraktar, &#8220;Ana odak noktam\u0131z<strong>\u00a0enerji\u00a0ve madencilik sekt\u00f6r\u00fc<\/strong>n\u00fcn <strong>finansal s\u00fcrd\u00fcr\u00fclebilirli\u011fi<\/strong>.&#8221; de\u011ferlendirmelerine yer verdi.<\/p>","protected":false},"excerpt":{"rendered":"<p>Sorry, this entry is only available in Turkish. For the sake of viewer convenience, the content is shown below in the alternative language. You may click the link to switch the active language. Enerji\u00a0ve Tabii Kaynaklar Bakan Yard\u0131mc\u0131s\u0131 Alparslan Bayraktar taraf\u0131ndan T\u00fcrk Miras Vakf\u0131&#8217;n\u0131n (THO) video konferans y\u00f6ntemiyle d\u00fczenlenen &#8220;T\u00fcrkiye&#8217;de\u00a0Enerji\u00a0Piyasas\u0131 D\u00f6n\u00fc\u015f\u00fcm\u00fc: F\u0131rsatlar ve Zorluklar&#8221; ba\u015fl\u0131kl\u0131 [&hellip;]<\/p>\n","protected":false},"author":1,"featured_media":116756,"comment_status":"open","ping_status":"open","sticky":false,"template":"","format":"standard","meta":[],"categories":[51,53],"tags":[14004,53114,3804,75596,75594,52259,988,24906,60917,1972,1635,65517,75597,75595,69779,12145,75598],"views":77,"_links":{"self":[{"href":"https:\/\/www.enerjigazetesi.ist\/en\/wp-json\/wp\/v2\/posts\/116752"}],"collection":[{"href":"https:\/\/www.enerjigazetesi.ist\/en\/wp-json\/wp\/v2\/posts"}],"about":[{"href":"https:\/\/www.enerjigazetesi.ist\/en\/wp-json\/wp\/v2\/types\/post"}],"author":[{"embeddable":true,"href":"https:\/\/www.enerjigazetesi.ist\/en\/wp-json\/wp\/v2\/users\/1"}],"replies":[{"embeddable":true,"href":"https:\/\/www.enerjigazetesi.ist\/en\/wp-json\/wp\/v2\/comments?post=116752"}],"version-history":[{"count":0,"href":"https:\/\/www.enerjigazetesi.ist\/en\/wp-json\/wp\/v2\/posts\/116752\/revisions"}],"wp:featuredmedia":[{"embeddable":true,"href":"https:\/\/www.enerjigazetesi.ist\/en\/wp-json\/wp\/v2\/media\/116756"}],"wp:attachment":[{"href":"https:\/\/www.enerjigazetesi.ist\/en\/wp-json\/wp\/v2\/media?parent=116752"}],"wp:term":[{"taxonomy":"category","embeddable":true,"href":"https:\/\/www.enerjigazetesi.ist\/en\/wp-json\/wp\/v2\/categories?post=116752"},{"taxonomy":"post_tag","embeddable":true,"href":"https:\/\/www.enerjigazetesi.ist\/en\/wp-json\/wp\/v2\/tags?post=116752"}],"curies":[{"name":"wp","href":"https:\/\/api.w.org\/{rel}","templated":true}]}}