{"id":116738,"date":"2020-07-10T19:05:10","date_gmt":"2020-07-10T16:05:10","guid":{"rendered":"https:\/\/www.enerjigazetesi.ist\/?p=116738"},"modified":"2020-07-10T19:05:10","modified_gmt":"2020-07-10T16:05:10","slug":"enerji-ve-tabii-kaynaklar-bakanligina-bagli-bazi-kurumlarda-atamalar-yapildi","status":"publish","type":"post","link":"https:\/\/www.enerjigazetesi.ist\/en\/enerji-ve-tabii-kaynaklar-bakanligina-bagli-bazi-kurumlarda-atamalar-yapildi\/","title":{"rendered":"(Turkish) Enerji ve Tabii Kaynaklar Bakanl\u0131\u011f\u0131na Ba\u011fl\u0131 Baz\u0131 Kurumlarda Atamalar Yap\u0131ld\u0131"},"content":{"rendered":"<p class=\"qtranxs-available-languages-message qtranxs-available-languages-message-en\">Sorry, this entry is only available in <a href=\"https:\/\/www.enerjigazetesi.ist\/tr\/wp-json\/wp\/v2\/posts\/116738\" class=\"qtranxs-available-language-link qtranxs-available-language-link-tr\" title=\"Turkish\">Turkish<\/a>. For the sake of viewer convenience, the content is shown below in the alternative language. You may click the link to switch the active language.<\/p><p><\/p>\n<h1>Resmi Gazete\u2019nin\u00a0ilgili say\u0131s\u0131nda yer alan Cumhurba\u015fkanl\u0131\u011f\u0131n\u0131n atama kararlar\u0131nda Enerji ve Tabii Kaynaklar Bakanl\u0131\u011f\u0131\u2019na ba\u011fl\u0131 baz\u0131 kurumlarda yeni g\u00f6revlendirmeler ger\u00e7ekle\u015fti.<img loading=\"lazy\" class=\"alignright wp-image-116740\" src=\"https:\/\/www.enerjigazetesi.ist\/wp-content\/uploads\/2020\/07\/enerji-ve-tabii-kaynaklar-bakanligina-bagli-bazi-kurumlarda-atamalar-yapildi.jpg\" alt=\"\" width=\"320\" height=\"213\" srcset=\"https:\/\/www.enerjigazetesi.ist\/wp-content\/uploads\/2020\/07\/enerji-ve-tabii-kaynaklar-bakanligina-bagli-bazi-kurumlarda-atamalar-yapildi.jpg 732w, https:\/\/www.enerjigazetesi.ist\/wp-content\/uploads\/2020\/07\/enerji-ve-tabii-kaynaklar-bakanligina-bagli-bazi-kurumlarda-atamalar-yapildi-300x200.jpg 300w, https:\/\/www.enerjigazetesi.ist\/wp-content\/uploads\/2020\/07\/enerji-ve-tabii-kaynaklar-bakanligina-bagli-bazi-kurumlarda-atamalar-yapildi-500x333.jpg 500w, https:\/\/www.enerjigazetesi.ist\/wp-content\/uploads\/2020\/07\/enerji-ve-tabii-kaynaklar-bakanligina-bagli-bazi-kurumlarda-atamalar-yapildi-75x50.jpg 75w, https:\/\/www.enerjigazetesi.ist\/wp-content\/uploads\/2020\/07\/enerji-ve-tabii-kaynaklar-bakanligina-bagli-bazi-kurumlarda-atamalar-yapildi-450x300.jpg 450w\" sizes=\"(max-width: 320px) 100vw, 320px\" \/><\/h1>\n<p>Buna g\u00f6re, <strong>Elektrik \u00dcretim A.\u015e. (E\u00dcA\u015e)<\/strong> Y\u00f6netim Kurulu \u00dcyesi <strong>G\u00f6khan Karasu<\/strong> g\u00f6revinden al\u0131narak, bu suretle bo\u015falan <strong>Y\u00f6netim Kurulu \u00fcyeli\u011fi<\/strong>ne \u0130lyas Tufan atand\u0131.<\/p>\n<p><strong>Boru Hatlar\u0131 ile Petrol Ta\u015f\u0131ma A.\u015e.<\/strong> Genel M\u00fcd\u00fcrl\u00fc\u011f\u00fc (BOTA\u015e) <strong>Y\u00f6netim Kurulu \u00fcyeli\u011fi<\/strong>ne <strong>Mehmet Ali Kaya<\/strong> getirildi.<\/p>\n<p><strong>ET\u0130 Maden \u0130\u015fletmeleri<\/strong> Genel M\u00fcd\u00fcrl\u00fc\u011f\u00fc <strong>Y\u00f6netim Kurulu \u00fcyeli\u011fi<\/strong>ne<strong> Soner Korkmaz<\/strong> atand\u0131.<\/p>\n<p><strong>T\u00fcrkiye Elektromekanik Sanayi A.\u015e.<\/strong> Genel M\u00fcd\u00fcrl\u00fc\u011f\u00fc Y\u00f6netim Kurulu \u00fcyeli\u011fine <strong>Hakk\u0131 Karata\u015f<\/strong> getirildi.<\/p>\n<p><strong>T\u00fcrkiye Petrolleri AO Genel M\u00fcd\u00fcrl\u00fc\u011f\u00fc (TPAO)<\/strong> <em>Y\u00f6netim Kurulu \u00fcyeli\u011fi<\/em>ne <strong>Abdullah Bayaz\u0131t<\/strong> atand\u0131.<\/p>\n<p><strong>T\u00fcrkiye Ta\u015fk\u00f6m\u00fcr\u00fc Kurumu (TTK)<\/strong> Genel M\u00fcd\u00fcrl\u00fc\u011f\u00fc Y\u00f6netim Kurulu \u00fcyeli\u011fine <strong>H\u00fcseyin Bilgi\u00e7o\u011flu<\/strong> atand\u0131.<\/p>","protected":false},"excerpt":{"rendered":"<p>Sorry, this entry is only available in Turkish. For the sake of viewer convenience, the content is shown below in the alternative language. You may click the link to switch the active language. Resmi Gazete\u2019nin\u00a0ilgili say\u0131s\u0131nda yer alan Cumhurba\u015fkanl\u0131\u011f\u0131n\u0131n atama kararlar\u0131nda Enerji ve Tabii Kaynaklar Bakanl\u0131\u011f\u0131\u2019na ba\u011fl\u0131 baz\u0131 kurumlarda yeni g\u00f6revlendirmeler ger\u00e7ekle\u015fti. Buna g\u00f6re, Elektrik [&hellip;]<\/p>\n","protected":false},"author":1,"featured_media":116740,"comment_status":"open","ping_status":"open","sticky":false,"template":"","format":"standard","meta":[],"categories":[51,53,24649,44],"tags":[75579,75583,69393,1972,11774,1635,75576,75581,75577,1388,75582,75580,75578,59226],"views":229,"_links":{"self":[{"href":"https:\/\/www.enerjigazetesi.ist\/en\/wp-json\/wp\/v2\/posts\/116738"}],"collection":[{"href":"https:\/\/www.enerjigazetesi.ist\/en\/wp-json\/wp\/v2\/posts"}],"about":[{"href":"https:\/\/www.enerjigazetesi.ist\/en\/wp-json\/wp\/v2\/types\/post"}],"author":[{"embeddable":true,"href":"https:\/\/www.enerjigazetesi.ist\/en\/wp-json\/wp\/v2\/users\/1"}],"replies":[{"embeddable":true,"href":"https:\/\/www.enerjigazetesi.ist\/en\/wp-json\/wp\/v2\/comments?post=116738"}],"version-history":[{"count":0,"href":"https:\/\/www.enerjigazetesi.ist\/en\/wp-json\/wp\/v2\/posts\/116738\/revisions"}],"wp:featuredmedia":[{"embeddable":true,"href":"https:\/\/www.enerjigazetesi.ist\/en\/wp-json\/wp\/v2\/media\/116740"}],"wp:attachment":[{"href":"https:\/\/www.enerjigazetesi.ist\/en\/wp-json\/wp\/v2\/media?parent=116738"}],"wp:term":[{"taxonomy":"category","embeddable":true,"href":"https:\/\/www.enerjigazetesi.ist\/en\/wp-json\/wp\/v2\/categories?post=116738"},{"taxonomy":"post_tag","embeddable":true,"href":"https:\/\/www.enerjigazetesi.ist\/en\/wp-json\/wp\/v2\/tags?post=116738"}],"curies":[{"name":"wp","href":"https:\/\/api.w.org\/{rel}","templated":true}]}}