{"id":116681,"date":"2020-07-09T17:20:32","date_gmt":"2020-07-09T14:20:32","guid":{"rendered":"https:\/\/www.enerjigazetesi.ist\/?p=116681"},"modified":"2020-07-09T17:20:32","modified_gmt":"2020-07-09T14:20:32","slug":"yazin-ve-kisin-isi-ve-su-yalitimi-binanizi-ve-butcenizi-koruyor","status":"publish","type":"post","link":"https:\/\/www.enerjigazetesi.ist\/en\/yazin-ve-kisin-isi-ve-su-yalitimi-binanizi-ve-butcenizi-koruyor\/","title":{"rendered":"(Turkish) Is\u0131 ve Su Yal\u0131t\u0131m\u0131 Binan\u0131z\u0131 ve B\u00fct\u00e7enizi Hem Yaz Hem K\u0131\u015f Korur!"},"content":{"rendered":"<p class=\"qtranxs-available-languages-message qtranxs-available-languages-message-en\">Sorry, this entry is only available in <a href=\"https:\/\/www.enerjigazetesi.ist\/tr\/wp-json\/wp\/v2\/posts\/116681\" class=\"qtranxs-available-language-link qtranxs-available-language-link-tr\" title=\"Turkish\">Turkish<\/a>. For the sake of viewer convenience, the content is shown below in the alternative language. You may click the link to switch the active language.<\/p><p><\/p>\n<h1><strong>Pandemi nedeniyle b\u00fcy\u00fck \u015fehirlerde ya\u015fayanlar\u0131n mevsim itibar\u0131yla yazl\u0131k evlere y\u00f6neldi\u011fine dikkat \u00e7eken \u0130ZODER; yazl\u0131k binalar\u0131n \u0131s\u0131 ve su yal\u0131t\u0131m\u0131 uygulamalar\u0131yla hem yaza hem de k\u0131\u015fa haz\u0131r hale getirilmesi gerekti\u011fini vurgulad\u0131. <\/strong><\/h1>\n<p><strong>Covid-19 salg\u0131n\u0131<\/strong>n\u0131n etkisiyle \u00fclkemizde yazl\u0131k b\u00f6lgelere ilginin artt\u0131\u011f\u0131n\u0131 ifade eden <strong>\u0130ZODER (Is\u0131 Su <img loading=\"lazy\" class=\"alignright wp-image-116684\" src=\"https:\/\/www.enerjigazetesi.ist\/wp-content\/uploads\/2020\/07\/yazin-ve-kisin-isi-ve-su-yalitimi-binanizi-ve-butcenizi-koruyor-2.jpg\" alt=\"\" width=\"320\" height=\"209\" srcset=\"https:\/\/www.enerjigazetesi.ist\/wp-content\/uploads\/2020\/07\/yazin-ve-kisin-isi-ve-su-yalitimi-binanizi-ve-butcenizi-koruyor-2.jpg 746w, https:\/\/www.enerjigazetesi.ist\/wp-content\/uploads\/2020\/07\/yazin-ve-kisin-isi-ve-su-yalitimi-binanizi-ve-butcenizi-koruyor-2-300x196.jpg 300w, https:\/\/www.enerjigazetesi.ist\/wp-content\/uploads\/2020\/07\/yazin-ve-kisin-isi-ve-su-yalitimi-binanizi-ve-butcenizi-koruyor-2-500x327.jpg 500w, https:\/\/www.enerjigazetesi.ist\/wp-content\/uploads\/2020\/07\/yazin-ve-kisin-isi-ve-su-yalitimi-binanizi-ve-butcenizi-koruyor-2-76x50.jpg 76w\" sizes=\"(max-width: 320px) 100vw, 320px\" \/>Ses ve Yang\u0131n Yal\u0131t\u0131mc\u0131lar\u0131 Derne\u011fi) Ba\u015fkan\u0131 Levent G\u00f6k\u00e7e, \u201c<\/strong>Pandemi nedeniyle b\u00fcy\u00fck \u015fehirlerde ya\u015fayanlar mevsim itibar\u0131yla yazl\u0131klar\u0131na y\u00f6nelirken, bir\u00e7ok \u015fehirde de m\u00fcstakil evlere ilginin artt\u0131\u011f\u0131n\u0131 g\u00f6r\u00fcyoruz. Salg\u0131n d\u00f6neminde<strong> ailece vakit ge\u00e7irilen g\u00fcvenli bir yuva<\/strong> olarak g\u00f6r\u00fclen yazl\u0131k evlere bak\u0131\u015f\u0131n de\u011fi\u015fti\u011fi bu d\u00f6nemde, <strong>konut sahipleri, tadilat ve yal\u0131t\u0131m planlar\u0131 da<\/strong> yapmaya ba\u015flad\u0131. Yazl\u0131k b\u00f6lgelerdeki binalar\u0131n hem <strong>yaza<\/strong> hem <strong>k\u0131\u015fa<\/strong> haz\u0131rl\u0131kl\u0131 olmas\u0131 i\u00e7in <strong>konut sahiplerinin tadilat yasaklar\u0131n\u0131n<\/strong> sona erdi\u011fi <strong>ekim ay\u0131<\/strong> ve sonras\u0131n\u0131<strong> iyi de\u011ferlendirmeleri<\/strong> gerekiyor. \u00c7\u00fcnk\u00fc \u00f6zellikle <strong>nemli b\u00f6lgelerde<\/strong> k\u0131\u015f boyunca iyi korunamad\u0131\u011f\u0131 i\u00e7in <strong>y\u0131pranan yazl\u0131k evlerin<\/strong>, yaz\u0131n yeniden elden ge\u00e7irilmesine ihtiya\u00e7 duyuluyor\u201d dedi.<\/p>\n<h2><strong>Is\u0131 yal\u0131t\u0131m\u0131yla yaz\u0131n ve k\u0131\u015f\u0131n enerji tasarrufu<\/strong><\/h2>\n<p>Is\u0131 yal\u0131t\u0131m\u0131yla koruma alt\u0131na al\u0131nan evlerde ayn\u0131 zamanda k\u0131\u015f\u0131n <strong>\u0131s\u0131tma<\/strong>, yaz\u0131n da <strong>so\u011futma<\/strong> amac\u0131yla harcanan <strong>enerji t\u00fcketiminde y\u00fcksek oranlarda<\/strong> tasarruf sa\u011fland\u0131\u011f\u0131n\u0131 belirten <strong>Levent G\u00f6k\u00e7e<\/strong>, \u201cIs\u0131 yal\u0131t\u0131m\u0131 sadece k\u0131\u015f aylar\u0131nda <strong>so\u011fuk havaya kar\u015f\u0131 de\u011fil, yaz aylar\u0131nda da s\u0131ca\u011fa kar\u015f\u0131<\/strong> al\u0131nabilecek en etkili \u00f6nemlerin ba\u015f\u0131nda geliyor.<strong> Yaz\u0131n klimalar\u0131n<\/strong> devreye girmesiyle, \u0131s\u0131 yal\u0131t\u0131m\u0131yla korunamayan konutlarda <strong>enerji t\u00fcketimi<\/strong> daha da art\u0131yor. <strong>K\u0131\u015f\u0131n da yal\u0131t\u0131ms\u0131z<\/strong> evlerde <strong>do\u011falgaz t\u00fcketimi<\/strong> y\u00fcksek oluyor. Dolay\u0131s\u0131yla alaca\u011f\u0131m\u0131z <strong>\u0131s\u0131 yal\u0131t\u0131m\u0131 \u00f6nlemleriyle<\/strong> hem yaz hem k\u0131\u015f mevsiminde daha sa\u011fl\u0131kl\u0131 ve konforlu bir ya\u015fam s\u00fcrerken, <strong>enerji savurganl\u0131\u011f\u0131n\u0131n<\/strong> da \u00f6n\u00fcne ge\u00e7memiz m\u00fcmk\u00fcn\u201d diye konu\u015ftu.<\/p>\n<h2><strong>Yazl\u0131k evlerinizi su yal\u0131t\u0131m\u0131 ile koruyun <\/strong><\/h2>\n<p>Yap\u0131y\u0131 olu\u015fturan ana unsurlar <strong>demir<\/strong> ve <strong>betonu binan\u0131n<\/strong> \u00f6mr\u00fc boyunca koruyan<strong> su yal\u0131t\u0131m\u0131n\u0131n<\/strong> hayati \u00f6nem ta\u015f\u0131d\u0131\u011f\u0131n\u0131 vurgulayan <strong>Levent G\u00f6k\u00e7e<\/strong>, \u015f\u00f6yle konu\u015ftu: \u201cSon y\u0131llarda <strong>\u0130ZODER<\/strong>\u2019e yap\u0131lan ba\u015fvurular aras\u0131nda yap\u0131larda <strong>su yal\u0131t\u0131m problemleri<\/strong> konusu da \u00f6ne \u00e7\u0131k\u0131yor. \u00d6zellikle sayfiye yerlerinde y\u0131l\u0131n b\u00fcy\u00fck bir k\u0131sm\u0131 i\u00e7erisinde ya\u015fam olmadan kalan yap\u0131larda, <strong>ya\u011fmur suyu<\/strong> ve <strong>topra\u011f\u0131n neminden<\/strong> <strong>kaynakl\u0131 \u00e7at\u0131larda<\/strong> ve <strong>bina giri\u015f katlar\u0131nda<\/strong> sorunlar g\u00f6zleniyor. Bu sorunlara kar\u015f\u0131 en etkili \u00e7\u00f6z\u00fcm <strong>su yal\u0131t\u0131m\u0131 uygulamas\u0131<\/strong> yapt\u0131rmakt\u0131r. <strong>1 Haziran 2018<\/strong> tarihinde y\u00fcr\u00fcl\u00fc\u011fe giren y\u00f6netmelik dikkate al\u0131narak, gerekli \u00f6nlemlerin <strong>bina in\u015faat\u0131 s\u0131ras\u0131nda<\/strong> al\u0131nmas\u0131 sorunu ba\u015ftan \u00e7\u00f6zecektir. Halihaz\u0131rda ya\u015fanan sorunlara ili\u015fkin de mutlaka <strong>y\u00f6netmelikte<\/strong> ve <strong>ilgili standartlarda<\/strong> yap\u0131lan tan\u0131mlara <strong>uygun detay \u00e7\u00f6z\u00fcmleri<\/strong> ile sonu\u00e7 almak m\u00fcmk\u00fcn olacakt\u0131r. Ayr\u0131ca <strong>su yal\u0131t\u0131m\u0131<\/strong> yap\u0131lmam\u0131\u015f, dolay\u0131s\u0131yla <strong>korozyona u\u011fram\u0131\u015f binalar\u0131n<\/strong> depremden olumsuz etkilenmesiyle ortaya \u00e7\u0131kan sonu\u00e7lar ise ne yaz\u0131k ki hem <strong>can g\u00fcvenli\u011fi<\/strong> hem de <strong>mal g\u00fcvenli\u011fi<\/strong> a\u00e7\u0131s\u0131ndan \u00e7ok ciddi sonu\u00e7lar ortaya koymaktad\u0131r.\u201d<\/p>","protected":false},"excerpt":{"rendered":"<p>Sorry, this entry is only available in Turkish. For the sake of viewer convenience, the content is shown below in the alternative language. You may click the link to switch the active language. Pandemi nedeniyle b\u00fcy\u00fck \u015fehirlerde ya\u015fayanlar\u0131n mevsim itibar\u0131yla yazl\u0131k evlere y\u00f6neldi\u011fine dikkat \u00e7eken \u0130ZODER; yazl\u0131k binalar\u0131n \u0131s\u0131 ve su yal\u0131t\u0131m\u0131 uygulamalar\u0131yla hem yaza [&hellip;]<\/p>\n","protected":false},"author":1,"featured_media":116685,"comment_status":"open","ping_status":"open","sticky":false,"template":"","format":"standard","meta":[],"categories":[51,53,52],"tags":[52259,26559,75497,47530,65651,75494,43363,75495,75496],"views":117,"_links":{"self":[{"href":"https:\/\/www.enerjigazetesi.ist\/en\/wp-json\/wp\/v2\/posts\/116681"}],"collection":[{"href":"https:\/\/www.enerjigazetesi.ist\/en\/wp-json\/wp\/v2\/posts"}],"about":[{"href":"https:\/\/www.enerjigazetesi.ist\/en\/wp-json\/wp\/v2\/types\/post"}],"author":[{"embeddable":true,"href":"https:\/\/www.enerjigazetesi.ist\/en\/wp-json\/wp\/v2\/users\/1"}],"replies":[{"embeddable":true,"href":"https:\/\/www.enerjigazetesi.ist\/en\/wp-json\/wp\/v2\/comments?post=116681"}],"version-history":[{"count":0,"href":"https:\/\/www.enerjigazetesi.ist\/en\/wp-json\/wp\/v2\/posts\/116681\/revisions"}],"wp:featuredmedia":[{"embeddable":true,"href":"https:\/\/www.enerjigazetesi.ist\/en\/wp-json\/wp\/v2\/media\/116685"}],"wp:attachment":[{"href":"https:\/\/www.enerjigazetesi.ist\/en\/wp-json\/wp\/v2\/media?parent=116681"}],"wp:term":[{"taxonomy":"category","embeddable":true,"href":"https:\/\/www.enerjigazetesi.ist\/en\/wp-json\/wp\/v2\/categories?post=116681"},{"taxonomy":"post_tag","embeddable":true,"href":"https:\/\/www.enerjigazetesi.ist\/en\/wp-json\/wp\/v2\/tags?post=116681"}],"curies":[{"name":"wp","href":"https:\/\/api.w.org\/{rel}","templated":true}]}}