{"id":11664,"date":"2013-06-07T17:12:15","date_gmt":"2013-06-07T14:12:15","guid":{"rendered":"https:\/\/www.enerjigazetesi.ist\/?p=11664"},"modified":"2013-06-07T17:12:15","modified_gmt":"2013-06-07T14:12:15","slug":"rweturcas-kombine-cevrim-gaz-santrali-uretime-basladi","status":"publish","type":"post","link":"https:\/\/www.enerjigazetesi.ist\/en\/rweturcas-kombine-cevrim-gaz-santrali-uretime-basladi\/","title":{"rendered":"(Turkish) RWE&#038;TURCAS Kombine \u00c7evrim Gaz Santrali \u00dcretime Ba\u015flad\u0131"},"content":{"rendered":"<p class=\"qtranxs-available-languages-message qtranxs-available-languages-message-en\">Sorry, this entry is only available in <a href=\"https:\/\/www.enerjigazetesi.ist\/tr\/wp-json\/wp\/v2\/posts\/11664\" class=\"qtranxs-available-language-link qtranxs-available-language-link-tr\" title=\"Turkish\">Turkish<\/a>. For the sake of viewer convenience, the content is shown below in the alternative language. You may click the link to switch the active language.<\/p><p><strong>Denizli\u2019nin Honaz \u0130l\u00e7esi, Kakl\u0131k Beldesi\u2019nde 500 milyon euro yat\u0131r\u0131mla RWE &amp; TURCAS taraf\u0131ndan yapt\u0131r\u0131lan 775 MW kapasiteli <\/strong><strong>Do\u011falgaz Kombine \u00c7evrim Elektrik Santrali, elektrik \u00fcretimine ba\u015flad\u0131.<\/strong><\/p>\n<p>T\u00fcrk- Alman Ekonomi G\u00fcn\u00fc toplan<a href=\"https:\/\/www.enerjigazetesi.ist\/wp-content\/uploads\/2013\/06\/rwe-turcas-gaz-santrali-kombine-cevrim-505x283.jpg\"><img loading=\"lazy\" class=\"alignleft size-medium wp-image-11665\" title=\"rwe-turcas-gaz-santrali-kombine-cevrim-505x283\" src=\"https:\/\/www.enerjigazetesi.ist\/wp-content\/uploads\/2013\/06\/rwe-turcas-gaz-santrali-kombine-cevrim-505x283-300x188.jpg\" alt=\"\" width=\"300\" height=\"188\" srcset=\"https:\/\/www.enerjigazetesi.ist\/wp-content\/uploads\/2013\/06\/rwe-turcas-gaz-santrali-kombine-cevrim-505x283-300x188.jpg 300w, https:\/\/www.enerjigazetesi.ist\/wp-content\/uploads\/2013\/06\/rwe-turcas-gaz-santrali-kombine-cevrim-505x283-80x50.jpg 80w, https:\/\/www.enerjigazetesi.ist\/wp-content\/uploads\/2013\/06\/rwe-turcas-gaz-santrali-kombine-cevrim-505x283.jpg 450w\" sizes=\"(max-width: 300px) 100vw, 300px\" \/><\/a>t\u0131s\u0131na kat\u0131lmak \u00fczere bug\u00fcn Denizli\u2019ye gelen Almanya B\u00fcy\u00fckel\u00e7isi Eberhard Pohl, Alman enerji firmas\u0131 RWE ile T\u00fcrkiye\u2019de petrol ve enerji sekt\u00f6r\u00fc firmas\u0131 TURCAS\u2019\u0131n ortakl\u0131\u011f\u0131nda kurulan RWE &amp; TURCAS G\u00fcney Elektrik \u00dcretim Tesisi\u2019ni gezip, incelemelerde bulundu.<\/p>\n<p>RWE Turcas G\u00fcney Elektrik \u00dcretim A.\u015e. CEO\u2019su Ralph Jager, b\u00fcy\u00fckel\u00e7i Pohl\u2019e santral hakk\u0131nda bilgi verdi. B\u00fcy\u00fckel\u00e7i Pohl, dev tesisten etkilendi\u011fini s\u00f6yledi. Alman-T\u00fcrk ortakl\u0131\u011f\u0131yla kurulan dev santralin Denizli\u2019ye ekonomik anlamda hareketlilik getirece\u011fini belirten Pohl, \u201cTesis Denizli\u2019nin enerji ihtiyac\u0131n\u0131n kar\u015f\u0131lanmas\u0131nda \u00f6nemli bir rol \u00fcstlenecek. \u00c7evre dostu ve y\u00fcksek teknolojiyle in\u015fa edilmi\u015f olmas\u0131 da modern ortam sunacak\u201d dedi.<\/p>\n<p>Kaynak: <a href=\"http:\/\/enerjienstitusu.com\/2013\/06\/07\/rwe-turcas-kombine-cevrim-gaz-santrali-uretime-basladi\/\" target=\"_blank\">Enerji Enstit\u00fcs\u00fc<\/a><\/p>","protected":false},"excerpt":{"rendered":"<p>Sorry, this entry is only available in Turkish. For the sake of viewer convenience, the content is shown below in the alternative language. You may click the link to switch the active language.Denizli\u2019nin Honaz \u0130l\u00e7esi, Kakl\u0131k Beldesi\u2019nde 500 milyon euro yat\u0131r\u0131mla RWE &amp; TURCAS taraf\u0131ndan yapt\u0131r\u0131lan 775 MW kapasiteli Do\u011falgaz Kombine \u00c7evrim Elektrik Santrali, elektrik [&hellip;]<\/p>\n","protected":false},"author":1,"featured_media":11665,"comment_status":"open","ping_status":"open","sticky":false,"template":"","format":"standard","meta":[],"categories":[46,53],"tags":[845,92,226,5822,19,63,67,165,5823,5824,5559],"views":1092,"_links":{"self":[{"href":"https:\/\/www.enerjigazetesi.ist\/en\/wp-json\/wp\/v2\/posts\/11664"}],"collection":[{"href":"https:\/\/www.enerjigazetesi.ist\/en\/wp-json\/wp\/v2\/posts"}],"about":[{"href":"https:\/\/www.enerjigazetesi.ist\/en\/wp-json\/wp\/v2\/types\/post"}],"author":[{"embeddable":true,"href":"https:\/\/www.enerjigazetesi.ist\/en\/wp-json\/wp\/v2\/users\/1"}],"replies":[{"embeddable":true,"href":"https:\/\/www.enerjigazetesi.ist\/en\/wp-json\/wp\/v2\/comments?post=11664"}],"version-history":[{"count":2,"href":"https:\/\/www.enerjigazetesi.ist\/en\/wp-json\/wp\/v2\/posts\/11664\/revisions"}],"predecessor-version":[{"id":11667,"href":"https:\/\/www.enerjigazetesi.ist\/en\/wp-json\/wp\/v2\/posts\/11664\/revisions\/11667"}],"wp:featuredmedia":[{"embeddable":true,"href":"https:\/\/www.enerjigazetesi.ist\/en\/wp-json\/wp\/v2\/media\/11665"}],"wp:attachment":[{"href":"https:\/\/www.enerjigazetesi.ist\/en\/wp-json\/wp\/v2\/media?parent=11664"}],"wp:term":[{"taxonomy":"category","embeddable":true,"href":"https:\/\/www.enerjigazetesi.ist\/en\/wp-json\/wp\/v2\/categories?post=11664"},{"taxonomy":"post_tag","embeddable":true,"href":"https:\/\/www.enerjigazetesi.ist\/en\/wp-json\/wp\/v2\/tags?post=11664"}],"curies":[{"name":"wp","href":"https:\/\/api.w.org\/{rel}","templated":true}]}}