{"id":11649,"date":"2013-06-07T10:03:51","date_gmt":"2013-06-07T07:03:51","guid":{"rendered":"https:\/\/www.enerjigazetesi.ist\/?p=11649"},"modified":"2013-06-07T10:05:11","modified_gmt":"2013-06-07T07:05:11","slug":"turkiyedeki-yenilenebilir-enerjinin-10-kati-tek-bir-eyalette","status":"publish","type":"post","link":"https:\/\/www.enerjigazetesi.ist\/en\/turkiyedeki-yenilenebilir-enerjinin-10-kati-tek-bir-eyalette\/","title":{"rendered":"(Turkish) T\u00fcrkiye\u2019deki Yenilenebilir Enerjinin 10 kat\u0131 Tek Bir Eyalette!"},"content":{"rendered":"<p class=\"qtranxs-available-languages-message qtranxs-available-languages-message-en\">Sorry, this entry is only available in <a href=\"https:\/\/www.enerjigazetesi.ist\/tr\/wp-json\/wp\/v2\/posts\/11649\" class=\"qtranxs-available-language-link qtranxs-available-language-link-tr\" title=\"Turkish\">Turkish<\/a>. For the sake of viewer convenience, the content is shown below in the alternative language. You may click the link to switch the active language.<\/p><p><strong>Mecklenburg-Vorpommern eyalet Ba\u015fbakan\u0131 Erwin Sellering ve beraberindeki heyet T\u00fcrkiye\u2019deki temaslar\u0131na devam ediyor. \u0130lk ziyaretlerine \u0130zmir\u2019de ba\u015flayan heyet; deniz ta\u015f\u0131mac\u0131l\u0131\u011f\u0131, lojistik ve r\u00fczgar enerjisi hakk\u0131nda bilgi al\u0131\u015fveri\u015finde bulunmak i\u00e7in yine \u0130zmir\u2019de bulunan Arkas Holding ve R\u00fczgar Enerji Park\u0131\u2019n\u0131 ziyaret etti.<\/strong><\/p>\n<p>Ala\u00e7at\u0131 R\u00fczgar Enerji Park\u0131\u2019nda \u00f6nemli a\u00e7\u0131klamalarda bulunan eyalet ba\u015fbakan\u0131, Almanya\u2019n\u0131n son y\u0131llarda n\u00fckleer enerjiden vazge\u00e7ti\u011fine dikkat \u00e7ekti. T\u00fcrkiye\u2019deki yenilebilir enerji yat\u0131r\u0131mlar\u0131n\u0131n yetersiz oldu\u011fundan bahseden Sellering, \u201cT\u00fcm T\u00fcrkiye\u2019de bug\u00fcn \u00fcretilen yenilenebilir enerjinin 10 kat\u0131, sadece n\u00fcfusu 1 milyon 700 bin olan Mecklenburg-Vorpommern eyaletinde \u00fcretiliyor\u201d dedi.<\/p>\n<p>T\u00fcrkiye\u2019de \u015fahit oldu\u011fu dinamizmden \u00e7ok etkilendi\u011fini dile getiren ba\u015fbakan, bir Do\u011fu Almanya eyaleti olan Mecklenburg Vorpommern\u2019in de \u00e7ok yol kat etti\u011fini s\u00f6yledi. \u201cUmar\u0131m birlikte b\u00fcy\u00fck bir hamleyi ger\u00e7ekle\u015ftirebiliriz\u201d diyen SPD\u2019li ba\u015fbakan, \u201cDaha \u00f6nceki temaslar\u0131m\u0131zda sa\u011fl\u0131k ekonomisi ve lojistik alanlar\u0131nda da g\u00f6r\u00fc\u015fmelerimiz oldu. Ama bizim i\u00e7in en \u00f6nemlisi yenilenebilir enerji\u201d dedi.<\/p>\n<p><a href=\"https:\/\/www.enerjigazetesi.ist\/wp-content\/uploads\/2012\/11\/ruzgar-enerjisi-kongresi.png\"><img loading=\"lazy\" class=\"alignright size-medium wp-image-3331\" title=\"ruzgar-enerjisi-kongresi\" src=\"https:\/\/www.enerjigazetesi.ist\/wp-content\/uploads\/2012\/11\/ruzgar-enerjisi-kongresi-300x203.png\" alt=\"\" width=\"300\" height=\"203\" srcset=\"https:\/\/www.enerjigazetesi.ist\/wp-content\/uploads\/2012\/11\/ruzgar-enerjisi-kongresi-300x203.png 300w, https:\/\/www.enerjigazetesi.ist\/wp-content\/uploads\/2012\/11\/ruzgar-enerjisi-kongresi-73x50.png 73w, https:\/\/www.enerjigazetesi.ist\/wp-content\/uploads\/2012\/11\/ruzgar-enerjisi-kongresi.png 450w\" sizes=\"(max-width: 300px) 100vw, 300px\" \/><\/a>Mecklenburg-Vorpommern\u2019de yenilenebilir enerji alan\u0131nda \u00e7al\u0131\u015fma yapan \u00e7ok \u00f6nemli firmalar\u0131n oldu\u011funu belirten Sellering, \u201cBunlar\u0131n \u00e7o\u011funun temsilcileri de bug\u00fcn burada aram\u0131zda. Umar\u0131m ileride bu firmalar ile T\u00fcrkiye aras\u0131nda ortak \u00e7al\u0131\u015fmalar ger\u00e7ekle\u015fir. \u00d6zellikle yenilenebilir enerji \u00fcretiminde her t\u00fcrl\u00fc katk\u0131 sa\u011flayabiliriz\u201d \u015feklinde konu\u015ftu.<\/p>\n<p>Nordex SE T\u00fcrkiye Genel M\u00fcd\u00fcr\u00fc \u0130brahim \u00d6zarslan da, T\u00fcrkiye\u2019nin yenilenebilir enerji hedefleri olan T\u00fcrkiye\u2019de bu alanda gerekli olan her t\u00fcrl\u00fc \u00e7al\u0131\u015fmaya ihtiya\u00e7 duyuldu\u011funu s\u00f6yledi.<\/p>\n<p>Arkas Holding\u2019e de ziyarette bulunan Sellering\u2019i \u015firketin Y\u00f6netim Kurulu Ba\u015fkan\u0131 Lucien Arkas kar\u015f\u0131lad\u0131. Deniz, kara, demir ve havayolu ta\u015f\u0131mac\u0131l\u0131\u011f\u0131 ile entegre ederek ger\u00e7ekle\u015ftirdi\u011fi lojistik faaliyetlerden acentecili\u011fe, armat\u00f6rl\u00fckten liman i\u015fletmecili\u011fine, gemilere yak\u0131t ikmalinden otomotive kadar bir\u00e7ok alanda faaliyet g\u00f6steren \u015firketin y\u00f6netim kurulu ba\u015fkan\u0131, ellerindeki 35 gemiden 20\u2019sini Mecklenburg-Vorpommern eyaletinde in\u015fa ettirdiklerini s\u00f6yledi.<\/p>\n<p>\u015eu anda konteyner gemisi in\u015fa etmediklerini s\u00f6yleyen Arkas, \u201cAncak b\u00f6yle bir d\u00fc\u015f\u00fcncemiz olursa ilk gidece\u011fim yer Mecklenburg Vorpommern\u2019dir\u201d dedi. Baz\u0131 Alman firmalar\u0131 ile ortakl\u0131\u011f\u0131 bulundu\u011funu hat\u0131rlatan Arkas, baz\u0131 firmalar\u0131n da temsilcili\u011fini yapt\u0131\u011f\u0131n\u0131 s\u00f6yledi. Arkas, Almanlarla \u00e7al\u0131\u015fmaktan her zaman memnun olduklar\u0131n\u0131 belirtirken Sellering de \u201c1964 y\u0131l\u0131ndan bu yana bizimle ticari ili\u015fkisi bulunan Arkas Holding\u2019i ziyaret etmekten \u00e7ok memnun oldum. Yeni ticari ili\u015fkilerin geli\u015ftirmesini umuyorum\u201d \u015feklinde konu\u015ftu.<\/p>\n<p>Kaynak: <a href=\"http:\/\/enerjienstitusu.com\/2013\/06\/07\/turkiyedeki-yenilenebilir-enerjinin-10-kati-almanyada-tek-bir-eyalette-uretiliyor\/\" target=\"_blank\">Enerji Enstit\u00fcs\u00fc<\/a><\/p>","protected":false},"excerpt":{"rendered":"<p>Sorry, this entry is only available in Turkish. For the sake of viewer convenience, the content is shown below in the alternative language. You may click the link to switch the active language.Mecklenburg-Vorpommern eyalet Ba\u015fbakan\u0131 Erwin Sellering ve beraberindeki heyet T\u00fcrkiye\u2019deki temaslar\u0131na devam ediyor. \u0130lk ziyaretlerine \u0130zmir\u2019de ba\u015flayan heyet; deniz ta\u015f\u0131mac\u0131l\u0131\u011f\u0131, lojistik ve r\u00fczgar enerjisi [&hellip;]<\/p>\n","protected":false},"author":1,"featured_media":3331,"comment_status":"open","ping_status":"open","sticky":false,"template":"","format":"standard","meta":[],"categories":[53,50],"tags":[929,63,67,165,532,5813,5812,69,16,846,105,5814],"views":507,"_links":{"self":[{"href":"https:\/\/www.enerjigazetesi.ist\/en\/wp-json\/wp\/v2\/posts\/11649"}],"collection":[{"href":"https:\/\/www.enerjigazetesi.ist\/en\/wp-json\/wp\/v2\/posts"}],"about":[{"href":"https:\/\/www.enerjigazetesi.ist\/en\/wp-json\/wp\/v2\/types\/post"}],"author":[{"embeddable":true,"href":"https:\/\/www.enerjigazetesi.ist\/en\/wp-json\/wp\/v2\/users\/1"}],"replies":[{"embeddable":true,"href":"https:\/\/www.enerjigazetesi.ist\/en\/wp-json\/wp\/v2\/comments?post=11649"}],"version-history":[{"count":3,"href":"https:\/\/www.enerjigazetesi.ist\/en\/wp-json\/wp\/v2\/posts\/11649\/revisions"}],"predecessor-version":[{"id":11652,"href":"https:\/\/www.enerjigazetesi.ist\/en\/wp-json\/wp\/v2\/posts\/11649\/revisions\/11652"}],"wp:featuredmedia":[{"embeddable":true,"href":"https:\/\/www.enerjigazetesi.ist\/en\/wp-json\/wp\/v2\/media\/3331"}],"wp:attachment":[{"href":"https:\/\/www.enerjigazetesi.ist\/en\/wp-json\/wp\/v2\/media?parent=11649"}],"wp:term":[{"taxonomy":"category","embeddable":true,"href":"https:\/\/www.enerjigazetesi.ist\/en\/wp-json\/wp\/v2\/categories?post=11649"},{"taxonomy":"post_tag","embeddable":true,"href":"https:\/\/www.enerjigazetesi.ist\/en\/wp-json\/wp\/v2\/tags?post=11649"}],"curies":[{"name":"wp","href":"https:\/\/api.w.org\/{rel}","templated":true}]}}