{"id":116385,"date":"2020-07-04T03:50:43","date_gmt":"2020-07-04T00:50:43","guid":{"rendered":"https:\/\/www.enerjigazetesi.ist\/?p=116385"},"modified":"2020-07-04T03:51:00","modified_gmt":"2020-07-04T00:51:00","slug":"kuveyt-ile-suudi-arabistanin-ortak-petrol-sahasi-hafci-tekrar-uretime-gecti","status":"publish","type":"post","link":"https:\/\/www.enerjigazetesi.ist\/en\/kuveyt-ile-suudi-arabistanin-ortak-petrol-sahasi-hafci-tekrar-uretime-gecti\/","title":{"rendered":"(Turkish) Kuveyt ile Suudi Arabistan&#8217;\u0131n Ortak Petrol Sahas\u0131 Hafci Tekrar \u00dcretime Ge\u00e7ti"},"content":{"rendered":"<p class=\"qtranxs-available-languages-message qtranxs-available-languages-message-en\">Sorry, this entry is only available in <a href=\"https:\/\/www.enerjigazetesi.ist\/tr\/wp-json\/wp\/v2\/posts\/116385\" class=\"qtranxs-available-language-link qtranxs-available-language-link-tr\" title=\"Turkish\">Turkish<\/a>. For the sake of viewer convenience, the content is shown below in the alternative language. You may click the link to switch the active language.<\/p><p><\/p>\n<h1>Kuveyt K\u00f6rfez Petrol \u015eirketi Ajans\u0131 CEO&#8217;su Abdullah es-Sumayti taraf\u0131ndan yap\u0131lan a\u00e7\u0131klamada,\u00a0Hafci Operasyonlar\u0131\u00a0Ortak \u0130cra Komitesinin karar\u0131yla bir ayd\u0131r \u00fcretim yap\u0131lmayan Hafci petrol sahas\u0131nda \u00fcretimin d\u00fcnden itibaren yeniden ba\u015flad\u0131\u011f\u0131n\u0131 ifade etti.<\/h1>\n<p><strong>Petrol \u0130hra\u00e7 Eden \u00dclkeler \u00d6rg\u00fct\u00fc (OPEC)<\/strong> ile\u00a0<strong>OPEC d\u0131\u015f\u0131 petrol \u00fcretici \u00fclkeler<\/strong>den olu\u015fan <strong>23 \u00fclkenin<\/strong> yer ald\u0131\u011f\u0131 <strong>OPEC+\u00a0grubu<\/strong>, 6 Haziran 2020&#8217;de\u00a0<strong>ham petrol piyasas\u0131<\/strong>nda <strong>fiyat istikrar\u0131n\u0131 <img loading=\"lazy\" class=\"alignright wp-image-116387\" src=\"https:\/\/www.enerjigazetesi.ist\/wp-content\/uploads\/2020\/07\/kuveyt-ile-suudi-arabistanin-ortak-petrol-sahasi-hafci-tekrar-uretime-gecti.jpg\" alt=\"\" width=\"320\" height=\"194\" srcset=\"https:\/\/www.enerjigazetesi.ist\/wp-content\/uploads\/2020\/07\/kuveyt-ile-suudi-arabistanin-ortak-petrol-sahasi-hafci-tekrar-uretime-gecti.jpg 722w, https:\/\/www.enerjigazetesi.ist\/wp-content\/uploads\/2020\/07\/kuveyt-ile-suudi-arabistanin-ortak-petrol-sahasi-hafci-tekrar-uretime-gecti-300x182.jpg 300w, https:\/\/www.enerjigazetesi.ist\/wp-content\/uploads\/2020\/07\/kuveyt-ile-suudi-arabistanin-ortak-petrol-sahasi-hafci-tekrar-uretime-gecti-500x303.jpg 500w, https:\/\/www.enerjigazetesi.ist\/wp-content\/uploads\/2020\/07\/kuveyt-ile-suudi-arabistanin-ortak-petrol-sahasi-hafci-tekrar-uretime-gecti-80x48.jpg 80w\" sizes=\"(max-width: 320px) 100vw, 320px\" \/>sa\u011flamak<\/strong> i\u00e7in uygulanan\u00a0<strong>9,7 milyon varillik<\/strong> <em>petrol kesintisi anla\u015fmas\u0131<\/em>n\u0131 temmuz ay\u0131n\u0131n sonuna kadar uzatma karar\u0131 alm\u0131\u015ft\u0131.<\/p>\n<p>Suudi Arabistan\u00a0Enerji\u00a0Bakan\u0131 <strong>Abdulaziz bin Selman<\/strong> ise 8 Haziran 2020&#8217;de yapt\u0131\u011f\u0131 a\u00e7\u0131klamada, <strong>g\u00f6n\u00fcll\u00fc petrol kesintisi<\/strong>nin hedefine ula\u015ft\u0131\u011f\u0131n\u0131 ve \u00fclkesinin\u00a0haziran ay\u0131 sonras\u0131\u00a0<strong>petrol \u00fcretimi<\/strong>nde kesintiye gitmeyece\u011fini a\u00e7\u0131klam\u0131\u015ft\u0131.<\/p>\n<p><strong>Kuveyt<\/strong> ile <strong>Suudi Arabistan<\/strong>&#8216;\u0131n ortak petrol sahas\u0131 <strong>Hafci<\/strong>&#8216;de iki \u00fclkenin ortak karar\u0131yla yakla\u015f\u0131k <strong>5 y\u0131ll\u0131k<\/strong> aradan sonra <strong>nisan ay\u0131 ba\u015f\u0131nda<\/strong>\u00a0tekrar \u00fcretime ge\u00e7ti. S\u00f6z konusu iki \u00fclke\u00a0aras\u0131ndaki<strong> tarafs\u0131z b\u00f6lgede<\/strong> bulunan <strong>Hafci ve Vefra petrol sahalar\u0131<\/strong>n\u0131n g\u00fcnl\u00fck <strong>500-600 bin<\/strong> varil \u00fcretim kapasitesi bulunuyor.<\/p>\n<p><strong>OPEC \u00fcyesi<\/strong> iki \u00fclke, <strong>2014&#8217;te<\/strong> \u00e7evresel nedenlerle <strong>Hafci<\/strong>&#8216;yi, <strong>2015&#8217;te<\/strong> de i\u015fletmede ya\u015fanan engeller nedeniyle\u00a0<strong>Vefra&#8217;y\u0131<\/strong> kapatm\u0131\u015ft\u0131.<\/p>","protected":false},"excerpt":{"rendered":"<p>Sorry, this entry is only available in Turkish. For the sake of viewer convenience, the content is shown below in the alternative language. You may click the link to switch the active language. Kuveyt K\u00f6rfez Petrol \u015eirketi Ajans\u0131 CEO&#8217;su Abdullah es-Sumayti taraf\u0131ndan yap\u0131lan a\u00e7\u0131klamada,\u00a0Hafci Operasyonlar\u0131\u00a0Ortak \u0130cra Komitesinin karar\u0131yla bir ayd\u0131r \u00fcretim yap\u0131lmayan Hafci petrol sahas\u0131nda [&hellip;]<\/p>\n","protected":false},"author":1,"featured_media":116387,"comment_status":"open","ping_status":"open","sticky":false,"template":"","format":"standard","meta":[],"categories":[53,44],"tags":[75076,52407,52259,75077,75079,75072,75074,15748,75078,66947,75080,75073,53153,75075,1369],"views":256,"_links":{"self":[{"href":"https:\/\/www.enerjigazetesi.ist\/en\/wp-json\/wp\/v2\/posts\/116385"}],"collection":[{"href":"https:\/\/www.enerjigazetesi.ist\/en\/wp-json\/wp\/v2\/posts"}],"about":[{"href":"https:\/\/www.enerjigazetesi.ist\/en\/wp-json\/wp\/v2\/types\/post"}],"author":[{"embeddable":true,"href":"https:\/\/www.enerjigazetesi.ist\/en\/wp-json\/wp\/v2\/users\/1"}],"replies":[{"embeddable":true,"href":"https:\/\/www.enerjigazetesi.ist\/en\/wp-json\/wp\/v2\/comments?post=116385"}],"version-history":[{"count":0,"href":"https:\/\/www.enerjigazetesi.ist\/en\/wp-json\/wp\/v2\/posts\/116385\/revisions"}],"wp:featuredmedia":[{"embeddable":true,"href":"https:\/\/www.enerjigazetesi.ist\/en\/wp-json\/wp\/v2\/media\/116387"}],"wp:attachment":[{"href":"https:\/\/www.enerjigazetesi.ist\/en\/wp-json\/wp\/v2\/media?parent=116385"}],"wp:term":[{"taxonomy":"category","embeddable":true,"href":"https:\/\/www.enerjigazetesi.ist\/en\/wp-json\/wp\/v2\/categories?post=116385"},{"taxonomy":"post_tag","embeddable":true,"href":"https:\/\/www.enerjigazetesi.ist\/en\/wp-json\/wp\/v2\/tags?post=116385"}],"curies":[{"name":"wp","href":"https:\/\/api.w.org\/{rel}","templated":true}]}}