{"id":11633,"date":"2013-06-06T16:52:58","date_gmt":"2013-06-06T13:52:58","guid":{"rendered":"https:\/\/www.enerjigazetesi.ist\/?p=11633"},"modified":"2013-06-06T16:52:58","modified_gmt":"2013-06-06T13:52:58","slug":"climamed-ekimde-istanbulda-duzenlenecek","status":"publish","type":"post","link":"https:\/\/www.enerjigazetesi.ist\/en\/climamed-ekimde-istanbulda-duzenlenecek\/","title":{"rendered":"(Turkish) Climamed, Ekim\u2019de \u0130stanbul\u2019da D\u00fczenlenecek!"},"content":{"rendered":"<p class=\"qtranxs-available-languages-message qtranxs-available-languages-message-en\">Sorry, this entry is only available in <a href=\"https:\/\/www.enerjigazetesi.ist\/tr\/wp-json\/wp\/v2\/posts\/11633\" class=\"qtranxs-available-language-link qtranxs-available-language-link-tr\" title=\"Turkish\">Turkish<\/a>. For the sake of viewer convenience, the content is shown below in the alternative language. You may click the link to switch the active language.<\/p><p><strong>Bu y\u0131l yedincisi d\u00fczenlenecek olan Akdeniz \u0130klimlendirme Kongresi (Climamed), 3-4 Ekim 2013 tarihlerinde \u0130stanbul\u2019da d\u00fczenlenecek.<\/strong><\/p>\n<p>Harbiye\u2019deki Asker\u00ee M\u00fcze ve K\u00fclt\u00fcr Sitesi\u2019nde ger\u00e7ekle\u015ftirilecek olan kongrenin ana temas\u0131, \u201cNet S\u0131f\u0131r Enerjili Binalar\u201d olarak belirlendi. T\u00fcrk Tesisat M\u00fchendisleri Derne\u011fi\u2019nin organizasyonuyla hayata ge\u00e7irilecek olan etkinlikte, \u015fu konular ele al\u0131nacak:<\/p>\n<p>&#8211; Yakla\u015f\u0131k S\u0131f\u0131r Enerjili Binalar (NZEB)<br \/>\n&#8211; Binalarda Enerji Verimlili\u011fi<br \/>\n&#8211; Yenilenebilir Enerji Uygulamalar\u0131<a href=\"https:\/\/www.enerjigazetesi.ist\/wp-content\/uploads\/2013\/05\/yesil-binalar-cevre-ve-sehircilik-bakanligi-enerji-verimli-iklim-duyarli-ve-ekolojik-bina-projelerinin-hazirlanmasi-ve-insasini-tesvik.jpg\"><img loading=\"lazy\" class=\"alignright size-medium wp-image-10562\" title=\"yesil-binalar-enerji-verimli\" src=\"https:\/\/www.enerjigazetesi.ist\/wp-content\/uploads\/2013\/05\/yesil-binalar-cevre-ve-sehircilik-bakanligi-enerji-verimli-iklim-duyarli-ve-ekolojik-bina-projelerinin-hazirlanmasi-ve-insasini-tesvik-300x209.jpg\" alt=\"\" width=\"300\" height=\"209\" srcset=\"https:\/\/www.enerjigazetesi.ist\/wp-content\/uploads\/2013\/05\/yesil-binalar-cevre-ve-sehircilik-bakanligi-enerji-verimli-iklim-duyarli-ve-ekolojik-bina-projelerinin-hazirlanmasi-ve-insasini-tesvik-300x209.jpg 300w, https:\/\/www.enerjigazetesi.ist\/wp-content\/uploads\/2013\/05\/yesil-binalar-cevre-ve-sehircilik-bakanligi-enerji-verimli-iklim-duyarli-ve-ekolojik-bina-projelerinin-hazirlanmasi-ve-insasini-tesvik-500x349.jpg 500w, https:\/\/www.enerjigazetesi.ist\/wp-content\/uploads\/2013\/05\/yesil-binalar-cevre-ve-sehircilik-bakanligi-enerji-verimli-iklim-duyarli-ve-ekolojik-bina-projelerinin-hazirlanmasi-ve-insasini-tesvik-71x50.jpg 71w, https:\/\/www.enerjigazetesi.ist\/wp-content\/uploads\/2013\/05\/yesil-binalar-cevre-ve-sehircilik-bakanligi-enerji-verimli-iklim-duyarli-ve-ekolojik-bina-projelerinin-hazirlanmasi-ve-insasini-tesvik.jpg 538w\" sizes=\"(max-width: 300px) 100vw, 300px\" \/><\/a><br \/>\n&#8211; Konfor Gereksinimleri<br \/>\n&#8211; Enerji Performans\u0131 Y\u00f6netmeli\u011fi<br \/>\n&#8211; \u0130\u00e7 Hava Kalitesi ve Sa\u011fl\u0131k<br \/>\n&#8211; Havaland\u0131rma Sistemleri<br \/>\n&#8211; Bina Y\u00f6netimi ve Sistem Bak\u0131m\u0131<br \/>\n&#8211; Devreye Alma ve Tesis Y\u00f6netimi<br \/>\n&#8211; Tarihi Yap\u0131larda Is\u0131tma-Havaland\u0131rma-\u0130klimlendirme Sistemleri<br \/>\n&#8211; Modelleme, Sim\u00fclasyon ve Bile\u015fik Tasar\u0131m<br \/>\n&#8211; Enerji Verimli S\u0131cak Su Sistemleri<br \/>\n&#8211; \u0130\u00e7me Suyu Verimli Kullan\u0131m\u0131, \u00c7evre Dostu At\u0131k Y\u00f6netimi<br \/>\n&#8211; Yapay Ayd\u0131nlatma ve G\u00fcn I\u015f\u0131\u011f\u0131 Ayd\u0131nlatmas\u0131<br \/>\n&#8211; Ak\u0131ll\u0131 Bina Teknolojileri<br \/>\n&#8211; Temel Is\u0131 Transferi ve Termodinamik \u00c7al\u0131\u015fmalar\u0131<\/p>\n<p>Kaynak: <a href=\"http:\/\/www.yesilbinadergisi.com\/?pid=27542\" target=\"_blank\">Ye\u015fil Bina<\/a><\/p>","protected":false},"excerpt":{"rendered":"<p>Sorry, this entry is only available in Turkish. For the sake of viewer convenience, the content is shown below in the alternative language. You may click the link to switch the active language.Bu y\u0131l yedincisi d\u00fczenlenecek olan Akdeniz \u0130klimlendirme Kongresi (Climamed), 3-4 Ekim 2013 tarihlerinde \u0130stanbul\u2019da d\u00fczenlenecek. Harbiye\u2019deki Asker\u00ee M\u00fcze ve K\u00fclt\u00fcr Sitesi\u2019nde ger\u00e7ekle\u015ftirilecek olan [&hellip;]<\/p>\n","protected":false},"author":1,"featured_media":10562,"comment_status":"open","ping_status":"open","sticky":false,"template":"","format":"standard","meta":[],"categories":[53,52],"tags":[5802,228,5803,63,67,103,12,5804,1296,55],"views":2197,"_links":{"self":[{"href":"https:\/\/www.enerjigazetesi.ist\/en\/wp-json\/wp\/v2\/posts\/11633"}],"collection":[{"href":"https:\/\/www.enerjigazetesi.ist\/en\/wp-json\/wp\/v2\/posts"}],"about":[{"href":"https:\/\/www.enerjigazetesi.ist\/en\/wp-json\/wp\/v2\/types\/post"}],"author":[{"embeddable":true,"href":"https:\/\/www.enerjigazetesi.ist\/en\/wp-json\/wp\/v2\/users\/1"}],"replies":[{"embeddable":true,"href":"https:\/\/www.enerjigazetesi.ist\/en\/wp-json\/wp\/v2\/comments?post=11633"}],"version-history":[{"count":1,"href":"https:\/\/www.enerjigazetesi.ist\/en\/wp-json\/wp\/v2\/posts\/11633\/revisions"}],"predecessor-version":[{"id":11635,"href":"https:\/\/www.enerjigazetesi.ist\/en\/wp-json\/wp\/v2\/posts\/11633\/revisions\/11635"}],"wp:featuredmedia":[{"embeddable":true,"href":"https:\/\/www.enerjigazetesi.ist\/en\/wp-json\/wp\/v2\/media\/10562"}],"wp:attachment":[{"href":"https:\/\/www.enerjigazetesi.ist\/en\/wp-json\/wp\/v2\/media?parent=11633"}],"wp:term":[{"taxonomy":"category","embeddable":true,"href":"https:\/\/www.enerjigazetesi.ist\/en\/wp-json\/wp\/v2\/categories?post=11633"},{"taxonomy":"post_tag","embeddable":true,"href":"https:\/\/www.enerjigazetesi.ist\/en\/wp-json\/wp\/v2\/tags?post=11633"}],"curies":[{"name":"wp","href":"https:\/\/api.w.org\/{rel}","templated":true}]}}