{"id":116284,"date":"2020-07-01T16:21:41","date_gmt":"2020-07-01T13:21:41","guid":{"rendered":"https:\/\/www.enerjigazetesi.ist\/?p=116284"},"modified":"2020-07-01T16:33:05","modified_gmt":"2020-07-01T13:33:05","slug":"onumuzdeki-donemin-surdurulebilirlik-gundemini-artik-pandemi-belirliyor","status":"publish","type":"post","link":"https:\/\/www.enerjigazetesi.ist\/en\/onumuzdeki-donemin-surdurulebilirlik-gundemini-artik-pandemi-belirliyor\/","title":{"rendered":"(Turkish) \u00d6n\u00fcm\u00fczdeki D\u00f6nemin &#8216;S\u00fcrd\u00fcr\u00fclebilirlik G\u00fcndemi&#8217;ni Art\u0131k Pandemi Belirliyor"},"content":{"rendered":"<p class=\"qtranxs-available-languages-message qtranxs-available-languages-message-en\">Sorry, this entry is only available in <a href=\"https:\/\/www.enerjigazetesi.ist\/tr\/wp-json\/wp\/v2\/posts\/116284\" class=\"qtranxs-available-language-link qtranxs-available-language-link-tr\" title=\"Turkish\">Turkish<\/a>. For the sake of viewer convenience, the content is shown below in the alternative language. You may click the link to switch the active language.<\/p><p><\/p>\n<h1><strong>D\u00fcnya S\u00fcrd\u00fcr\u00fclebilir Kalk\u0131nma \u0130\u015f Konseyi (WBCSD) Ba\u015fkan\u0131 ve CEO\u2019su Peter Bakker, SKD T\u00fcrkiye\u2019nin d\u00fczenledi\u011fi \u201cYeni D\u00f6nemde S\u00fcrd\u00fcr\u00fclebilirlik\u201d webinar\u0131n\u0131n a\u00e7\u0131l\u0131\u015f\u0131nda yapt\u0131\u011f\u0131 konu\u015fmada, \u201cSistemsel de\u011fi\u015fiklikler yapmam\u0131z gerekiyor ve bu sistemlerin ba\u015f\u0131ndaysa d\u00f6ng\u00fcsel ekonomiye ge\u00e7i\u015f ile daha s\u00fcrd\u00fcr\u00fclebilir ve sa\u011fl\u0131kl\u0131 bir g\u0131da sistemi olmal\u0131\u201d dedi.\u00a0<\/strong><strong>Webinar kapsam\u0131nda d\u00fczenlenen panelde konu\u015fan SKD T\u00fcrkiye Y\u00f6netim Kurulu Ba\u015fkan\u0131 Ebru Dildar Edin de pandemi d\u00f6neminde do\u011fada meydana gelen olumlu de\u011fi\u015fimleri hat\u0131rlatarak, \u201cAncak bu k\u0131sa vadeli kazan\u0131mlara bakarak iklim krizini g\u00f6rmezden gelmek olduk\u00e7a iyimser, hatta \u00e7ok tehlikeli olur\u201d uyar\u0131s\u0131nda bulundu.<\/strong><\/h1>\n<p style=\"text-align: center;\"><img loading=\"lazy\" class=\"aligncenter wp-image-116287\" src=\"https:\/\/www.enerjigazetesi.ist\/wp-content\/uploads\/2020\/07\/onumuzdeki-donemin-surdurulebilirlik-gundemini-artik-pandemi-belirliyor-2.jpg\" alt=\"\" width=\"650\" height=\"254\" srcset=\"https:\/\/www.enerjigazetesi.ist\/wp-content\/uploads\/2020\/07\/onumuzdeki-donemin-surdurulebilirlik-gundemini-artik-pandemi-belirliyor-2.jpg 1251w, https:\/\/www.enerjigazetesi.ist\/wp-content\/uploads\/2020\/07\/onumuzdeki-donemin-surdurulebilirlik-gundemini-artik-pandemi-belirliyor-2-300x117.jpg 300w, https:\/\/www.enerjigazetesi.ist\/wp-content\/uploads\/2020\/07\/onumuzdeki-donemin-surdurulebilirlik-gundemini-artik-pandemi-belirliyor-2-768x300.jpg 768w, https:\/\/www.enerjigazetesi.ist\/wp-content\/uploads\/2020\/07\/onumuzdeki-donemin-surdurulebilirlik-gundemini-artik-pandemi-belirliyor-2-1024x399.jpg 1024w, https:\/\/www.enerjigazetesi.ist\/wp-content\/uploads\/2020\/07\/onumuzdeki-donemin-surdurulebilirlik-gundemini-artik-pandemi-belirliyor-2-500x195.jpg 500w, https:\/\/www.enerjigazetesi.ist\/wp-content\/uploads\/2020\/07\/onumuzdeki-donemin-surdurulebilirlik-gundemini-artik-pandemi-belirliyor-2-80x31.jpg 80w\" sizes=\"(max-width: 650px) 100vw, 650px\" \/><\/p>\n<p><strong>\u0130\u015f D\u00fcnyas\u0131 ve S\u00fcrd\u00fcr\u00fclebilir Kalk\u0131nma Derne\u011fi (SKD T\u00fcrkiye)<\/strong> &#8220;Yeni D\u00f6nemde S\u00fcrd\u00fcr\u00fclebilirlik&#8221; konulu bir <strong>webinar<\/strong> ger\u00e7ekle\u015ftirdi. <strong>SKD T\u00fcrkiye\u2019<\/strong>nin \u00e7at\u0131 \u00f6rg\u00fct\u00fc <strong>D\u00fcnya S\u00fcrd\u00fcr\u00fclebilir Kalk\u0131nma \u0130\u015f Konseyi <\/strong>(World Business Council for Sustainable Development, WBCSD)<strong> Ba\u015fkan\u0131 ve CEO\u2019su Peter Bakker<\/strong>, <strong>webinar\u0131n<\/strong> a\u00e7\u0131l\u0131\u015f\u0131nda yapt\u0131\u011f\u0131 konu\u015fmada, \u201cPandemi ile sa\u011fl\u0131k konusunun ve tedarik sistemlerinin ne kadar hassas oldu\u011funa \u015fahit olduk\u201d dedi. D\u00fcnyan\u0131n uzun zamand\u0131r <strong>do\u011fal krizlere y\u00f6nelik<\/strong> uyar\u0131lar verdi\u011fine de\u011finen <strong>Bakker, <\/strong>\u015f\u00f6yle <span style=\"text-decoration: underline;\">konu\u015ftu:<\/span><\/p>\n<p>\u201c<strong>Daha s\u00fcrd\u00fcr\u00fclebilir bir d\u00fcny<\/strong>a i\u00e7in odaklan\u0131lmas\u0131 gereken <strong>3 temel konu<\/strong> var: <strong>iklim krizi, biyo\u00e7e\u015fitlilik kayb\u0131n\u0131n \u00f6nlenmesi<\/strong> ve <strong>sosyal e\u015fitsizliklerin ortadan kald\u0131r\u0131lmas\u0131<\/strong>. Bu \u00fc\u00e7 konu da birbiriyle ilgili. <strong>\u0130klim krizi<\/strong> \u00e7ok kritik ve acil aksiyon al\u0131nmas\u0131 gereken bir ger\u00e7ek. <strong>K\u00fcresel \u0131s\u0131nmay\u0131<\/strong> <em>1.5 derecede<\/em> s\u0131n\u0131rland\u0131rmak i\u00e7in <strong>2030\u2019a<\/strong> kadar <strong>karbon emisyonlar\u0131n\u0131<\/strong> her y\u0131l <strong>%7<\/strong> d\u00fc\u015f\u00fcrmeliyiz. D\u00fcnyan\u0131n yar\u0131s\u0131n\u0131n evde kald\u0131\u011f\u0131 <strong>pandemi<\/strong> sayesinde<strong> %8<\/strong> d\u00fc\u015f\u00fcrebildi\u011fimizi dikkate al\u0131nca bu hedefin ne kadar zor oldu\u011funu anl\u0131yoruz. <strong>Sistem de\u011fi\u015fiklikleri<\/strong>ne ve mevcut sistemlerin d\u00f6n\u00fc\u015ft\u00fcr\u00fclmesine odaklanmal\u0131y\u0131z. Bu sistemlerin ba\u015f\u0131ndaysa, <strong>d\u00fc\u015f\u00fck emisyon \u00fcreten enerji sistemi<\/strong>, lineer yerine <strong>d\u00f6ng\u00fcsel ekonomi sistemi<\/strong>, daha sa\u011fl\u0131kl\u0131 ve <strong>d\u00fc\u015f\u00fck emisyona<\/strong> sahip <strong>g\u0131da sistemi<\/strong>, <strong>emisyonsuz \u015fehirle\u015fme sistemi, i\u015fin gelece\u011fi<\/strong> ve <strong>\u00e7evresel<\/strong> ve<strong> sosyal etkilerin<\/strong> dikkate al\u0131nd\u0131\u011f\u0131 <strong>s\u00fcrd\u00fcr\u00fclebilir kalk\u0131nmay\u0131<\/strong> esas alan ekonomik sistemler geliyor.\u201d<\/p>\n<p><strong>Webinar<\/strong> kapsam\u0131nda <strong>Yekta KOPAN\u2019\u0131n<\/strong> moderat\u00f6rl\u00fc\u011f\u00fcnde ger\u00e7ekle\u015fen panele ise <strong>SKD T\u00fcrkiye<\/strong> Y\u00f6netim Kurulu \u00fcyeleri konu\u015fmac\u0131 olarak kat\u0131ld\u0131. <strong>\u201cPandeminin \u00d6n\u00fcm\u00fczdeki D\u00f6nemin S\u00fcrd\u00fcr\u00fclebilirlik G\u00fcndemine Etkileri<\/strong>\u201dnin ele al\u0131nd\u0131\u011f\u0131 panelde konu\u015fan SKD T\u00fcrkiye Y\u00f6netim Kurulu Ba\u015fkan\u0131 <strong>Ebru Dildar Edin,<\/strong> \u201cSKD T\u00fcrkiye olarak bizim de s\u0131kl\u0131kla vurgulad\u0131\u011f\u0131m\u0131z gibi, t\u00fcm olumsuz etkilerine ra\u011fmen, pandemi, bir\u00e7ok konuda <strong>fark\u0131ndal\u0131k olu\u015fmas\u0131<\/strong> ve <strong>icraata ge\u00e7ilmesi<\/strong> a\u00e7\u0131s\u0131ndan f\u0131rsatlar sunan bir d\u00f6nemdi\u201d dedi. Pandemi d\u00f6neminde do\u011fada meydana gelen olumlu de\u011fi\u015fimlerin g\u00fcndemde yer almaya devam etti\u011fine i\u015faret eden <strong>Ebru Dildar Edin, <\/strong>\u201cAncak bu k\u0131sa vadeli kazan\u0131mlara bakarak <strong>iklim krizi<\/strong>ni g\u00f6rmezden gelmek olduk\u00e7a iyimser, hatta \u00e7ok tehlikeli olur. Toparlanma d\u00f6neminde <strong>eski ekonomi modeli<\/strong>ne geri d\u00f6nme hatas\u0131na d\u00fc\u015fersek, aksiyon alma a\u00e7\u0131s\u0131ndan en az\u0131ndan <strong>2-3 y\u0131l<\/strong> kaybetmi\u015f olaca\u011f\u0131z\u201d uyar\u0131s\u0131nda bulundu.<strong> Edin<\/strong>, s\u00f6zlerine <span style=\"text-decoration: underline;\">\u015f\u00f6yle devam etti:<\/span><\/p>\n<p>\u201c\u015eunun alt\u0131n\u0131 tekrar \u00e7izmek istiyorum: \u015eu anda s\u0131cakl\u0131k art\u0131\u015f\u0131n\u0131 <strong>1,5 derecenin<\/strong> alt\u0131nda tutmak i\u00e7in sadece <strong>10 y\u0131l\u0131m\u0131z<\/strong> var ve her ge\u00e7en g\u00fcn bu zaman daral\u0131yor. <strong>2-3 y\u0131l<\/strong> daha vakit kaybedersek, atmam\u0131z gereken ad\u0131mlar \u00e7ok daha <strong>radikal<\/strong> ve <strong>zor<\/strong> olacak. Belki \u00e7o\u011fu i\u00e7in de <strong>\u00e7ok ge\u00e7 kalm\u0131\u015f<\/strong> ve<strong> aksiyon<\/strong> alamayacak durumda olaca\u011f\u0131z. <strong>COVID-19<\/strong> sonras\u0131nda, <strong>ekonomik, sosyal<\/strong> ve <strong>\u00e7evresel<\/strong> anlamda <strong>dayan\u0131kl\u0131 bir sistemin kurulmas\u0131<\/strong> bizlere ba\u011fl\u0131.\u201d<\/p>\n<p>S\u00fcrd\u00fcr\u00fclebilir yeni bir d\u00fczen i\u00e7in \u00f6n\u00fcm\u00fczdeki d\u00f6nemde <strong>SKD T\u00fcrkiye<\/strong>\u2019nin ajandas\u0131ndaki en \u00f6nemli konular\u0131 ise <span style=\"text-decoration: underline;\">\u015f\u00f6yle s\u0131ralad\u0131:<\/span><\/p>\n<p>\u201c<strong>D\u00f6ng\u00fcsel Ekonomi, Risk Y\u00f6netimi<\/strong> ve <strong>\u00d6l\u00e7me De\u011ferlendirme Sistemlerinin Olu\u015fturulmas\u0131<\/strong>; <em>\u0130\u015fin Gelece\u011fi Yakla\u015f\u0131m\u0131n\u0131n Benimsenmesi, Plastik Ayak \u0130zinin Azalt\u0131lmas\u0131 ve Tar\u0131msal \u00dcretimin Dayan\u0131kl\u0131l\u0131\u011f\u0131n\u0131n Artt\u0131r\u0131lmas\u0131<\/em>.\u201d<\/p>\n<h2><strong>\u0130NSAN ODA\u011eI VE DE\u011eER S\u0130STEMLER\u0130N\u0130N \u00d6NEM\u0130N\u0130N ALTI \u00c7\u0130Z\u0130LD\u0130, KAYNAKLARIN KISITLILI\u011eI HATIRLANDI<\/strong><\/h2>\n<p>Panele kat\u0131lan <strong>Unilever T\u00fcrkiye<\/strong>, Orta Asya ve \u0130ran Y\u00f6netim Kurulu Ba\u015fkan\u0131 <strong>Mustafa Se\u00e7kin<\/strong> pandeminin hat\u0131rlatt\u0131\u011f\u0131 ve kal\u0131c\u0131 oldu\u011funu d\u00fc\u015f\u00fcnd\u00fc\u011f\u00fc konular\u0131, \u201c<strong>\u0130nsan\u0131n oda\u011f\u0131<\/strong> ve <strong>de\u011fer sistemlerinin<\/strong> \u00f6neminin alt\u0131n\u0131n \u00e7izilmesi ve kaynaklar\u0131n sonsuz olmad\u0131\u011f\u0131n\u0131n hat\u0131rlanmas\u0131\u201d olarak s\u0131ralad\u0131. <strong>Se\u00e7kin<\/strong>, konu\u015fmas\u0131nda \u015funlar\u0131 s\u00f6yledi: \u201cBu d\u00f6nemde ilk refleksimiz bu <strong>vir\u00fcs kar\u015f\u0131s\u0131nda insanlar\u0131m\u0131z\u0131 korumak<\/strong> oldu. \u00d6nce sa\u011fl\u0131klar\u0131n\u0131, sonra <strong>i\u015f g\u00fcvenliklerini sa\u011flamak<\/strong>, ard\u0131ndan yapt\u0131klar\u0131<strong> i\u015ften mutlu olmalar\u0131n\u0131 sa\u011flamak<\/strong> gibi bir piramit olu\u015ftu. Bu piramidin bundan sonra kolay kolay de\u011fi\u015fmeyece\u011fini d\u00fc\u015f\u00fcn\u00fcyorum. <strong>COVID-19 d\u00f6nemi<\/strong> insan oda\u011f\u0131n\u0131n derinle\u015fmesini sa\u011flad\u0131. \u00d6zellikle i\u00e7inde bulundu\u011fumuz <strong>kapitalizmin<\/strong> hep daha \u00e7ok b\u00fcy\u00fcme sa\u011flayaca\u011f\u0131n\u0131 varsayard\u0131k. Ama art\u0131k t\u00fcketti\u011fimiz her \u015feyin bir de\u011feri oldu\u011funu anlad\u0131k. <strong>Kapitalizm i\u015fletmelere<\/strong> fayda sa\u011flar, fakat <strong>insanlar\u0131n<\/strong> ve <strong>gezegenimizin<\/strong> aleyhine \u00e7al\u0131\u015fan bir<strong> k\u00fcreselle\u015fme<\/strong> ve <strong>kapitalizm<\/strong> d\u00fczeni kimseye fayda sa\u011flamaz. Yerel f\u0131rsatlarla <strong>global f\u0131rsatlar\u0131n birle\u015ftirilmesi<\/strong> \u00f6n\u00fcm\u00fcze \u00e7\u0131k\u0131yor art\u0131k. \u00c7ok <strong>payda\u015fl\u0131 bir kapitalizm<\/strong> hayal ediliyor. Payda\u015flar art\u0131k sadece <strong>\u00e7al\u0131\u015fanlar, t\u00fcketiciler<\/strong> ve<strong> tedarik\u00e7iler<\/strong> de\u011fil, ayn\u0131 zamanda <strong>ya\u015fad\u0131\u011f\u0131m\u0131z toplum<\/strong> ve <strong>d\u00fcnya<\/strong>. <strong>Salg\u0131n \u00f6ncesi<\/strong> ve <strong>sonras\u0131n\u0131n<\/strong> farkl\u0131 olaca\u011f\u0131n\u0131 d\u00fc\u015f\u00fcn\u00fcyorum. <strong>Pandemi \u00f6ncesi<\/strong> s\u00fcrd\u00fcr\u00fclebilirlik konusunda do\u011fru yat\u0131r\u0131m yapanlar herkesten bir ad\u0131m \u00f6ne ge\u00e7ti,<strong> itibar<\/strong> ve <strong>g\u00fcven<\/strong> kazand\u0131. <strong>Yeni normali<\/strong> bug\u00fcnden g\u00f6r\u00fcp \u015fimdiden ad\u0131m atanlar da gelecekte kazanacaklar.\u201d<\/p>\n<h2><strong>\u00c7EV\u0130K VE PRAT\u0130K OLANLARIN \u00d6N PLANA \u00c7IKTI\u011eI B\u0130R S\u00dcRE\u00c7TEY\u0130Z<\/strong><\/h2>\n<p>Panelistlerden <strong>Vodafone T\u00fcrkiye<\/strong> \u0130cra Kurulu Ba\u015fkan Yard\u0131mc\u0131s\u0131 <strong>Hasan S\u00fcel<\/strong>, pandeminin beklenmedik <strong>h\u0131zla yay\u0131lan<\/strong> ve <strong>\u00e7ok bilinmeyen bir s\u00fcre\u00e7<\/strong> oldu\u011funu hat\u0131rlatarak, <span style=\"text-decoration: underline;\">\u015f\u00f6yle konu\u015ftu:<\/span><\/p>\n<p>\u201c<strong>\u00c7evik olan<\/strong>, daha <strong>h\u0131zl\u0131 hareket<\/strong> eden, <strong>pratik \u00e7\u00f6z\u00fcmler<\/strong> \u00fcreten \u015firketler, \u00fclkeler \u00f6ne \u00e7\u0131kt\u0131. Bir anlamda toplum olarak <strong>stres testinden<\/strong> ge\u00e7tik. <em>Al\u0131\u015fkanl\u0131klar\u0131m\u0131z\u0131n, ya\u015fam bi\u00e7imlerimizin, de\u011ferlerimizin<\/em> yeniden g\u00f6zden ge\u00e7irildi\u011fi bir s\u00fcre\u00e7teyiz. Yeni normallerin temel unsurlar\u0131ndan biri <strong>dijitalle\u015fme<\/strong>. Gelecekte <strong>dijitalle\u015fme<\/strong>de \u00e7ok daha h\u0131zl\u0131 ilerleme ya\u015fanaca\u011f\u0131n\u0131 d\u00fc\u015f\u00fcn\u00fcyoruz. Yeni normalde <strong>dijital ya\u015fam<\/strong> pratiklerinin \u00e7ok daha \u00e7e\u015fitlenip yayg\u0131nla\u015faca\u011f\u0131na inan\u0131yoruz. <strong>Dijitalle\u015fme<\/strong>, <strong>salg\u0131n sonras\u0131<\/strong> d\u00f6nemde de <strong>hayat\u0131n tutkal\u0131<\/strong> olmaya devam edecek.\u201d<\/p>\n<h2><strong>D\u00d6N\u00dc\u015e\u00dcM BA\u015eLAMI\u015eTI, PANDEM\u0130 BUNU HIZLANDIRDI<\/strong><\/h2>\n<p><strong>Sabanc\u0131 Holding<\/strong>, \u0130nsan Kaynaklar\u0131 ve S\u00fcrd\u00fcr\u00fclebilirlik Grup Ba\u015fkan\u0131 <strong>Hakan Timur <\/strong>da paneldeki konu\u015fmas\u0131nda, d\u00f6n\u00fc\u015f\u00fcm denilen s\u00fcrecin uzun s\u00fcredir ba\u015flad\u0131\u011f\u0131n\u0131 ve ka\u00e7\u0131n\u0131lmaz oldu\u011funu belirterek, pandeminin bu s\u00fcreci h\u0131zland\u0131rd\u0131\u011f\u0131n\u0131 s\u00f6yledi. <strong>Hakan Timur,<\/strong> \u201cD\u00f6n\u00fc\u015f\u00fcm\u00fc <strong>3 boyutta<\/strong> ele almak isterim. <strong>1&#8217;inci boyutu<\/strong>, d\u00fcnya genelinde <strong>ekonomik, politik, sosyal, jeopolitik bir d\u00f6n\u00fc\u015f\u00fcm<\/strong> var. \u00c7ok b\u00fcy\u00fck <strong>ekonomiler b\u00fcy\u00fck k\u0131r\u0131lmalar ya\u015fad\u0131lar, ya\u015famaya da devam<\/strong> ediyorlar. Globalle\u015fme, lokalle\u015fme, b\u00f6lgeselle\u015fme b\u00fct\u00fcn bu kavramlar tekrar de\u011ferlendiriliyor. 2&#8217;inci boyutta, <strong>\u015firketler ve i\u015f modelleri a\u00e7\u0131s\u0131ndan bir d\u00f6n\u00fc\u015f\u00fcm<\/strong> ya\u015fan\u0131yor. 10 y\u0131lda yapaca\u011f\u0131m\u0131z s\u00fcre\u00e7leri h\u0131zland\u0131rd\u0131k. <strong>Finansal hizmetlerde,perakende de, enerji de ve sanayi de<\/strong> h\u0131zl\u0131 bir <strong>dijital d\u00f6n\u00fc\u015f\u00fcm s\u00fcreci<\/strong> ya\u015f\u0131yoruz. \u0130\u015fin 3&#8217;\u00fcnc\u00fc boyutu ise <strong>\u00e7al\u0131\u015fanlar ve i\u015fin gelece\u011fiyle ilgili d\u00f6n\u00fc\u015f\u00fcm<\/strong>. Pandemi, <strong>s\u00fcrd\u00fcr\u00fclebilir bir d\u00fcnya i\u00e7in<\/strong> ya\u015fam\u0131n, ya\u015fam\u0131n devaml\u0131l\u0131\u011f\u0131 i\u00e7in de <strong>insan\u0131n de\u011fi\u015fmesi<\/strong> gerekti\u011fini g\u00f6sterdi. B\u00fct\u00fcn <strong>de\u011fi\u015fimleri y\u0131lmazl\u0131k<\/strong> ve <strong>\u00e7eviklikle ger\u00e7ekle\u015ftirmek<\/strong>, <strong>adapte olmaya devam<\/strong> etmek durumunday\u0131z\u201d dedi.<\/p>\n<p><strong>Yeni D\u00f6nemde S\u00fcrd\u00fcr\u00fclebilirlik<\/strong> webinar&#8217;\u0131n\u0131n canl\u0131 yay\u0131n kayd\u0131na <strong><a href=\"https:\/\/www.youtube.com\/channel\/UCsl3XuIVMJC57uSzQ8lFqxw\" target=\"_blank\" rel=\"nofollow noopener\">SKD T\u00fcrkiye<\/a><\/strong> <em>youtube hesab\u0131ndan<\/em> ula\u015fabilirsiniz.<\/p>","protected":false},"excerpt":{"rendered":"<p>Sorry, this entry is only available in Turkish. For the sake of viewer convenience, the content is shown below in the alternative language. You may click the link to switch the active language. D\u00fcnya S\u00fcrd\u00fcr\u00fclebilir Kalk\u0131nma \u0130\u015f Konseyi (WBCSD) Ba\u015fkan\u0131 ve CEO\u2019su Peter Bakker, SKD T\u00fcrkiye\u2019nin d\u00fczenledi\u011fi \u201cYeni D\u00f6nemde S\u00fcrd\u00fcr\u00fclebilirlik\u201d webinar\u0131n\u0131n a\u00e7\u0131l\u0131\u015f\u0131nda yapt\u0131\u011f\u0131 konu\u015fmada, \u201cSistemsel [&hellip;]<\/p>\n","protected":false},"author":1,"featured_media":116288,"comment_status":"open","ping_status":"open","sticky":false,"template":"","format":"standard","meta":[],"categories":[51,53,52],"tags":[74929,71427,72269,74931,74594,74596,74932,23216,52259,52537,36901,53412,53407,74928,50401,71648,74595,37993,74930,57125,74927,37032,65918,13239,11560,2759,65956,74597],"views":263,"_links":{"self":[{"href":"https:\/\/www.enerjigazetesi.ist\/en\/wp-json\/wp\/v2\/posts\/116284"}],"collection":[{"href":"https:\/\/www.enerjigazetesi.ist\/en\/wp-json\/wp\/v2\/posts"}],"about":[{"href":"https:\/\/www.enerjigazetesi.ist\/en\/wp-json\/wp\/v2\/types\/post"}],"author":[{"embeddable":true,"href":"https:\/\/www.enerjigazetesi.ist\/en\/wp-json\/wp\/v2\/users\/1"}],"replies":[{"embeddable":true,"href":"https:\/\/www.enerjigazetesi.ist\/en\/wp-json\/wp\/v2\/comments?post=116284"}],"version-history":[{"count":0,"href":"https:\/\/www.enerjigazetesi.ist\/en\/wp-json\/wp\/v2\/posts\/116284\/revisions"}],"wp:featuredmedia":[{"embeddable":true,"href":"https:\/\/www.enerjigazetesi.ist\/en\/wp-json\/wp\/v2\/media\/116288"}],"wp:attachment":[{"href":"https:\/\/www.enerjigazetesi.ist\/en\/wp-json\/wp\/v2\/media?parent=116284"}],"wp:term":[{"taxonomy":"category","embeddable":true,"href":"https:\/\/www.enerjigazetesi.ist\/en\/wp-json\/wp\/v2\/categories?post=116284"},{"taxonomy":"post_tag","embeddable":true,"href":"https:\/\/www.enerjigazetesi.ist\/en\/wp-json\/wp\/v2\/tags?post=116284"}],"curies":[{"name":"wp","href":"https:\/\/api.w.org\/{rel}","templated":true}]}}