{"id":116178,"date":"2020-06-30T11:21:45","date_gmt":"2020-06-30T08:21:45","guid":{"rendered":"https:\/\/www.enerjigazetesi.ist\/?p=116178"},"modified":"2020-06-30T11:23:20","modified_gmt":"2020-06-30T08:23:20","slug":"omv-ve-bayindir-saglik-grubundan-enerji-verimliligi-is-birligi-anlasmasi","status":"publish","type":"post","link":"https:\/\/www.enerjigazetesi.ist\/en\/omv-ve-bayindir-saglik-grubundan-enerji-verimliligi-is-birligi-anlasmasi\/","title":{"rendered":"(Turkish) &#8217;OMV ve Bay\u0131nd\u0131r Sa\u011fl\u0131k Grubu&#8217;ndan Enerji Verimlili\u011fi \u0130\u015f Birli\u011fi Anla\u015fmas\u0131!"},"content":{"rendered":"<p class=\"qtranxs-available-languages-message qtranxs-available-languages-message-en\">Sorry, this entry is only available in <a href=\"https:\/\/www.enerjigazetesi.ist\/tr\/wp-json\/wp\/v2\/posts\/116178\" class=\"qtranxs-available-language-link qtranxs-available-language-link-tr\" title=\"Turkish\">Turkish<\/a>. For the sake of viewer convenience, the content is shown below in the alternative language. You may click the link to switch the active language.<\/p><p><\/p>\n<h1>Enerji sekt\u00f6r\u00fcn\u00fcn \u00f6nc\u00fc \u015firketlerinden OMV, T\u00fcrkiye \u0130\u015f Bankas\u0131 \u0130\u015ftiraki Bay\u0131nd\u0131r Sa\u011fl\u0131k Grubu ile T\u00fcrkiye enerji ve sa\u011fl\u0131k sekt\u00f6rlerinde ilk birle\u015fik Elektrik Tedari\u011fi ve Enerji Hizmetleri S\u00f6zle\u015fmesine imza att\u0131. Yap\u0131lan anla\u015fma kapsam\u0131nda Bay\u0131nd\u0131r Sa\u011fl\u0131k Grubu\u2019nun enerji verimlili\u011finde optimizasyon sa\u011flanarak, grubun y\u0131lda 1,3 milyon kWh elektrik enerjisi tasarrufu ile 1.7 milyon TL\u2019lik b\u00fct\u00e7e tasarrufu yapmas\u0131 planlan\u0131yor.<\/h1>\n<p>OMV, h\u0131zla <strong>de\u011fi\u015fen ihtiya\u00e7lara<\/strong> ve<strong> farkl\u0131la\u015fan taleplere<\/strong> \u00e7\u00f6z\u00fcm \u00fcretecek <strong>yenilik\u00e7i<\/strong> ve <strong>s\u00fcrd\u00fcr\u00fclebilir \u00fcr\u00fcnleri<\/strong> ile t\u00fcm sekt\u00f6rlere y\u00f6nelik hizmetlerini geli\u015ftirmeye devam ediyor. OMV, bu <strong><img loading=\"lazy\" class=\"alignright wp-image-116181\" src=\"https:\/\/www.enerjigazetesi.ist\/wp-content\/uploads\/2020\/06\/omv-ve-bayindir-saglik-grubundan-enerji-verimliligi-is-birligi-sozlesmesi-2.jpg\" alt=\"\" width=\"320\" height=\"236\" srcset=\"https:\/\/www.enerjigazetesi.ist\/wp-content\/uploads\/2020\/06\/omv-ve-bayindir-saglik-grubundan-enerji-verimliligi-is-birligi-sozlesmesi-2.jpg 662w, https:\/\/www.enerjigazetesi.ist\/wp-content\/uploads\/2020\/06\/omv-ve-bayindir-saglik-grubundan-enerji-verimliligi-is-birligi-sozlesmesi-2-300x221.jpg 300w, https:\/\/www.enerjigazetesi.ist\/wp-content\/uploads\/2020\/06\/omv-ve-bayindir-saglik-grubundan-enerji-verimliligi-is-birligi-sozlesmesi-2-500x369.jpg 500w, https:\/\/www.enerjigazetesi.ist\/wp-content\/uploads\/2020\/06\/omv-ve-bayindir-saglik-grubundan-enerji-verimliligi-is-birligi-sozlesmesi-2-68x50.jpg 68w\" sizes=\"(max-width: 320px) 100vw, 320px\" \/><\/strong>\u00e7al\u0131\u015fmalar\u0131 kapsam\u0131nda sa\u011fl\u0131k sekt\u00f6r\u00fcn\u00fcn \u00f6nde gelen kurumlar\u0131ndan <strong>Bay\u0131nd\u0131r Sa\u011fl\u0131k Grubu<\/strong>\u2019na sundu\u011fu <strong>hizmet paketi<\/strong> ile T\u00fcrkiye\u2019de bir ilke imza att\u0131. <strong>Enerji tedari\u011fi<\/strong> ile birlikte <strong>enerji optimizasyonuna<\/strong> y\u00f6nelik T\u00fcrkiye\u2019deki ilk \u00e7al\u0131\u015fma olan bu proje ile <strong>Bay\u0131nd\u0131r Sa\u011fl\u0131k Grubu<\/strong>\u2019nun enerji tedari\u011finde yenilik\u00e7i \u00e7\u00f6z\u00fcmler sunularak <strong>enerji t\u00fcketiminde verimlilik<\/strong> sa\u011flanacak. Bay\u0131nd\u0131r Sa\u011fl\u0131k Grubu\u2019nun <strong>enerji t\u00fcketimini iklim, saat gibi<\/strong> \u00e7e\u015fitli parametrelere g\u00f6re y\u00f6neterek <strong>azami verimlilik sunma<\/strong>y\u0131 taahh\u00fct eden OMV, bu \u00e7al\u0131\u015fma ile <strong>Bay\u0131nd\u0131r Sa\u011fl\u0131k Grubu<\/strong>\u2019na y\u0131lda<strong> 1,3 milyon kWh<\/strong> <strong>elektrik enerjisi tasarrufu<\/strong> ve <strong>1.7 milyon TL<\/strong>\u2019lik b\u00fct\u00e7e tasarrufu sunmay\u0131 hedefliyor.<\/p>\n<p><strong>OMV<\/strong> taraf\u0131ndan yap\u0131lan <strong>yat\u0131r\u0131m<\/strong> ile <strong>proje kapsam\u0131nda<\/strong> <em>elektrik t\u00fcketiminde verimlili\u011fin art\u0131r\u0131lmas\u0131<\/em> i\u00e7in gruba ba\u011fl\u0131 hastanelerde kullan\u0131lan<strong> so\u011futma sistemi, yeni nesil y\u00fcksek verimli \u00fcr\u00fcnler<\/strong> ile de\u011fi\u015ftirilmi\u015ftir. Bay\u0131nd\u0131r Sa\u011fl\u0131k Grubu\u2019nun <strong>enerji sistemi bak\u0131m faaliyetleri<\/strong>ni y\u00fcr\u00fctecek olan <strong>OMV<\/strong> ayr\u0131ca proje kapsam\u0131nda sistemin se\u00e7ilmesi, <strong>elektrik tedariki, sahaya ula\u015ft\u0131r\u0131lmas\u0131, kurulmas\u0131<\/strong> ve <strong><img loading=\"lazy\" class=\"alignleft wp-image-116180\" src=\"https:\/\/www.enerjigazetesi.ist\/wp-content\/uploads\/2020\/06\/omv-ve-bayindir-saglik-grubundan-enerji-verimliligi-is-birligi-sozlesmesi-1.jpg\" alt=\"\" width=\"320\" height=\"329\" srcset=\"https:\/\/www.enerjigazetesi.ist\/wp-content\/uploads\/2020\/06\/omv-ve-bayindir-saglik-grubundan-enerji-verimliligi-is-birligi-sozlesmesi-1.jpg 475w, https:\/\/www.enerjigazetesi.ist\/wp-content\/uploads\/2020\/06\/omv-ve-bayindir-saglik-grubundan-enerji-verimliligi-is-birligi-sozlesmesi-1-292x300.jpg 292w, https:\/\/www.enerjigazetesi.ist\/wp-content\/uploads\/2020\/06\/omv-ve-bayindir-saglik-grubundan-enerji-verimliligi-is-birligi-sozlesmesi-1-389x400.jpg 389w, https:\/\/www.enerjigazetesi.ist\/wp-content\/uploads\/2020\/06\/omv-ve-bayindir-saglik-grubundan-enerji-verimliligi-is-birligi-sozlesmesi-1-49x50.jpg 49w\" sizes=\"(max-width: 320px) 100vw, 320px\" \/><\/strong><strong>devreye al\u0131nmas\u0131<\/strong> a\u015famalar\u0131ndan da sorumlu olacak.<\/p>\n<p><strong>Bay\u0131nd\u0131r Sa\u011fl\u0131k Grubu<\/strong> ile yapt\u0131klar\u0131 anla\u015fma ile hem <strong>enerji<\/strong> hem de <strong>sa\u011fl\u0131k sekt\u00f6rleri<\/strong>nde bir ilke imza atmaktan dolay\u0131 mutluluk duyduklar\u0131n\u0131 ifade eden OMV T\u00fcrkiye Genel M\u00fcd\u00fcr\u00fc <strong>Serkan Hoto\u011flu<\/strong> konuya ili\u015fkin olarak <em>\u201c<strong>OMV T\u00fcrkiye<\/strong> olarak enerji sekt\u00f6r\u00fcn\u00fcn dinamiklerini yak\u0131ndan takip ediyor ve sekt\u00f6r\u00fcn geli\u015fmesi i\u00e7in \u00e7al\u0131\u015fmalar\u0131m\u0131z\u0131 s\u00fcrd\u00fcr\u00fcyoruz. <strong>Enerji y\u00f6netimi<\/strong>nin gelecekte \u00e7ok daha fazla \u00f6nem kazanaca\u011f\u0131n\u0131 ve bu vizyonla yat\u0131r\u0131m yapan \u015firketlerin de \u00f6ne \u00e7\u0131kaca\u011f\u0131n\u0131 \u00f6ng\u00f6r\u00fcyoruz. Bu anlamda pazar\u0131n ve m\u00fc\u015fterilerimizin ihtiya\u00e7lar\u0131na y\u00f6nelik olarak geli\u015ftirdi\u011fimiz bu <strong>enerji verimlili\u011fi projesi<\/strong>yle Bay\u0131nd\u0131r Sa\u011fl\u0131k Grubu\u2019na enerji verimlili\u011fi alan\u0131nda \u00f6nemli katk\u0131lar sa\u011flayaca\u011f\u0131m\u0131za ve <strong>ileride yeni projelerle<\/strong> i\u015f birli\u011fimizi geni\u015fletece\u011fimize inan\u0131yoruz\u201d <\/em>dedi.<\/p>\n<p><strong>Bay\u0131nd\u0131r Sa\u011fl\u0131k Grubu Genel M\u00fcd\u00fcr\u00fc Sezai Sevgin<\/strong> ise OMV ile imzalad\u0131klar\u0131 anla\u015fmayla ilgili \u201c<strong>Bay\u0131nd\u0131r Sa\u011fl\u0131k Grubu<\/strong>\u2019nda, <strong>T\u0131bbi Etik ve Kalite<\/strong>\u2019den taviz vermeksizin geli\u015ftirdi\u011fimiz, <strong>Ticari Eti\u011fi<\/strong> de g\u00f6z ard\u0131 etmedi\u011fimiz <strong>hasta odakl\u0131, g\u00fcvenilir ve kan\u0131ta dayal\u0131 t\u0131bb\u0131n gerektirdi\u011fi<\/strong> en son <strong>bilgi ve teknolojiyi kullanarak<\/strong> s\u00fcrd\u00fcrd\u00fc\u011f\u00fcm\u00fcz hizmetlerimizde <strong>teknolojik geli\u015fmeleri<\/strong> \u00e7ok yak\u0131ndan takip ediyoruz.<strong> Stratejik hedeflerimiz<\/strong> ve <strong>\u00f6nceliklerimiz<\/strong> kapsam\u0131nda,<strong> i\u00e7selle\u015ftirilmi\u015f, g\u00f6n\u00fcll\u00fc<\/strong> ve <strong>samimi \u00e7al\u0131\u015fma tarz\u0131m\u0131zla<\/strong> misafirlerimiz olarak g\u00f6rd\u00fc\u011f\u00fcm\u00fcz hastalar\u0131m\u0131za en iyi deneyimi ya\u015fatma anlay\u0131\u015f\u0131m\u0131z\u0131n yan\u0131 s\u0131ra, <strong>giderlerimizin optimize edilmesi,<\/strong> <strong>varl\u0131k verimlili\u011finin sa\u011flanmas\u0131<\/strong>, <strong>operasyonel etkinli\u011fe ula\u015f\u0131lmas\u0131 <\/strong>kapsam\u0131nda teknolojiden de yararlan\u0131yoruz. OMV ile yapt\u0131\u011f\u0131m\u0131z ve uyum i\u00e7erisinde ger\u00e7ekle\u015ftirdi\u011fimiz bu anla\u015fmay\u0131 <strong>verimlilik a\u00e7\u0131s\u0131ndan<\/strong> \u00f6nemsiyoruz. <strong>Enerji tasarrufu<\/strong> kapsam\u0131nda ele ald\u0131\u011f\u0131m\u0131z bu projeyi ba\u015fka projeler de takip edecektir. <strong>Ola\u011fand\u0131\u015f\u0131 g\u00fcnler<\/strong> ya\u015fad\u0131\u011f\u0131m\u0131z bu <strong>pandemi d\u00f6nemini<\/strong> de, <strong>tedbirleri hassasiyetle uygulayarak<\/strong> hep birlikte a\u015faca\u011f\u0131z \u201d dedi.<\/p>","protected":false},"excerpt":{"rendered":"<p>Sorry, this entry is only available in Turkish. For the sake of viewer convenience, the content is shown below in the alternative language. You may click the link to switch the active language. Enerji sekt\u00f6r\u00fcn\u00fcn \u00f6nc\u00fc \u015firketlerinden OMV, T\u00fcrkiye \u0130\u015f Bankas\u0131 \u0130\u015ftiraki Bay\u0131nd\u0131r Sa\u011fl\u0131k Grubu ile T\u00fcrkiye enerji ve sa\u011fl\u0131k sekt\u00f6rlerinde ilk birle\u015fik Elektrik Tedari\u011fi [&hellip;]<\/p>\n","protected":false},"author":1,"featured_media":116183,"comment_status":"open","ping_status":"open","sticky":false,"template":"","format":"standard","meta":[],"categories":[51,53,52],"tags":[74813,53114,74816,74821,74814,52259,35423,49436,74817,74820,26559,58103,74815,154,74818,74819,35322],"views":202,"_links":{"self":[{"href":"https:\/\/www.enerjigazetesi.ist\/en\/wp-json\/wp\/v2\/posts\/116178"}],"collection":[{"href":"https:\/\/www.enerjigazetesi.ist\/en\/wp-json\/wp\/v2\/posts"}],"about":[{"href":"https:\/\/www.enerjigazetesi.ist\/en\/wp-json\/wp\/v2\/types\/post"}],"author":[{"embeddable":true,"href":"https:\/\/www.enerjigazetesi.ist\/en\/wp-json\/wp\/v2\/users\/1"}],"replies":[{"embeddable":true,"href":"https:\/\/www.enerjigazetesi.ist\/en\/wp-json\/wp\/v2\/comments?post=116178"}],"version-history":[{"count":0,"href":"https:\/\/www.enerjigazetesi.ist\/en\/wp-json\/wp\/v2\/posts\/116178\/revisions"}],"wp:featuredmedia":[{"embeddable":true,"href":"https:\/\/www.enerjigazetesi.ist\/en\/wp-json\/wp\/v2\/media\/116183"}],"wp:attachment":[{"href":"https:\/\/www.enerjigazetesi.ist\/en\/wp-json\/wp\/v2\/media?parent=116178"}],"wp:term":[{"taxonomy":"category","embeddable":true,"href":"https:\/\/www.enerjigazetesi.ist\/en\/wp-json\/wp\/v2\/categories?post=116178"},{"taxonomy":"post_tag","embeddable":true,"href":"https:\/\/www.enerjigazetesi.ist\/en\/wp-json\/wp\/v2\/tags?post=116178"}],"curies":[{"name":"wp","href":"https:\/\/api.w.org\/{rel}","templated":true}]}}