{"id":116115,"date":"2020-06-29T11:38:03","date_gmt":"2020-06-29T08:38:03","guid":{"rendered":"https:\/\/www.enerjigazetesi.ist\/?p=116115"},"modified":"2020-06-29T12:16:10","modified_gmt":"2020-06-29T09:16:10","slug":"ingiltere-de-ihracat-ussu-kuran-teksan-amps-dernegi-nin-yonetim-kurulunda","status":"publish","type":"post","link":"https:\/\/www.enerjigazetesi.ist\/en\/ingiltere-de-ihracat-ussu-kuran-teksan-amps-dernegi-nin-yonetim-kurulunda\/","title":{"rendered":"(Turkish) \u0130ngiltere\u2019de \u0130hracat \u00dcss\u00fc Kuran Teksan AMPS Derne\u011fi Y\u00f6netim Kurulunda!"},"content":{"rendered":"<p class=\"qtranxs-available-languages-message qtranxs-available-languages-message-en\">Sorry, this entry is only available in <a href=\"https:\/\/www.enerjigazetesi.ist\/tr\/wp-json\/wp\/v2\/posts\/116115\" class=\"qtranxs-available-language-link qtranxs-available-language-link-tr\" title=\"Turkish\">Turkish<\/a>. For the sake of viewer convenience, the content is shown below in the alternative language. You may click the link to switch the active language.<\/p><p><\/p>\n<h1><strong>Enerji \u00e7\u00f6z\u00fcmleri sekt\u00f6r\u00fcnde \u00fcretim kalitesi ve inovatif yakla\u015f\u0131m\u0131yla farkl\u0131la\u015fan Teksan, yurtd\u0131\u015f\u0131nda da h\u0131zla b\u00fcy\u00fcyor. Global pazarda \u00fcr\u00fcnlerini 130\u2019dan fazla \u00fclkeye ihra\u00e7 eden firma, 2019 sonunda \u0130ngiltere\u2019de ilk yurt d\u0131\u015f\u0131 ofis ve deposunu a\u00e7t\u0131. Bundan k\u0131sa bir s\u00fcre sonra da \u0130ngiltere\u2019deki jenerat\u00f6r \u00fcreticileri ve tedarik\u00e7ilerinin \u00e7at\u0131 kurulu\u015fu olan AMPS\u2019nin (Enerji Sistemleri \u00dcreticileri ve Tedarik\u00e7ileri Derne\u011fi) Y\u00f6netim Kurulu \u00dcyeleri aras\u0131na kat\u0131ld\u0131.<\/strong><\/h1>\n<p><strong>\u0130stanbul<\/strong> ve <strong>Kocaeli\u2019nde<\/strong> bulunan <strong>2 fabrikas\u0131nda<\/strong> y\u0131ll\u0131k <strong>15 bin adet<\/strong> \u00fczerinde \u00fcretim kapasitesine sahip <strong>Teksan<\/strong>, T\u00fcrkiye\u2019ye yat\u0131r\u0131m yapmaya devam ederken <strong>yurtd\u0131\u015f\u0131ndaki g\u00fcc\u00fcn\u00fc<\/strong> de art\u0131r\u0131yor. \u00dcretiminin <strong>% 70<\/strong>\u2019ini ihra\u00e7 eden Teksan, <strong>Gr\u00f6nland<\/strong>\u2019dan <strong>Yeni Zelanda<\/strong>\u2019ya kadar \u00e7ok geni\u015f bir co\u011frafyada <strong>130\u2019dan fazla \u00fclkede<\/strong> hizmet veriyor. \u0130lk yurtd\u0131\u015f\u0131 <strong>sat\u0131\u015f ofisi<\/strong> ve <strong>deposunu<\/strong> <em>2019 y\u0131l\u0131n\u0131n <img loading=\"lazy\" class=\"alignright wp-image-116117\" src=\"https:\/\/www.enerjigazetesi.ist\/wp-content\/uploads\/2020\/06\/ingiltere-de-ihracat-ussu-kuran-teksan-amps-dernegi-nin-yonetim-kurulunda.jpg\" alt=\"\" width=\"320\" height=\"359\" srcset=\"https:\/\/www.enerjigazetesi.ist\/wp-content\/uploads\/2020\/06\/ingiltere-de-ihracat-ussu-kuran-teksan-amps-dernegi-nin-yonetim-kurulunda.jpg 435w, https:\/\/www.enerjigazetesi.ist\/wp-content\/uploads\/2020\/06\/ingiltere-de-ihracat-ussu-kuran-teksan-amps-dernegi-nin-yonetim-kurulunda-267x300.jpg 267w, https:\/\/www.enerjigazetesi.ist\/wp-content\/uploads\/2020\/06\/ingiltere-de-ihracat-ussu-kuran-teksan-amps-dernegi-nin-yonetim-kurulunda-357x400.jpg 357w, https:\/\/www.enerjigazetesi.ist\/wp-content\/uploads\/2020\/06\/ingiltere-de-ihracat-ussu-kuran-teksan-amps-dernegi-nin-yonetim-kurulunda-45x50.jpg 45w\" sizes=\"(max-width: 320px) 100vw, 320px\" \/>sonunda<\/em> \u0130ngiltere\u2019de a\u00e7an Teksan, d\u00fcnyan\u0131n \u00f6nde gelen<strong> jenerat\u00f6r ve g\u00fc\u00e7 sistemleri \u00fcreticilerinin<\/strong> yan\u0131 s\u0131ra yine sekt\u00f6rle ilgili firmalar\u0131 \u00e7at\u0131s\u0131 alt\u0131nda bulu\u015fturan <strong>AMPS<\/strong>\u2019nin <strong>(The Association of Manufacturers and suppliers of Power Systems and ancillary equipment) <\/strong>Y\u00f6netim Kurulu \u00dcyeleri aras\u0131na kat\u0131larak <strong>T\u00fcrkiye\u2019yi<\/strong> bu \u00fclkede temsil ediyor.<\/p>\n<p>\u0130ngiltere\u2019de <strong>jenerat\u00f6r<\/strong> ve <strong>g\u00fc\u00e7 sistemleri sekt\u00f6r\u00fc<\/strong>n\u00fcn geli\u015fimi, <strong>global pazara a\u00e7\u0131l\u0131m\u0131<\/strong> konusunda \u00e7al\u0131\u015fmalar y\u00fcr\u00fcten <strong>AMPS Derne\u011fi<\/strong>, 1989 y\u0131l\u0131nda kuruldu. <strong>Jenerat\u00f6r \u00fcreticileri, tedarik\u00e7iler<\/strong> ve <strong>distrib\u00fct\u00f6rler, servis sa\u011flay\u0131c\u0131lar, kiralama \u015firketleri<\/strong> ve <strong>sekt\u00f6rle<\/strong> ilgili di\u011fer firmalar \u00fcyeleri aras\u0131nda yer al\u0131yor. K\u00fcresel \u015firketlerden <strong>mikro i\u015fletmelere kadar<\/strong> pek \u00e7ok \u00fcyesi bulunan <strong>AMPS<\/strong>, sekt\u00f6r\u00fcn geli\u015fimine katk\u0131 sa\u011flayacak \u00e7al\u0131\u015fmalar\u0131n yan\u0131 s\u0131ra \u00fcyelerine <strong>teknik rehberlik, dan\u0131\u015fmanl\u0131k, lobi deste\u011fi ve network olana\u011f\u0131<\/strong> sa\u011fl\u0131yor.<\/p>\n<p>T\u00fcrkiye kesintisiz g\u00fc\u00e7 sistemleri sekt\u00f6r\u00fcn\u00fc, <strong>\u0130ngiltere\u2019de<\/strong> temsil etmekten dolay\u0131 gurur duyduklar\u0131n\u0131 belirten <strong>Teksan Pazarlamadan Sorumlu Y\u00f6netim Kurulu \u00dcyesi Ebru Ata Tuncer<\/strong> \u015funlar\u0131 s\u00f6yledi: \u201c\u00c7eyrek as\u0131rdan fazla zamand\u0131r sadece T\u00fcrkiye\u2019de de\u011fil ihracat yapt\u0131\u011f\u0131m\u0131z t\u00fcm \u00fclkelerde g\u00fcvenilir g\u00fcc\u00fcn ad\u0131 olmaya devam ediyoruz. <strong>G\u00fc\u00e7l\u00fc bir T\u00fcrk markas\u0131<\/strong> olarak her ge\u00e7en g\u00fcn d\u00fcnyada daha fazla tercih ediliyor olmaktan gurur duyuyoruz. Ge\u00e7en y\u0131l\u0131n sonunda \u0130ngiltere\u2019de a\u00e7t\u0131\u011f\u0131m\u0131z <strong>Teksan UK<\/strong> ofisimiz ile g\u00fczel i\u015flere imza att\u0131k. <strong>Jenerat\u00f6r<\/strong> ve <strong>enerji \u00e7\u00f6z\u00fcmleri sekt\u00f6r\u00fc<\/strong>n\u00fcn <strong>\u0130ngiltere\u2019deki<\/strong> temsilcisi olan <strong>AMPS Derne\u011fi\u2019nin<\/strong> Y\u00f6netim Kurulu \u00fcyeleri aras\u0131nda yer almaktan mutluluk duyuyoruz. Bu \u00fcyelikle <strong>\u0130ngiltere ve Avrupa genelinde<\/strong> ya\u015fanan geli\u015fmeleri, yeni reg\u00fclasyonlar\u0131 yak\u0131ndan takip etme olana\u011f\u0131na kavu\u015ftuk. Sekt\u00f6rle ilgili konularda karar vericilerden biri olmak a\u00e7\u0131s\u0131ndan da \u00f6nemli bir ad\u0131m olarak de\u011ferlendiriyoruz. <strong>AMPS Derne\u011fi<\/strong>, Kurucu \u00dcyeleri aras\u0131nda yer ald\u0131\u011f\u0131 <strong>Europgen<\/strong> ile <strong>Avrupa Birli\u011fi Parlamentosu<\/strong> ve <strong>Komisyonu\u2019nda<\/strong> da temsil g\u00fcc\u00fcne sahip.\u201d<\/p>","protected":false},"excerpt":{"rendered":"<p>Sorry, this entry is only available in Turkish. For the sake of viewer convenience, the content is shown below in the alternative language. You may click the link to switch the active language. Enerji \u00e7\u00f6z\u00fcmleri sekt\u00f6r\u00fcnde \u00fcretim kalitesi ve inovatif yakla\u015f\u0131m\u0131yla farkl\u0131la\u015fan Teksan, yurtd\u0131\u015f\u0131nda da h\u0131zla b\u00fcy\u00fcyor. Global pazarda \u00fcr\u00fcnlerini 130\u2019dan fazla \u00fclkeye ihra\u00e7 eden [&hellip;]<\/p>\n","protected":false},"author":1,"featured_media":116117,"comment_status":"open","ping_status":"open","sticky":false,"template":"","format":"standard","meta":[],"categories":[51,53],"tags":[74740,74744,74745,74749,48540,52674,74746,52259,74748,74750,40450,1092,63984,74747,74743,74742,27518,74739,74741,60664,39264,37131],"views":61,"_links":{"self":[{"href":"https:\/\/www.enerjigazetesi.ist\/en\/wp-json\/wp\/v2\/posts\/116115"}],"collection":[{"href":"https:\/\/www.enerjigazetesi.ist\/en\/wp-json\/wp\/v2\/posts"}],"about":[{"href":"https:\/\/www.enerjigazetesi.ist\/en\/wp-json\/wp\/v2\/types\/post"}],"author":[{"embeddable":true,"href":"https:\/\/www.enerjigazetesi.ist\/en\/wp-json\/wp\/v2\/users\/1"}],"replies":[{"embeddable":true,"href":"https:\/\/www.enerjigazetesi.ist\/en\/wp-json\/wp\/v2\/comments?post=116115"}],"version-history":[{"count":0,"href":"https:\/\/www.enerjigazetesi.ist\/en\/wp-json\/wp\/v2\/posts\/116115\/revisions"}],"wp:featuredmedia":[{"embeddable":true,"href":"https:\/\/www.enerjigazetesi.ist\/en\/wp-json\/wp\/v2\/media\/116117"}],"wp:attachment":[{"href":"https:\/\/www.enerjigazetesi.ist\/en\/wp-json\/wp\/v2\/media?parent=116115"}],"wp:term":[{"taxonomy":"category","embeddable":true,"href":"https:\/\/www.enerjigazetesi.ist\/en\/wp-json\/wp\/v2\/categories?post=116115"},{"taxonomy":"post_tag","embeddable":true,"href":"https:\/\/www.enerjigazetesi.ist\/en\/wp-json\/wp\/v2\/tags?post=116115"}],"curies":[{"name":"wp","href":"https:\/\/api.w.org\/{rel}","templated":true}]}}