{"id":116094,"date":"2020-06-29T09:21:44","date_gmt":"2020-06-29T06:21:44","guid":{"rendered":"https:\/\/www.enerjigazetesi.ist\/?p=116094"},"modified":"2020-06-29T11:15:06","modified_gmt":"2020-06-29T08:15:06","slug":"ruzgar-enerjisi-teknisyenleri-ab-standartlarinda-egitim-aliyor","status":"publish","type":"post","link":"https:\/\/www.enerjigazetesi.ist\/en\/ruzgar-enerjisi-teknisyenleri-ab-standartlarinda-egitim-aliyor\/","title":{"rendered":"(Turkish) R\u00fczgar Enerjisi Teknisyenleri AB Standard\u0131nda E\u011fitim Al\u0131yor"},"content":{"rendered":"<p class=\"qtranxs-available-languages-message qtranxs-available-languages-message-en\">Sorry, this entry is only available in <a href=\"https:\/\/www.enerjigazetesi.ist\/tr\/wp-json\/wp\/v2\/posts\/116094\" class=\"qtranxs-available-language-link qtranxs-available-language-link-tr\" title=\"Turkish\">Turkish<\/a>. For the sake of viewer convenience, the content is shown below in the alternative language. You may click the link to switch the active language.<\/p><p><\/p>\n<h1><strong>R\u00fczgar enerjisinden \u00fcretilen elektrik enerjisi, T\u00fcrkiye\u2019nin ihtiyac\u0131n\u0131n yakla\u015f\u0131k %8\u2019ini kar\u015f\u0131l\u0131yor. T\u00fcrkiye\u2019deki r\u00fczgar t\u00fcrbinlerinin verimlili\u011fi de \u00fcretilen elektrik miktar\u0131nda b\u00fcy\u00fck \u00f6neme sahip oluyor. R\u00fczgar t\u00fcrbinlerinin bak\u0131m ve onar\u0131mlar\u0131nda b\u00fcy\u00fck pay\u0131 ise alan\u0131nda uzman r\u00fczgar t\u00fcrbini teknisyenlerine bor\u00e7lu olundu\u011funu aktaran \u00dclke Enerji Genel M\u00fcd\u00fcr\u00fc Ali Ayd\u0131n, yerli r\u00fczgar t\u00fcrbini teknisyenlerinin istihdam\u0131 ve e\u011fitimlerinin b\u00fcy\u00fck \u00f6nem arz etti\u011fini belirtiyor.<\/strong><\/h1>\n<p>Avrupa\u2019da, r\u00fczgar enerjisinden \u00fcretilen elektrik \u00fcretiminde <strong>7&#8217;inci s\u0131rada<\/strong> olan T\u00fcrkiye, d\u00fcnya <img loading=\"lazy\" class=\"alignright wp-image-116096\" src=\"https:\/\/www.enerjigazetesi.ist\/wp-content\/uploads\/2020\/06\/ruzgar-enerjisi-teknisyenleri-ab-standartlarinda-egitim-aliyor-2.jpg\" alt=\"\" width=\"320\" height=\"213\" srcset=\"https:\/\/www.enerjigazetesi.ist\/wp-content\/uploads\/2020\/06\/ruzgar-enerjisi-teknisyenleri-ab-standartlarinda-egitim-aliyor-2.jpg 734w, https:\/\/www.enerjigazetesi.ist\/wp-content\/uploads\/2020\/06\/ruzgar-enerjisi-teknisyenleri-ab-standartlarinda-egitim-aliyor-2-300x199.jpg 300w, https:\/\/www.enerjigazetesi.ist\/wp-content\/uploads\/2020\/06\/ruzgar-enerjisi-teknisyenleri-ab-standartlarinda-egitim-aliyor-2-500x332.jpg 500w, https:\/\/www.enerjigazetesi.ist\/wp-content\/uploads\/2020\/06\/ruzgar-enerjisi-teknisyenleri-ab-standartlarinda-egitim-aliyor-2-75x50.jpg 75w, https:\/\/www.enerjigazetesi.ist\/wp-content\/uploads\/2020\/06\/ruzgar-enerjisi-teknisyenleri-ab-standartlarinda-egitim-aliyor-2-450x300.jpg 450w\" sizes=\"(max-width: 320px) 100vw, 320px\" \/>genelinde ilk 10 r\u00fczgar \u00fclkesi aras\u0131nda bulunuyor. R\u00fczgar enerjisindeki elde edilen verimlili\u011fin devaml\u0131l\u0131\u011f\u0131 ise r\u00fczgar t\u00fcrbinlerinin <strong>bak\u0131m ve onar\u0131mlar\u0131<\/strong>na ba\u011fl\u0131 olarak de\u011fi\u015fiyor. <strong>T\u00fcrbinlerden y\u00fcksek verimlilik<\/strong> elde etme konusunda da b\u00fcy\u00fck rol sahibi olan<strong> r\u00fczgar t\u00fcrbini teknisyenleri<\/strong>nin e\u011fitimi ve istihdam\u0131 olarak g\u00f6r\u00fcl\u00fcyor. Yurti\u00e7i ve yurtd\u0131\u015f\u0131ndaki <strong>r\u00fczgar enerjisi santralleri<\/strong>ne <strong>planl\u0131, plans\u0131z bak\u0131m ve servis hizmetleri<\/strong> sunan \u00dclke Enerji Genel M\u00fcd\u00fcr\u00fc Ali Ayd\u0131n\u2019a g\u00f6re, r\u00fczgar enerjisindeki ula\u015f\u0131lmak istenen hedeflere r\u00fczgar enerjisi alan\u0131nda at\u0131lacak yerli ve milli stratejilerin b\u00fcy\u00fck pay\u0131 bulunuyor.<\/p>\n<h2><strong>D\u00fcnyan\u0131n En Zor Mesleklerinden Biri <\/strong><strong><br \/>\n<\/strong><\/h2>\n<p><strong>Metrelerce y\u00fckseklikte \u00e7al\u0131\u015fma \u015fartlar\u0131<\/strong>na sahip olan <strong>r\u00fczgar t\u00fcrbini teknisyenli\u011fi<\/strong>nin, gelecek y\u0131llarda sekt\u00f6r\u00fcn geli\u015fmesine do\u011fru orant\u0131l\u0131 olarak<strong> en \u00e7ok tercih edilen meslek dallar\u0131ndan<\/strong> biri olaca\u011f\u0131 \u00f6ng\u00f6r\u00fcl\u00fcyor. <strong>T\u00fcrbin sorunlar\u0131n\u0131 gidermek<\/strong> veya <strong>onarmak<\/strong> i\u00e7in <strong>kulelere t\u0131rmanan r\u00fczgar t\u00fcrbini<\/strong> <strong>teknisyenler<\/strong>i \u00e7al\u0131\u015fmalar\u0131n\u0131 r\u00fczgar t\u00fcrbinin <strong>3 ana par\u00e7as\u0131<\/strong> olan <strong>Kule, Kanat ve Nacelle (Motor Alan\u0131)<\/strong> b\u00f6l\u00fcm\u00fcnde ger\u00e7ekle\u015ftiriyorlar. Kanatlarda g\u00f6rev yapan teknisyenler, <strong>20 kilonun \u00fczerinde<\/strong> teknik ekipman a\u011f\u0131rl\u0131\u011f\u0131 ile yerden metrelerce y\u00fckseklikte bulunan alanda \u00e7al\u0131\u015f\u0131rken, kompakt bir \u015fekilde tasarlanan <strong>kapal\u0131 motor b\u00f6l\u00fcm\u00fcnde<\/strong> de uzun saatler g\u00f6rev yap\u0131yorlar. Ayr\u0131ca Ali Ayd\u0131n, \u201cTeknisyenlerimiz, <strong>r\u00fczgar h\u0131z\u0131n\u0131<\/strong> ve <strong>y\u00f6n\u00fcn\u00fc \u00f6l\u00e7en aletleri de\u011fi\u015ftirmek<\/strong> veya <strong>eri\u015fim platformlar\u0131<\/strong> ve <strong>b\u00fcy\u00fck vin\u00e7lerle \u00e7al\u0131\u015fmak<\/strong> zorunda kalabilecekleri zamanlarda da motor b\u00f6l\u00fcm\u00fcn\u00fcn \u00fcst k\u0131s\u0131mlar\u0131nda \u00e7al\u0131\u015f\u0131yor.<strong> \u0130\u015f sa\u011fl\u0131\u011f\u0131 ve g\u00fcvenli\u011fi<\/strong>nin \u00e7ok \u00fcst d\u00fczeyde oldu\u011fu bu \u00e7al\u0131\u015fma ortam\u0131nda, teknisyenlerimiz <strong>son teknoloji koruma kalkanlar\u0131<\/strong> ile operasyonlar\u0131n\u0131 ger\u00e7ekle\u015ftiriyor.\u201d a\u00e7\u0131klamalar\u0131nda bulunuyor.<\/p>\n<h2><strong>R\u00fczgar Enerjisinde Yerli ve Milli \u0130stihdam Ata\u011f\u0131<\/strong><\/h2>\n<p>Enerjiye duyulan ihtiya\u00e7 g\u00fcn ge\u00e7tik\u00e7e art\u0131yor. Bununla birlikte <strong>yenilenebilir enerji kaynaklar\u0131<\/strong> aras\u0131nda r\u00fczgar enerjisinin de fosil yak\u0131tlara oranla sa\u011flad\u0131\u011f\u0131 <strong>ekonomik ve verimlilik katk\u0131lar<\/strong> da ciddi farklar yarat\u0131yor. Bu alanda<strong> son 10 y\u0131lda<\/strong> ger\u00e7ekle\u015ftirilen ad\u0131mlarla r\u00fczgar enerjisinde b\u00fcy\u00fck geli\u015fme kat eden T\u00fcrkiye\u2019nin, r\u00fczgar enerjisinde tam <strong>yerli ve milli stratejileri uygulamas\u0131<\/strong> gerekti\u011fini de aktaran \u00dclke Enerji Genel M\u00fcd\u00fcr\u00fc Ali Ayd\u0131n, \u201cR\u00fczgar bizim r\u00fczgar\u0131m\u0131z, \u00fcretilen enerji de bizim, ancak bu enerjinin \u00fcretimi i\u00e7in ger\u00e7ekle\u015ftirilen <strong>bak\u0131m ve onar\u0131mlar, kullan\u0131lan teknolojiler<\/strong> ve<strong> istihdam kayna\u011f\u0131n\u0131n da<\/strong> yerli ve milli olmas\u0131 gerekiyor. \u00dclke Enerji olarak kuruldu\u011fumuz g\u00fcnden beri <strong>r\u00fczgar t\u00fcrbinlerinin bak\u0131m\u0131 ve onar\u0131m\u0131nda hem teknolojik altyap\u0131<\/strong> hem de \u00e7al\u0131\u015fan istihdam\u0131 konusunda yerlili\u011fe b\u00fcy\u00fck \u00f6nem verdik. Alan\u0131nda uzman <strong>r\u00fczgar t\u00fcrbini teknisyenleri<\/strong>nin \u00fclkemiz gen\u00e7lerinden olmas\u0131 ve <strong>e\u011fitimlerinin y\u00fcksek standartlarda olmas\u0131<\/strong>na ciddi \u00f6nem g\u00f6sterdik.\u201d ifadelerinde bulundu.<\/p>\n<h2><strong>Teknisyenlere Avrupa Standartlar\u0131nda E\u011fitimler Sa\u011flan\u0131yor<\/strong><\/h2>\n<p>Zorlu \u015fartlar alt\u0131nda \u00e7al\u0131\u015fma ortam\u0131na sahip <strong>r\u00fczgar t\u00fcrbini teknisyenli\u011fi<\/strong>, r\u00fczgar enerjisi ve onu elektri\u011fe \u00e7eviren t\u00fcrbinler i\u00e7in b\u00fcy\u00fck \u00f6nem arz ediyor. \u00d6zellikle \u00fclkemizdeki r\u00fczgar enerjisinin geli\u015fiminde b\u00fcy\u00fck bir role sahip olan<strong> bu meslek kolunda ba\u015far\u0131<\/strong> ise e\u011fitimlerle sa\u011flan\u0131rken Ayd\u0131n, \u201cM\u00fc\u015fterilerimizin tamam\u0131<strong> i\u015f g\u00fcvenli\u011fi ve enerji \u00fcretim s\u00fcreklili\u011fi<\/strong>ne do\u011fal olarak b\u00fcy\u00fck hassasiyet g\u00f6stermekte. Dolay\u0131s\u0131yla e\u011fitimlerimiz teknik yetkinliklere odakland\u0131\u011f\u0131 kadar \u00e7al\u0131\u015f\u0131lan projenin katma de\u011ferini de g\u00f6zetecek \u015fekilde tasarlan\u0131yor. Bu e\u011fitimlerin b\u00fcy\u00fck \u00e7o\u011funlu\u011funu yurt d\u0131\u015f\u0131ndaki kaynaklardan temin ediyoruz. Teknisyen arkada\u015flar\u0131m\u0131z bizzat <strong>Avrupa\u2019daki uygulama sahalar\u0131<\/strong>nda tamamlad\u0131klar\u0131 d\u00f6nemin ard\u0131ndan sertifikalar\u0131na kavu\u015fuyor ve \u00fclkemizdeki santrallerde g\u00f6rev almaya ba\u015fl\u0131yor. Biz de firma olarak s\u00fcrekli e\u011fitimlerle uygulamalar\u0131n tutarl\u0131l\u0131\u011f\u0131n\u0131 y\u00f6netiyoruz.\u201d a\u00e7\u0131klamalar\u0131nda bulunuyor.<\/p>","protected":false},"excerpt":{"rendered":"<p>Sorry, this entry is only available in Turkish. For the sake of viewer convenience, the content is shown below in the alternative language. You may click the link to switch the active language. R\u00fczgar enerjisinden \u00fcretilen elektrik enerjisi, T\u00fcrkiye\u2019nin ihtiyac\u0131n\u0131n yakla\u015f\u0131k %8\u2019ini kar\u015f\u0131l\u0131yor. T\u00fcrkiye\u2019deki r\u00fczgar t\u00fcrbinlerinin verimlili\u011fi de \u00fcretilen elektrik miktar\u0131nda b\u00fcy\u00fck \u00f6neme sahip oluyor. [&hellip;]<\/p>\n","protected":false},"author":1,"featured_media":116097,"comment_status":"open","ping_status":"open","sticky":false,"template":"","format":"standard","meta":[],"categories":[51,53,50],"tags":[45446,5070,52259,74713,15890,74711,74712,35002,53282,324,74710,58200,74716,54979,74715,45445,74714,74709],"views":641,"_links":{"self":[{"href":"https:\/\/www.enerjigazetesi.ist\/en\/wp-json\/wp\/v2\/posts\/116094"}],"collection":[{"href":"https:\/\/www.enerjigazetesi.ist\/en\/wp-json\/wp\/v2\/posts"}],"about":[{"href":"https:\/\/www.enerjigazetesi.ist\/en\/wp-json\/wp\/v2\/types\/post"}],"author":[{"embeddable":true,"href":"https:\/\/www.enerjigazetesi.ist\/en\/wp-json\/wp\/v2\/users\/1"}],"replies":[{"embeddable":true,"href":"https:\/\/www.enerjigazetesi.ist\/en\/wp-json\/wp\/v2\/comments?post=116094"}],"version-history":[{"count":0,"href":"https:\/\/www.enerjigazetesi.ist\/en\/wp-json\/wp\/v2\/posts\/116094\/revisions"}],"wp:featuredmedia":[{"embeddable":true,"href":"https:\/\/www.enerjigazetesi.ist\/en\/wp-json\/wp\/v2\/media\/116097"}],"wp:attachment":[{"href":"https:\/\/www.enerjigazetesi.ist\/en\/wp-json\/wp\/v2\/media?parent=116094"}],"wp:term":[{"taxonomy":"category","embeddable":true,"href":"https:\/\/www.enerjigazetesi.ist\/en\/wp-json\/wp\/v2\/categories?post=116094"},{"taxonomy":"post_tag","embeddable":true,"href":"https:\/\/www.enerjigazetesi.ist\/en\/wp-json\/wp\/v2\/tags?post=116094"}],"curies":[{"name":"wp","href":"https:\/\/api.w.org\/{rel}","templated":true}]}}