{"id":11608,"date":"2013-06-06T10:28:36","date_gmt":"2013-06-06T07:28:36","guid":{"rendered":"https:\/\/www.enerjigazetesi.ist\/?p=11608"},"modified":"2013-06-06T10:31:36","modified_gmt":"2013-06-06T07:31:36","slug":"guney-kore-enerji-tuketimini-azaltmak-icin-calisiyor","status":"publish","type":"post","link":"https:\/\/www.enerjigazetesi.ist\/en\/guney-kore-enerji-tuketimini-azaltmak-icin-calisiyor\/","title":{"rendered":"(Turkish) G\u00fcney Kore Enerji T\u00fcketimini Azaltmak \u0130\u00e7in \u00c7al\u0131\u015f\u0131yor&#8230;"},"content":{"rendered":"<p class=\"qtranxs-available-languages-message qtranxs-available-languages-message-en\">Sorry, this entry is only available in <a href=\"https:\/\/www.enerjigazetesi.ist\/tr\/wp-json\/wp\/v2\/posts\/11608\" class=\"qtranxs-available-language-link qtranxs-available-language-link-tr\" title=\"Turkish\">Turkish<\/a>. For the sake of viewer convenience, the content is shown below in the alternative language. You may click the link to switch the active language.<\/p><p><strong>G\u00fcney Kore, 2 n\u00fckleer santralde \u00e7al\u0131\u015fmalar\u0131n ask\u0131ya al\u0131nmas\u0131n\u0131n ard\u0131ndan \u015firket ve devlet kurumlar\u0131na, yaz aylar\u0131nda enerji t\u00fcketimini azaltmalar\u0131 \u00e7a\u011fr\u0131s\u0131nda bulundu.<\/strong><\/p>\n<p>H\u00fck\u00fcmet, devlete ait \u015firket ve kurumlar\u0131n yaz aylar\u0131 boyunca enerji kullan\u0131m\u0131n\u0131 y\u00fczde 15 oran\u0131nda d\u00fc\u015f\u00fcrmelerini talep etti. Aralar\u0131nda Samsung ve Hyundai gibi b\u00fcy\u00fck firmalar\u0131n da bulundu\u011fu yakla\u015f\u0131k 2 bin 800 \u00f6zel \u015firket, a\u011fustosta enerji t\u00fcketimini y\u00fczde 15 oran\u0131nda azaltacaklar\u0131n\u0131 a\u00e7\u0131klad\u0131.<\/p>\n<p>\u00d6te yandan Kore Enerji Borsas\u0131, elektrik rezervlerinin bu y\u0131l\u0131n en d\u00fc\u015f\u00fck seviyesinde oldu\u011funu ve 4 milyon kilovat\u0131n alt\u0131na d\u00fc\u015ft\u00fc\u011f\u00fcn\u00fc a\u00e7\u0131klarken, h\u00fck\u00fcmetin, enerji sorununa ili\u015fkin alarm seviyesini ikinci d\u00fczeye \u00e7\u0131kard\u0131\u011f\u0131 kaydedildi.<a href=\"https:\/\/www.enerjigazetesi.ist\/wp-content\/uploads\/2013\/01\/elektrik-tuketimi-2012-artis-kurulu-guc-bolgesel-tarife-505x230.jpg\"><img loading=\"lazy\" class=\"alignright size-medium wp-image-4890\" title=\"elektrik-tuketimi-g\u00fcney-kore-azaltmak\" src=\"https:\/\/www.enerjigazetesi.ist\/wp-content\/uploads\/2013\/01\/elektrik-tuketimi-2012-artis-kurulu-guc-bolgesel-tarife-505x230-300x161.jpg\" alt=\"\" width=\"300\" height=\"161\" srcset=\"https:\/\/www.enerjigazetesi.ist\/wp-content\/uploads\/2013\/01\/elektrik-tuketimi-2012-artis-kurulu-guc-bolgesel-tarife-505x230-300x161.jpg 300w, https:\/\/www.enerjigazetesi.ist\/wp-content\/uploads\/2013\/01\/elektrik-tuketimi-2012-artis-kurulu-guc-bolgesel-tarife-505x230-80x42.jpg 80w, https:\/\/www.enerjigazetesi.ist\/wp-content\/uploads\/2013\/01\/elektrik-tuketimi-2012-artis-kurulu-guc-bolgesel-tarife-505x230.jpg 428w\" sizes=\"(max-width: 300px) 100vw, 300px\" \/><\/a><\/p>\n<p>G\u00fcney Kore Ticaret ve Enerji Bakanl\u0131\u011f\u0131ndan yap\u0131lan a\u00e7\u0131klamada, \u00f6nemli kontrol kablolar\u0131nda hata tespit edilen 2 n\u00fckleer santraldeki kablolar\u0131 test eden firman\u0131n, voltaj ve bas\u0131n\u00e7 de\u011fi\u015fiklerine dayan\u0131kl\u0131 olmas\u0131 i\u00e7in gereken uluslararas\u0131 standartlar\u0131 kar\u015f\u0131lamayan kablolar konusunda yalan beyanda bulundu\u011fun\u0131 bildirmi\u015fti.<\/p>\n<p>Bakanl\u0131k, kablolar\u0131n de\u011fi\u015ftirilmesinin 4 ay s\u00fcrece\u011fini, santrallerin kapat\u0131lmas\u0131n\u0131n, yaz aylar\u0131nda elektrik kesintilerine neden olaca\u011f\u0131 uyar\u0131s\u0131nda bulunmu\u015ftu.<\/p>\n<p>Santrallerde \u00e7al\u0131\u015fmalar\u0131n ask\u0131ya al\u0131nmas\u0131, r\u00fc\u015fvet skandal\u0131 ve g\u00fcvenlik bo\u015fluklar\u0131yla lekelenen end\u00fcstriye yeni bir darbe olarak g\u00f6r\u00fcl\u00fcyor.<\/p>\n<p>G\u00fcney Kore\u2019nin n\u00fckleer end\u00fcstrisi ge\u00e7en y\u0131l, n\u00fckleer santrallerde kullan\u0131lan binlerce bile\u015finin, sahte kalite standartlar\u0131na sahip oldu\u011funun a\u00e7\u0131\u011fa \u00e7\u0131kmas\u0131yla sars\u0131lm\u0131\u015ft\u0131.<\/p>\n<p>Devletin tekelindeki Korea Hydro &amp; Nuclear Power Co n\u00fckleer santral i\u015fletmesindeki onlarca g\u00f6revli hakk\u0131nda, anla\u015fmal\u0131 firmalardan r\u00fc\u015fvet ald\u0131klar\u0131 su\u00e7lamas\u0131yla dava a\u00e7\u0131lm\u0131\u015ft\u0131.<\/p>\n<p>G\u00fcney Kore\u2019de, \u00fclke enerjisinin yakla\u015f\u0131k y\u00fczde 30\u2032unu kar\u015f\u0131layan 23 n\u00fckleer santral bulunuyor. \u00dclke, 2025 y\u0131l\u0131na kadar var olanlara 11 reakt\u00f6r daha eklemeyi planl\u0131yor.<\/p>\n<p>\u015ein-Kori No. 2 ve \u015ein-Wolsong No. 1 reakt\u00f6rlerinin kapat\u0131lmas\u0131yla \u00fclkede hizmet d\u0131\u015f\u0131 kalan n\u00fckleer santral say\u0131s\u0131 10\u2032a \u00e7\u0131kt\u0131.<\/p>\n<p>Kaynak: <a href=\"http:\/\/enerjienstitusu.com\/2013\/06\/06\/guney-kore-enerji-tuketimini-azaltmak-icin-calisiyor\/\" target=\"_blank\">Enerji Enstit\u00fcs\u00fc<\/a><\/p>","protected":false},"excerpt":{"rendered":"<p>Sorry, this entry is only available in Turkish. For the sake of viewer convenience, the content is shown below in the alternative language. You may click the link to switch the active language.G\u00fcney Kore, 2 n\u00fckleer santralde \u00e7al\u0131\u015fmalar\u0131n ask\u0131ya al\u0131nmas\u0131n\u0131n ard\u0131ndan \u015firket ve devlet kurumlar\u0131na, yaz aylar\u0131nda enerji t\u00fcketimini azaltmalar\u0131 \u00e7a\u011fr\u0131s\u0131nda bulundu. H\u00fck\u00fcmet, devlete ait [&hellip;]<\/p>\n","protected":false},"author":1,"featured_media":4890,"comment_status":"open","ping_status":"open","sticky":false,"template":"","format":"standard","meta":[],"categories":[51,53,52],"tags":[63,67,103,148,12,5363,793],"views":943,"_links":{"self":[{"href":"https:\/\/www.enerjigazetesi.ist\/en\/wp-json\/wp\/v2\/posts\/11608"}],"collection":[{"href":"https:\/\/www.enerjigazetesi.ist\/en\/wp-json\/wp\/v2\/posts"}],"about":[{"href":"https:\/\/www.enerjigazetesi.ist\/en\/wp-json\/wp\/v2\/types\/post"}],"author":[{"embeddable":true,"href":"https:\/\/www.enerjigazetesi.ist\/en\/wp-json\/wp\/v2\/users\/1"}],"replies":[{"embeddable":true,"href":"https:\/\/www.enerjigazetesi.ist\/en\/wp-json\/wp\/v2\/comments?post=11608"}],"version-history":[{"count":8,"href":"https:\/\/www.enerjigazetesi.ist\/en\/wp-json\/wp\/v2\/posts\/11608\/revisions"}],"predecessor-version":[{"id":11616,"href":"https:\/\/www.enerjigazetesi.ist\/en\/wp-json\/wp\/v2\/posts\/11608\/revisions\/11616"}],"wp:featuredmedia":[{"embeddable":true,"href":"https:\/\/www.enerjigazetesi.ist\/en\/wp-json\/wp\/v2\/media\/4890"}],"wp:attachment":[{"href":"https:\/\/www.enerjigazetesi.ist\/en\/wp-json\/wp\/v2\/media?parent=11608"}],"wp:term":[{"taxonomy":"category","embeddable":true,"href":"https:\/\/www.enerjigazetesi.ist\/en\/wp-json\/wp\/v2\/categories?post=11608"},{"taxonomy":"post_tag","embeddable":true,"href":"https:\/\/www.enerjigazetesi.ist\/en\/wp-json\/wp\/v2\/tags?post=11608"}],"curies":[{"name":"wp","href":"https:\/\/api.w.org\/{rel}","templated":true}]}}