{"id":115907,"date":"2020-06-25T13:22:20","date_gmt":"2020-06-25T10:22:20","guid":{"rendered":"https:\/\/www.enerjigazetesi.ist\/?p=115907"},"modified":"2020-06-25T13:32:07","modified_gmt":"2020-06-25T10:32:07","slug":"sogutma-enerjisinin-klimamiza-kesemize-ve-gezegenimize-maliyeti-yuksek","status":"publish","type":"post","link":"https:\/\/www.enerjigazetesi.ist\/en\/sogutma-enerjisinin-klimamiza-kesemize-ve-gezegenimize-maliyeti-yuksek\/","title":{"rendered":"(Turkish) So\u011futma Enerjisi&#8217;nin Klimaya Keseye ve Gezegene Maliyeti Y\u00fcksek"},"content":{"rendered":"<p class=\"qtranxs-available-languages-message qtranxs-available-languages-message-en\">Sorry, this entry is only available in <a href=\"https:\/\/www.enerjigazetesi.ist\/tr\/wp-json\/wp\/v2\/posts\/115907\" class=\"qtranxs-available-language-link qtranxs-available-language-link-tr\" title=\"Turkish\">Turkish<\/a>. For the sake of viewer convenience, the content is shown below in the alternative language. You may click the link to switch the active language.<\/p><p><\/p>\n<h1><strong>S<\/strong><strong>\u00fcrd\u00fcr\u00fclebilir <\/strong><strong>\u00dc<\/strong><strong>retim ve T\u00fcketim Derne\u011fi,\u00a0<\/strong><strong>26 Haziran D\u00fcnya So\u011futma G\u00fcn\u00fc&#8217;nde, so\u011futman\u0131n g\u00fcnl\u00fck ya\u015fam ve end\u00fcstride vaz ge\u00e7ilemez yerine, sa\u011fl\u0131k, \u00e7evre ve iklim de\u011fi\u015fimine etkilerine dikkat \u00e7ekerek, d\u00fcnyam\u0131z\u0131n s\u00fcrekli \u0131s\u0131nan kocaman bir akvaryum oldu\u011funu vurgulad\u0131.<\/strong><\/h1>\n<p><strong>So\u011futma teknolojisi<\/strong>nin ya\u015fam ve toplum i\u00e7in \u00f6nemini <strong>duyurmak<\/strong> ve <strong>fark\u0131ndal\u0131k yaratmak<\/strong> i\u00e7in kutlanan <strong>D\u00fcnya So\u011futma G\u00fcn\u00fc<\/strong>&#8216;nde bu y\u0131l, so\u011fuk zincirin g\u0131da ve sa\u011fl\u0131k i\u00e7in vazge\u00e7ilemez yeri vurgulanarak, <strong>tarladan sofraya g\u0131da ile ila\u00e7, a\u015f\u0131, kan, organ ta\u015f\u0131nmas\u0131<\/strong> ve <strong>depolanmas\u0131<\/strong>ndaki m\u00fchim <strong>konum, sa\u011fl\u0131k<\/strong> ve <img loading=\"lazy\" class=\"alignright wp-image-115909\" src=\"https:\/\/www.enerjigazetesi.ist\/wp-content\/uploads\/2020\/06\/sogutma-enerjisinin-klimamiza-kesemize-ve-gezegenimize-maliyeti-yuksek.jpg\" alt=\"\" width=\"320\" height=\"275\" srcset=\"https:\/\/www.enerjigazetesi.ist\/wp-content\/uploads\/2020\/06\/sogutma-enerjisinin-klimamiza-kesemize-ve-gezegenimize-maliyeti-yuksek.jpg 567w, https:\/\/www.enerjigazetesi.ist\/wp-content\/uploads\/2020\/06\/sogutma-enerjisinin-klimamiza-kesemize-ve-gezegenimize-maliyeti-yuksek-300x258.jpg 300w, https:\/\/www.enerjigazetesi.ist\/wp-content\/uploads\/2020\/06\/sogutma-enerjisinin-klimamiza-kesemize-ve-gezegenimize-maliyeti-yuksek-465x400.jpg 465w, https:\/\/www.enerjigazetesi.ist\/wp-content\/uploads\/2020\/06\/sogutma-enerjisinin-klimamiza-kesemize-ve-gezegenimize-maliyeti-yuksek-58x50.jpg 58w\" sizes=\"(max-width: 320px) 100vw, 320px\" \/><strong>g\u0131da g\u00fcvenli\u011fi<\/strong> i\u00e7in ortaya konuyor.<\/p>\n<p>Evimizdeki <strong>klimalar<\/strong> ile b\u00fcy\u00fck bina<strong> \u0131s\u0131tma-so\u011futma-hava iyile\u015ftirme, end\u00fcstri ve tedarik zinciri so\u011futma sistemleri<\/strong>nde iklimlendirme maliyetinin en b\u00fcy\u00fck k\u0131sm\u0131 enerji bedelidir. Enerji, d\u00fcnyam\u0131z\u0131n k\u00fcresel s\u0131cakl\u0131k art\u0131\u015f\u0131na neden olan <strong>sera gazlar\u0131<\/strong>n\u0131n en b\u00fcy\u00fck k\u0131sm\u0131n\u0131n da sebebidir. Enerji \u00fcretip, t\u00fckettik\u00e7e <strong>d\u00fcnyam\u0131z \u0131s\u0131n\u0131r, iklim de\u011fi\u015fir<\/strong>. Son 2 ayda ya\u015fad\u0131\u011f\u0131m\u0131z <strong>a\u015f\u0131r\u0131 s\u0131cak, sel, ta\u015fk\u0131n, hortum<\/strong> gibi olaylarla g\u00fcnl\u00fck ve end\u00fcstriyel ya\u015fam\u0131m\u0131z olumsuz etkilenir. \u00a0D\u00fcnyam\u0131z <strong>\u00fc\u00e7te ikisi<\/strong> su dolu kocaman e\u015fsiz bir akvaryum. <strong>Bitki-hayvan-mikroorganizmalarla<\/strong> payla\u015ft\u0131\u011f\u0131m\u0131z g\u00fczelim gezegenimizi, akvaryumumuzun atmosferini \u0131s\u0131tamay\u0131z, \u0131s\u0131tmamal\u0131y\u0131z diyen <strong>\u0130stanbul Teknik <\/strong><strong>\u00dc<\/strong><strong>niversitesi \u00d6\u011fretim <\/strong><strong>\u00dc<\/strong><strong>yesi ve S\u00fcrd\u00fcr\u00fclebilir <\/strong><strong>\u00dc<\/strong><strong>retim ve T\u00fcketim Derne\u011fi (S<\/strong><strong>\u00dcT-D) Ba<\/strong><strong>\u015fkan\u0131 Prof. Dr. Filiz Karaosmano\u011flu<\/strong>, <em>26 Haziran D\u00fcnya So\u011futma G\u00fcn\u00fc<\/em>&#8216;ne \u00f6zel a\u00e7\u0131klama yapt\u0131.<\/p>\n<h2><strong>Ya\u015fam \u0130\u00e7in So\u011fuk Zincir<\/strong><\/h2>\n<p><strong>\u0130klimlendirme sekt\u00f6r\u00fc<\/strong>n\u00fcn, so\u011fu\u011fun g\u00fcc\u00fcn\u00fcn mek\u00e2nlar\u0131m\u0131za, end\u00fcstriye sa\u011flad\u0131\u011f\u0131 <strong>konfor<\/strong> ve <strong>i\u015flevsellik<\/strong> vazge\u00e7ilmezdir. Soludu\u011fumuz iklimlendirilmi\u015f hava <strong>evimizde, i\u015fimizde, hastanelerde<\/strong> bize <strong>sa\u011fl\u0131k ve hijyen<\/strong> sunarken, end\u00fcstriyel \u00fcretimlerde, <strong>\u00fcr\u00fcn tedarik zinciri y\u00f6netimi<\/strong>nde <strong>so\u011futma teknolojisi<\/strong> \u00f6nemlidir. S\u00f6z\u00fcn \u00f6z\u00fc iklimlendirme m\u00fchimdir diyen <strong>Prof. Karaosmano\u011flu<\/strong>, <strong>so\u011fuk zincirinin ya\u015famdaki, g\u0131da ve sa\u011fl\u0131k g\u00fcvenli\u011findeki yerini,<\/strong><strong> tarladan sofraya g\u0131da ile ila\u00e7, a\u015f\u0131, kan, organ ta\u015f\u0131nmas\u0131 ve depolanmas\u0131ndaki konumunu<\/strong> vurgulad\u0131.<\/p>\n<h2><strong>So\u011futma enerjisinin iklim de\u011fi\u015fimine etkisi azalt\u0131lmal\u0131<\/strong><\/h2>\n<p>Mek\u00e2nlar\u0131m\u0131z\u0131 ya\u015fan\u0131r k\u0131lan, end\u00fcstriye so\u011fu\u011fun g\u00fcc\u00fcn\u00fc sunan sekt\u00f6r gezegenimizde <strong>k\u00fcresel \u0131s\u0131nmaya<\/strong>, <strong>iklim de\u011fi\u015fimine<\/strong> neden olmamal\u0131. <strong>So\u011futma teknolojisi kaynakl\u0131 sera gaz\u0131 sal\u0131mlar\u0131<\/strong>n\u0131 azaltmak i\u00e7in iklimlendirme cihaz ve ekipmanlar\u0131n ya\u015fam d\u00f6ng\u00fcs\u00fc boyunca, \u00fcretim-kullan\u0131m-\u00f6mr\u00fcn\u00fc tamamlama-at\u0131k y\u00f6netimi a\u015famalar\u0131nda \u00e7evre ve iklim de\u011fi\u015fimi etkileri, <strong>karbon ayak izi<\/strong> m\u00fcmk\u00fcn en az d\u00fczeyde olmal\u0131 hususlar\u0131na dikkat \u00e7eken Prof. Karaosmano\u011flu, &#8220;Bu ba\u011flamda,<strong> \u0131s\u0131tma-so\u011futma y\u00fckleri<\/strong> dikkate al\u0131narak do\u011fru teknik se\u00e7imlerle yap\u0131lacak <strong>yal\u0131t\u0131ml\u0131 binalarda, cihaz ve ekipmanlar\u0131n<\/strong> teknik se\u00e7imi, <strong>enerji y\u00f6netimi, bak\u0131m ve onar\u0131m\u0131n do\u011fru ve zaman\u0131nda yap\u0131lmas\u0131<\/strong>, \u00f6mr\u00fcn\u00fc tamamlad\u0131ktan sonra at\u0131k \u00f6nceliklemesine g\u00f6re y\u00f6netilmesi \u00f6nemlidir. So\u011futma sistemlerinde hijyen gereklilikleri de yerine getirilmelidir. B\u00fcy\u00fck bina ve tesislerde yerinde, <strong>g\u00fcne\u015f, r\u00fczg\u00e2r, biyok\u00fctle gibi yenilenebilir kaynaklardan elektrik \u00fcretimi<\/strong> ile birlikte <strong>elektrik-\u0131s\u0131-so\u011fuk (trijenerasyon) \u00fcretimi<\/strong> teknik cazibesinin yan\u0131 s\u0131ra sa\u011fl\u0131k, <strong>\u00e7evre ve iklim dostu so\u011futma zinciri i\u00e7in<\/strong> topluma sunulmas\u0131 \u00f6neminin alt\u0131n\u0131 \u00e7izdi.<\/p>\n<h2><strong>Do\u011fa ile uyumlu iklimlendirme i\u00e7in yetkin sekt\u00f6r g\u00fcc\u00fcm\u00fcz var<\/strong><\/h2>\n<p><strong>\u00dclkemizdeki yerli ve \u00e7ok uluslu markalar, sekt\u00f6rel sivil toplum ve ihracat yetkin sekt\u00f6r g\u00fcc\u00fc varl\u0131\u011f\u0131n\u0131n; pazara do\u011fa ile uyumlu, iklim de\u011fi\u015fimine diren\u00e7li <\/strong>\u00fcr\u00fcnlerin arz\u0131 i\u00e7in m\u00fchim oldu\u011funu belirten Dr. Karaosmano\u011flu, T\u00fcrkiye iklimlendirme sekt\u00f6r\u00fcn\u00fcn, hepimizin <strong>D\u00fcnya So\u011futma G\u00fcn\u00fc<\/strong> kutlu, <strong>so\u011futma enerjisi karbon ayak izimiz d\u00fc\u015f\u00fck<\/strong>, hepimizin <strong>akvaryumu d\u00fcnyam\u0131z<\/strong> mutlu olsun dedi.<\/p>","protected":false},"excerpt":{"rendered":"<p>Sorry, this entry is only available in Turkish. For the sake of viewer convenience, the content is shown below in the alternative language. You may click the link to switch the active language. S\u00fcrd\u00fcr\u00fclebilir \u00dcretim ve T\u00fcketim Derne\u011fi,\u00a026 Haziran D\u00fcnya So\u011futma G\u00fcn\u00fc&#8217;nde, so\u011futman\u0131n g\u00fcnl\u00fck ya\u015fam ve end\u00fcstride vaz ge\u00e7ilemez yerine, sa\u011fl\u0131k, \u00e7evre ve iklim de\u011fi\u015fimine [&hellip;]<\/p>\n","protected":false},"author":1,"featured_media":115909,"comment_status":"open","ping_status":"open","sticky":false,"template":"","format":"standard","meta":[],"categories":[22893,51,53,52,49,50],"tags":[74461,74462,74463,52259,26559,53499,18346,3265,74465,18344,68741,57125,793,74464],"views":98,"_links":{"self":[{"href":"https:\/\/www.enerjigazetesi.ist\/en\/wp-json\/wp\/v2\/posts\/115907"}],"collection":[{"href":"https:\/\/www.enerjigazetesi.ist\/en\/wp-json\/wp\/v2\/posts"}],"about":[{"href":"https:\/\/www.enerjigazetesi.ist\/en\/wp-json\/wp\/v2\/types\/post"}],"author":[{"embeddable":true,"href":"https:\/\/www.enerjigazetesi.ist\/en\/wp-json\/wp\/v2\/users\/1"}],"replies":[{"embeddable":true,"href":"https:\/\/www.enerjigazetesi.ist\/en\/wp-json\/wp\/v2\/comments?post=115907"}],"version-history":[{"count":0,"href":"https:\/\/www.enerjigazetesi.ist\/en\/wp-json\/wp\/v2\/posts\/115907\/revisions"}],"wp:featuredmedia":[{"embeddable":true,"href":"https:\/\/www.enerjigazetesi.ist\/en\/wp-json\/wp\/v2\/media\/115909"}],"wp:attachment":[{"href":"https:\/\/www.enerjigazetesi.ist\/en\/wp-json\/wp\/v2\/media?parent=115907"}],"wp:term":[{"taxonomy":"category","embeddable":true,"href":"https:\/\/www.enerjigazetesi.ist\/en\/wp-json\/wp\/v2\/categories?post=115907"},{"taxonomy":"post_tag","embeddable":true,"href":"https:\/\/www.enerjigazetesi.ist\/en\/wp-json\/wp\/v2\/tags?post=115907"}],"curies":[{"name":"wp","href":"https:\/\/api.w.org\/{rel}","templated":true}]}}