{"id":115902,"date":"2020-06-25T12:00:25","date_gmt":"2020-06-25T09:00:25","guid":{"rendered":"https:\/\/www.enerjigazetesi.ist\/?p=115902"},"modified":"2020-06-25T12:00:36","modified_gmt":"2020-06-25T09:00:36","slug":"aydem-ve-gediz-elektrikten-fatura-borcuna-9-aya-varan-taksit-firsati","status":"publish","type":"post","link":"https:\/\/www.enerjigazetesi.ist\/en\/aydem-ve-gediz-elektrikten-fatura-borcuna-9-aya-varan-taksit-firsati\/","title":{"rendered":"(Turkish) Aydem ve Gediz Elektrik&#8217;ten Fatura Borcuna 9 Aya Varan Taksit F\u0131rsat\u0131!"},"content":{"rendered":"<p class=\"qtranxs-available-languages-message qtranxs-available-languages-message-en\">Sorry, this entry is only available in <a href=\"https:\/\/www.enerjigazetesi.ist\/tr\/wp-json\/wp\/v2\/posts\/115902\" class=\"qtranxs-available-language-link qtranxs-available-language-link-tr\" title=\"Turkish\">Turkish<\/a>. For the sake of viewer convenience, the content is shown below in the alternative language. You may click the link to switch the active language.<\/p><p><\/p>\n<h1><strong>Ayd\u0131n, Denizli, Mu\u011fla\u2019da hizmet veren Aydem Elektrik Perakende ve \u0130zmir, Manisa\u2019da hizmet veren Gediz Elektrik Perakende, pandemi d\u00f6neminde elektrik faturalar\u0131n\u0131 \u00f6deyemeyen m\u00fc\u015fterileri i\u00e7in kredi kart\u0131na 9 aya varan taksitle fatura \u00f6deme imkan\u0131 sunuyor. Bu imkandan yararlanmak isteyen m\u00fc\u015fteriler, M\u00fc\u015fteri <img loading=\"lazy\" class=\"alignright wp-image-115904\" src=\"https:\/\/www.enerjigazetesi.ist\/wp-content\/uploads\/2020\/06\/aydem-ve-gediz-elektrikten-fatura-borcuna-9-aya-varan-taksit-firsati-2.jpg\" alt=\"\" width=\"320\" height=\"183\" srcset=\"https:\/\/www.enerjigazetesi.ist\/wp-content\/uploads\/2020\/06\/aydem-ve-gediz-elektrikten-fatura-borcuna-9-aya-varan-taksit-firsati-2.jpg 853w, https:\/\/www.enerjigazetesi.ist\/wp-content\/uploads\/2020\/06\/aydem-ve-gediz-elektrikten-fatura-borcuna-9-aya-varan-taksit-firsati-2-300x172.jpg 300w, https:\/\/www.enerjigazetesi.ist\/wp-content\/uploads\/2020\/06\/aydem-ve-gediz-elektrikten-fatura-borcuna-9-aya-varan-taksit-firsati-2-768x439.jpg 768w, https:\/\/www.enerjigazetesi.ist\/wp-content\/uploads\/2020\/06\/aydem-ve-gediz-elektrikten-fatura-borcuna-9-aya-varan-taksit-firsati-2-500x286.jpg 500w, https:\/\/www.enerjigazetesi.ist\/wp-content\/uploads\/2020\/06\/aydem-ve-gediz-elektrikten-fatura-borcuna-9-aya-varan-taksit-firsati-2-80x46.jpg 80w\" sizes=\"(max-width: 320px) 100vw, 320px\" \/>\u0130li\u015fkileri Merkezlerinden veya Online \u0130\u015flemlerden kolayl\u0131kla taksitlendirme i\u015flemi yapabilecekler.<\/strong><\/h1>\n<p><strong>Ayd\u0131n, Denizli, Mu\u011fla, \u0130zmir ve Manisa<\/strong> illerinde <strong>elektrik tedarik faaliyetleri<\/strong>ni s\u00fcrd\u00fcren ve <strong>5 milyon m\u00fc\u015fterisine hizmet<\/strong> sunan <strong>Aydem ve Gediz Elektrik Perakende<\/strong>, i\u00e7inde bulundu\u011fumuz zorlu d\u00f6nemde m\u00fc\u015fterilerine \u00f6nemli bir kolayl\u0131k sa\u011fl\u0131yor.<\/p>\n<p>Yap\u0131lan a\u00e7\u0131klamada <strong>Haziran\u2019da<\/strong> ba\u015flayan <strong>normalle\u015fme s\u00fcreci<\/strong>nin kademeli \u015fekilde <strong>1 Temmuz 2020<\/strong> itibar\u0131yla tamamlanaca\u011f\u0131 ve enerji sekt\u00f6r\u00fcn\u00fcn eski i\u015fleyi\u015fine ge\u00e7ece\u011fi belirtilerek, <strong>COVID-19 d\u00f6nemi<\/strong>nde <strong>elektrik faturalar\u0131<\/strong>n\u0131 \u00f6deyemeyen m\u00fc\u015fterilerin <strong>1 Temmuz\u2019dan<\/strong> \u00f6nce <strong>M\u00fc\u015fteri \u0130li\u015fkileri Merkezleri<\/strong>\u2019nden veya <strong>Online \u0130\u015flemler<\/strong> \u00fczerinden <strong>fatura bor\u00e7lar\u0131n\u0131<\/strong> kredi kart\u0131na <strong>9 aya varan taksitlendirme<\/strong>yle \u00f6deyebilecekleri vurguland\u0131.<\/p>","protected":false},"excerpt":{"rendered":"<p>Sorry, this entry is only available in Turkish. For the sake of viewer convenience, the content is shown below in the alternative language. You may click the link to switch the active language. Ayd\u0131n, Denizli, Mu\u011fla\u2019da hizmet veren Aydem Elektrik Perakende ve \u0130zmir, Manisa\u2019da hizmet veren Gediz Elektrik Perakende, pandemi d\u00f6neminde elektrik faturalar\u0131n\u0131 \u00f6deyemeyen m\u00fc\u015fterileri [&hellip;]<\/p>\n","protected":false},"author":1,"featured_media":115905,"comment_status":"open","ping_status":"open","sticky":false,"template":"","format":"standard","meta":[],"categories":[51,53],"tags":[74458,69933,7179,71427,845,4061,52674,74457,52259,74456,74459,2689,2191,3089,74454,50450,71648,74460,74453,74455],"views":118,"_links":{"self":[{"href":"https:\/\/www.enerjigazetesi.ist\/en\/wp-json\/wp\/v2\/posts\/115902"}],"collection":[{"href":"https:\/\/www.enerjigazetesi.ist\/en\/wp-json\/wp\/v2\/posts"}],"about":[{"href":"https:\/\/www.enerjigazetesi.ist\/en\/wp-json\/wp\/v2\/types\/post"}],"author":[{"embeddable":true,"href":"https:\/\/www.enerjigazetesi.ist\/en\/wp-json\/wp\/v2\/users\/1"}],"replies":[{"embeddable":true,"href":"https:\/\/www.enerjigazetesi.ist\/en\/wp-json\/wp\/v2\/comments?post=115902"}],"version-history":[{"count":0,"href":"https:\/\/www.enerjigazetesi.ist\/en\/wp-json\/wp\/v2\/posts\/115902\/revisions"}],"wp:featuredmedia":[{"embeddable":true,"href":"https:\/\/www.enerjigazetesi.ist\/en\/wp-json\/wp\/v2\/media\/115905"}],"wp:attachment":[{"href":"https:\/\/www.enerjigazetesi.ist\/en\/wp-json\/wp\/v2\/media?parent=115902"}],"wp:term":[{"taxonomy":"category","embeddable":true,"href":"https:\/\/www.enerjigazetesi.ist\/en\/wp-json\/wp\/v2\/categories?post=115902"},{"taxonomy":"post_tag","embeddable":true,"href":"https:\/\/www.enerjigazetesi.ist\/en\/wp-json\/wp\/v2\/tags?post=115902"}],"curies":[{"name":"wp","href":"https:\/\/api.w.org\/{rel}","templated":true}]}}